{"id":1262,"date":"2021-06-13T14:17:39","date_gmt":"2021-06-13T12:17:39","guid":{"rendered":"http:\/\/karitaszkp.hu\/?p=1262"},"modified":"2021-06-13T14:17:40","modified_gmt":"2021-06-13T12:17:40","slug":"125-karitasz-egyperces","status":"publish","type":"post","link":"https:\/\/karitaszkozpont.hu\/?p=1262","title":{"rendered":"125. Karit\u00e1sz Egyperces"},"content":{"rendered":"\n<p class=\"has-white-color has-vivid-red-background-color has-text-color has-background has-large-font-size\"><strong>125. J\u00e9zus Sz\u00edve kegyelem olt\u00e1ra<\/strong><\/p>\n\n\n\n<p><em>\u201eA vid\u00e1m sz\u00edv der\u0171ss\u00e9 teszi az arcot is, a sz\u00edv b\u00e1nata meg\u00f6l minden \u00e9letkedvet.\u201d (P\u00e9ld 15,13<\/em><em>)<\/em><\/p>\n\n\n\n<p>Kedves Karit\u00e1sz \u00d6nk\u00e9ntesek, Munkat\u00e1rsak, Testv\u00e9rek az \u00darban!<\/p>\n\n\n\n<p>P\u00e9nteken, J\u00e9zus Szent Sz\u00edve f\u0151\u00fcnnep\u00e9n arr\u00f3l k\u00e9rdezett 9 \u00e9ves Bern\u00e1t kisfiam, hogy mi\u00e9rt fontos a sz\u00edv. A Magyar Katolikus R\u00e1di\u00f3 a V\u00e1rosmajori J\u00e9zus Sz\u00edve pl\u00e9b\u00e1ni\u00e1r\u00f3l k\u00f6zvet\u00edtette a szentmis\u00e9t, \u00e9ppen a templomb\u00facs\u00fa napj\u00e1n, azt hallgattuk a reggeli dug\u00f3ban, iskol\u00e1ba menet. Nem az \u00e9rdekelte, hogy biol\u00f3giailag mit jelent az \u00e9letfontoss\u00e1g\u00fa szerv, t\u00f6bbre gondolt, hiszen sok J\u00e9zus Sz\u00edves szobrot, k\u00e9pett l\u00e1ttunk m\u00e1r. A P\u00e1los Rend egy\u00fctt is \u00e1br\u00e1zolja J\u00e9zus \u00e9s M\u00e1ria sz\u00edv\u00e9t \u00f6sszefon\u00f3dva t\u00f6viskoszor\u00faval.<\/p>\n\n\n\n<p>A sz\u00edv egyike azon \u0151sszavaknak, melyek szinte minden kult\u00far\u00e1ban szimboliz\u00e1lja, mint a b\u00f6lcsess\u00e9g, akarat, cselekv\u00e9s, lelkiismeret forr\u00e1s\u00e1t. Teh\u00e1t, teljes val\u00f3nk, testi \u00e9s lelki, az \u00e9rtelemi \u00e9s \u00e9rzelemi \u00e9let\u00fcnk meghat\u00e1roz\u00f3ja evil\u00e1gban, a t\u00falvil\u00e1g ir\u00e1ny\u00e1ba mutatva. Sz\u00edv\u00fcnk az im\u00e1ds\u00e1g helye, a m\u00e1sik emberhez \u00e9s Istenhez val\u00f3 viszonyunk kiindul\u00f3 alapja. Az \u00dar J\u00e9zus ez\u00e9rt is besz\u00e9lt t\u00f6bbsz\u00f6r a sz\u00edvr\u0151l \u00e9s ez\u00e9rt is indult el a Szent Sz\u00edv tisztelete, mely ebben az \u00fcnnepben, a templom titulusokban \u00e9s a lit\u00e1ni\u00e1ban is megnyilv\u00e1nul.<\/p>\n\n\n\n<p>Az ember tud sz\u00edvb\u0151l szeretni \u00e9s gy\u0171l\u00f6lni, tud sz\u00edv\u00e9lyes \u00e9s sz\u00edvtelen lenni, sz\u00edvesen tenni valamit, \u00e1ldozatot hozni. Az emmauszi tan\u00edtv\u00e1nyok sz\u00edve is l\u00e1ngolt, amikor a mell\u00e9j\u00fck szeg\u0151d\u00f6tt idegen besz\u00e9lt nekik \u00e9s kifejtette az \u00cdr\u00e1sokat, melyben \u00e9ppen \u00f6nmag\u00e1r\u00f3l besz\u00e9lt. J\u00e9zus maga volt az az idegen, akit a keny\u00e9rt\u00f6r\u00e9sben ismertek fel. (v\u00f6. Lk 24).&nbsp;De J\u00e9zus figyelmeztet is, hogy&nbsp;<em>\u201ebel\u00fclr\u0151l, az emberek sz\u00edv\u00e9b\u0151l erednek a gonosz gondolatok, h\u00e1zass\u00e1gt\u00f6r\u00e9sek, lop\u00e1sok, gyilkoss\u00e1gok\u201d (Mk 7,21).<\/em><\/p>\n\n\n\n<p>A gyermeki l\u00e9lek k\u00f6nnyebben fogadja el \u00e9s \u00e9rez r\u00e1 a l\u00e1thatatlan, b\u00e1r l\u00e9tez\u0151 vil\u00e1g titkaira, azonosul vel\u00fck \u00e9s k\u00f6veti az Isten kinyilatkozat\u00e1s\u00e1ra \u00e9p\u00fcl\u0151 tan\u00edt\u00e1st. K\u00f6nnyebben engedelmes az \u00darnak \u00e9s az \u0150 Egyh\u00e1z\u00e1nak. J\u00e9zus azt akarja, hogy mi is legy\u00fcnk gyermekek, Isten gyermekei, b\u00edzzunk benne, higyj\u00fcnk neki, k\u00f6vess\u00fck \u0150t. \u0150 megad mindent nek\u00fcnk, hogy kitartsunk mellette, hogy h\u0171s\u00e9gesek maradjunk hozz\u00e1 \u00e9s tan\u00edt\u00e1s\u00e1hoz \u00e9s hogy j\u00f3v\u00e9gre vigy\u00fck mindazt, amit \u0150 megkezdett benn\u00fcnk, a v\u00e1gyat a sz\u00e9pre, a j\u00f3ra beteljes\u00edti.<\/p>\n\n\n\n<p>Aki v\u00e1llalja a karit\u00e1sz munk\u00e1t, az a Szentl\u00e9lekt\u0151l val\u00f3 ind\u00edt\u00e1sra tette, aki az aj\u00e1nd\u00e9kaival elt\u00f6lt minket, hogy beteljes\u00edts\u00fck a k\u00fcldet\u00e9s\u00fcnket. A b\u00f6lcsess\u00e9g, \u00e9rtelem, tudom\u00e1ny, lelkier\u0151, j\u00f3tan\u00e1cs, j\u00e1mbors\u00e1g, \u00farf\u00e9lelem aj\u00e1nd\u00e9k\u00e1t befogadva k\u00e9pesek vagyunk mindezekre, melyekre viszont ezek n\u00e9lk\u00fcl, csak a mi emberi k\u00e9pess\u00e9geinkre, akaratunkra hagyatkozva biztosan nem lenn\u00e9nk k\u00e9pesek.<\/p>\n\n\n\n<p>\u00c9ppen ez\u00e9rt k\u00e9rj\u00fck, hogy J\u00e9zus Sz\u00edve legyen a mi sz\u00edv\u00fcnk kir\u00e1lya \u00e9s k\u00f6z\u00e9ppontja, hogy t\u00e9nylegesen tegye teljesse mindazt a j\u00f3t, amit megkezdett benn\u00fcnk!<\/p>\n\n\n\n<p>Hirdet\u00e9sek:<\/p>\n\n\n\n<p>\u00b7&nbsp;&nbsp;&nbsp;&nbsp;&nbsp;&nbsp;&nbsp;&nbsp;&nbsp;A k\u00f6vetkez\u0151 karit\u00e1sz m\u0171sorunk a M\u00e1ria R\u00e1di\u00f3ban j\u00fanius 23-\u00e1n 10.50 \u00f3rakor kezd\u0151dik.<\/p>\n\n\n\n<p>\u00b7&nbsp;&nbsp;&nbsp;&nbsp;&nbsp;&nbsp;&nbsp;&nbsp;&nbsp;Kor\u00e1bbi m\u0171soraink itt hallgathat\u00f3k meg:&nbsp;<a href=\"https:\/\/www.mariaradio.hu\/musor\/4814\/Tevekeny_Szeretet\" target=\"_blank\" rel=\"noreferrer noopener\">https:\/\/www.mariaradio.hu\/musor\/4814\/Tevekeny_Szeretet<\/a><\/p>\n\n\n\n<p>\u00b7&nbsp;&nbsp;&nbsp;&nbsp;&nbsp;&nbsp;&nbsp;&nbsp;&nbsp;Felh\u00edvom mindenki figyelm\u00e9t, hogy a facebook- \u00e9s weboldalunkon folyamatosan friss\u00fclnek a h\u00edreink.&nbsp;<a href=\"http:\/\/www.karitaszkp.hu\/\" target=\"_blank\" rel=\"noreferrer noopener\">www.karitaszkp.hu<\/a>&nbsp;,&nbsp;<a href=\"https:\/\/www.facebook.com\/szenterzsebetkaritaszkozpont\" target=\"_blank\" rel=\"noreferrer noopener\">Esztergom-Budapesti F\u0151egyh\u00e1zmegye Szent Erzs\u00e9bet Karit\u00e1sz K\u00f6zpont | Facebook<\/a><\/p>\n\n\n\n<p>\u00b7&nbsp;&nbsp;&nbsp;&nbsp;&nbsp;&nbsp;&nbsp;&nbsp;&nbsp;A Szent Erzs\u00e9bet Karit\u00e1sz K\u00f6zpont k\u00e9r\u00e9s\u00e9re f\u0151tisztelend\u0151 Feldhoffer Antal pl\u00e9b\u00e1nos atya minden els\u0151 h\u00e9tf\u0151n 15.30-kor karit\u00e1sz szentmis\u00e9t mutat be a 1035 Budapest, III. ker. K\u00f3rh\u00e1z u. 37. sz\u00e1m alatti Szent J\u00f3zsef templomban. Misesz\u00e1nd\u00e9k: \u00e9l\u0151 \u00e9s elhunyt karit\u00e1szosok\u00e9rt. A k\u00f6vetkez\u0151 alkalom j\u00falius 5-\u00e9n lesz.<\/p>\n\n\n\n<p>Csorba G\u00e1bor<\/p>\n\n\n\n<p>\u00e1lland\u00f3 diak\u00f3nus, karit\u00e1sz igazgat\u00f3<\/p>\n\n\n\n<p>Esztergom-Budapesti F\u0151egyh\u00e1zmegye<\/p>\n\n\n\n<p>Szent Erzs\u00e9bet Karit\u00e1sz K\u00f6zpont<\/p>\n\n\n\n<p class=\"has-background\" style=\"background-color:#cacaca\">Iroda:&nbsp;<a href=\"https:\/\/www.google.com\/maps\/search\/1035+Budapest,+K%C3%B3rh%C3%A1z+utca+37?entry=gmail&amp;source=g\">1035 Budapest, K\u00f3rh\u00e1z utca 37<\/a>.<\/p>\n\n\n\n<p class=\"has-background\" style=\"background-color:#cacaca\">Telefon: +36-1-351-1977<\/p>\n\n\n\n<p class=\"has-background\" style=\"background-color:#cacaca\">Mobil: +36-30-592-1483<\/p>\n\n\n\n<p class=\"has-background\" style=\"background-color:#cacaca\">E-mail:&nbsp;<a href=\"mailto:szenterzsebet@karitaszkozpont.hu\" target=\"_blank\" rel=\"noreferrer noopener\">szenterzsebet@karitaszkozpont.hu<\/a><\/p>\n\n\n\n<p class=\"has-background\" style=\"background-color:#cacaca\">Honlap:&nbsp;<a href=\"http:\/\/www.karitaszkp.hu\/\" target=\"_blank\" rel=\"noreferrer noopener\">www.karitaszkp.hu<\/a><\/p>\n\n\n\n<p class=\"has-background\" style=\"background-color:#cacaca\">A kor\u00e1bbi egypercesek itt \u00e9rhet\u0151k el:&nbsp;<a href=\"https:\/\/karitaszegypercesek.blogspot.com\/\" target=\"_blank\" rel=\"noreferrer noopener\">https:\/\/karitaszegypercesek.blogspot.com\/<\/a><\/p>\n","protected":false},"excerpt":{"rendered":"<p>125. J\u00e9zus Sz\u00edve kegyelem olt\u00e1ra \u201eA vid\u00e1m sz\u00edv der\u0171ss\u00e9 teszi az arcot is, a sz\u00edv b\u00e1nata meg\u00f6l minden \u00e9letkedvet.\u201d (P\u00e9ld 15,13) Kedves Karit\u00e1sz \u00d6nk\u00e9ntesek, Munkat\u00e1rsak, Testv\u00e9rek az \u00darban! P\u00e9nteken, J\u00e9zus Szent Sz\u00edve f\u0151\u00fcnnep\u00e9n arr\u00f3l k\u00e9rdezett 9 \u00e9ves Bern\u00e1t kisfiam, hogy mi\u00e9rt fontos a sz\u00edv. A Magyar Katolikus R\u00e1di\u00f3 a V\u00e1rosmajori J\u00e9zus Sz\u00edve pl\u00e9b\u00e1ni\u00e1r\u00f3l k\u00f6zvet\u00edtette a &hellip; <\/p>\n<p class=\"link-more\"><a href=\"https:\/\/karitaszkozpont.hu\/?p=1262\" class=\"more-link\">Continue reading<span class=\"screen-reader-text\"> &#8222;125. Karit\u00e1sz Egyperces&#8221;<\/span><\/a><\/p>\n","protected":false},"author":1,"featured_media":563,"comment_status":"open","ping_status":"open","sticky":false,"template":"","format":"standard","meta":[],"categories":[8],"tags":[],"yoast_head":"<!-- This site is optimized with the Yoast SEO plugin v20.1 - https:\/\/yoast.com\/wordpress\/plugins\/seo\/ -->\n<title>125. Karit\u00e1sz Egyperces - Szent Erzs\u00e9bet Karit\u00e1sz K\u00f6zpont<\/title>\n<meta name=\"robots\" content=\"index, follow, max-snippet:-1, max-image-preview:large, max-video-preview:-1\" \/>\n<link rel=\"canonical\" href=\"https:\/\/karitaszkozpont.hu\/?p=1262\" \/>\n<meta property=\"og:locale\" content=\"hu_HU\" \/>\n<meta property=\"og:type\" content=\"article\" \/>\n<meta property=\"og:title\" content=\"125. Karit\u00e1sz Egyperces - Szent Erzs\u00e9bet Karit\u00e1sz K\u00f6zpont\" \/>\n<meta property=\"og:description\" content=\"125. J\u00e9zus Sz\u00edve kegyelem olt\u00e1ra \u201eA vid\u00e1m sz\u00edv der\u0171ss\u00e9 teszi az arcot is, a sz\u00edv b\u00e1nata meg\u00f6l minden \u00e9letkedvet.\u201d (P\u00e9ld 15,13) Kedves Karit\u00e1sz \u00d6nk\u00e9ntesek, Munkat\u00e1rsak, Testv\u00e9rek az \u00darban! P\u00e9nteken, J\u00e9zus Szent Sz\u00edve f\u0151\u00fcnnep\u00e9n arr\u00f3l k\u00e9rdezett 9 \u00e9ves Bern\u00e1t kisfiam, hogy mi\u00e9rt fontos a sz\u00edv. A Magyar Katolikus R\u00e1di\u00f3 a V\u00e1rosmajori J\u00e9zus Sz\u00edve pl\u00e9b\u00e1ni\u00e1r\u00f3l k\u00f6zvet\u00edtette a &hellip; Continue reading &quot;125. Karit\u00e1sz Egyperces&quot;\" \/>\n<meta property=\"og:url\" content=\"https:\/\/karitaszkozpont.hu\/?p=1262\" \/>\n<meta property=\"og:site_name\" content=\"Szent Erzs\u00e9bet Karit\u00e1sz K\u00f6zpont\" \/>\n<meta property=\"article:published_time\" content=\"2021-06-13T12:17:39+00:00\" \/>\n<meta property=\"article:modified_time\" content=\"2021-06-13T12:17:40+00:00\" \/>\n<meta property=\"og:image\" content=\"https:\/\/karitaszkozpont.hu\/wp-content\/uploads\/2019\/07\/egyperceslogo.jpg\" \/>\n\t<meta property=\"og:image:width\" content=\"2300\" \/>\n\t<meta property=\"og:image:height\" content=\"1528\" \/>\n\t<meta property=\"og:image:type\" content=\"image\/jpeg\" \/>\n<meta name=\"author\" content=\"Karit\u00e1sz K\u00f6zpont\" \/>\n<meta name=\"twitter:card\" content=\"summary_large_image\" \/>\n<meta name=\"twitter:label1\" content=\"Szerz\u0151:\" \/>\n\t<meta name=\"twitter:data1\" content=\"Karit\u00e1sz K\u00f6zpont\" \/>\n\t<meta name=\"twitter:label2\" content=\"Becs\u00fclt olvas\u00e1si id\u0151\" \/>\n\t<meta name=\"twitter:data2\" content=\"3 perc\" \/>\n<script type=\"application\/ld+json\" class=\"yoast-schema-graph\">{\"@context\":\"https:\/\/schema.org\",\"@graph\":[{\"@type\":\"Article\",\"@id\":\"https:\/\/karitaszkozpont.hu\/?p=1262#article\",\"isPartOf\":{\"@id\":\"https:\/\/karitaszkozpont.hu\/?p=1262\"},\"author\":{\"name\":\"Karit\u00e1sz K\u00f6zpont\",\"@id\":\"https:\/\/karitaszkozpont.hu\/#\/schema\/person\/0d9c28244c111914ea13bb1248775e57\"},\"headline\":\"125. Karit\u00e1sz Egyperces\",\"datePublished\":\"2021-06-13T12:17:39+00:00\",\"dateModified\":\"2021-06-13T12:17:40+00:00\",\"mainEntityOfPage\":{\"@id\":\"https:\/\/karitaszkozpont.hu\/?p=1262\"},\"wordCount\":834,\"commentCount\":0,\"publisher\":{\"@id\":\"https:\/\/karitaszkozpont.hu\/#organization\"},\"articleSection\":[\"Egypercesek\"],\"inLanguage\":\"hu\",\"potentialAction\":[{\"@type\":\"CommentAction\",\"name\":\"Comment\",\"target\":[\"https:\/\/karitaszkozpont.hu\/?p=1262#respond\"]}]},{\"@type\":\"WebPage\",\"@id\":\"https:\/\/karitaszkozpont.hu\/?p=1262\",\"url\":\"https:\/\/karitaszkozpont.hu\/?p=1262\",\"name\":\"125. Karit\u00e1sz Egyperces - Szent Erzs\u00e9bet Karit\u00e1sz K\u00f6zpont\",\"isPartOf\":{\"@id\":\"https:\/\/karitaszkozpont.hu\/#website\"},\"datePublished\":\"2021-06-13T12:17:39+00:00\",\"dateModified\":\"2021-06-13T12:17:40+00:00\",\"breadcrumb\":{\"@id\":\"https:\/\/karitaszkozpont.hu\/?p=1262#breadcrumb\"},\"inLanguage\":\"hu\",\"potentialAction\":[{\"@type\":\"ReadAction\",\"target\":[\"https:\/\/karitaszkozpont.hu\/?p=1262\"]}]},{\"@type\":\"BreadcrumbList\",\"@id\":\"https:\/\/karitaszkozpont.hu\/?p=1262#breadcrumb\",\"itemListElement\":[{\"@type\":\"ListItem\",\"position\":1,\"name\":\"Kezd\u0151lap\",\"item\":\"https:\/\/karitaszkozpont.hu\/\"},{\"@type\":\"ListItem\",\"position\":2,\"name\":\"125. Karit\u00e1sz Egyperces\"}]},{\"@type\":\"WebSite\",\"@id\":\"https:\/\/karitaszkozpont.hu\/#website\",\"url\":\"https:\/\/karitaszkozpont.hu\/\",\"name\":\"Szent Erzs\u00e9bet Karit\u00e1sz K\u00f6zpont\",\"description\":\"Esztergom-Budapesti F\u0151egyh\u00e1zmegye\",\"publisher\":{\"@id\":\"https:\/\/karitaszkozpont.hu\/#organization\"},\"potentialAction\":[{\"@type\":\"SearchAction\",\"target\":{\"@type\":\"EntryPoint\",\"urlTemplate\":\"https:\/\/karitaszkozpont.hu\/?s={search_term_string}\"},\"query-input\":\"required name=search_term_string\"}],\"inLanguage\":\"hu\"},{\"@type\":\"Organization\",\"@id\":\"https:\/\/karitaszkozpont.hu\/#organization\",\"name\":\"Szent Erzs\u00e9bet Karit\u00e1sz K\u00f6zpont\",\"url\":\"https:\/\/karitaszkozpont.hu\/\",\"logo\":{\"@type\":\"ImageObject\",\"inLanguage\":\"hu\",\"@id\":\"https:\/\/karitaszkozpont.hu\/#\/schema\/logo\/image\/\",\"url\":\"https:\/\/karitaszkp.hu\/wp-content\/uploads\/2019\/06\/cropped-logo-arnyekos-1.png\",\"contentUrl\":\"https:\/\/karitaszkp.hu\/wp-content\/uploads\/2019\/06\/cropped-logo-arnyekos-1.png\",\"width\":240,\"height\":247,\"caption\":\"Szent Erzs\u00e9bet Karit\u00e1sz K\u00f6zpont\"},\"image\":{\"@id\":\"https:\/\/karitaszkozpont.hu\/#\/schema\/logo\/image\/\"}},{\"@type\":\"Person\",\"@id\":\"https:\/\/karitaszkozpont.hu\/#\/schema\/person\/0d9c28244c111914ea13bb1248775e57\",\"name\":\"Karit\u00e1sz K\u00f6zpont\",\"image\":{\"@type\":\"ImageObject\",\"inLanguage\":\"hu\",\"@id\":\"https:\/\/karitaszkozpont.hu\/#\/schema\/person\/image\/\",\"url\":\"https:\/\/secure.gravatar.com\/avatar\/1274acd7c62f3cac92d2b38aad20c71b?s=96&d=mm&r=g\",\"contentUrl\":\"https:\/\/secure.gravatar.com\/avatar\/1274acd7c62f3cac92d2b38aad20c71b?s=96&d=mm&r=g\",\"caption\":\"Karit\u00e1sz K\u00f6zpont\"},\"url\":\"https:\/\/karitaszkozpont.hu\/?author=1\"}]}<\/script>\n<!-- \/ Yoast SEO plugin. -->","yoast_head_json":{"title":"125. Karit\u00e1sz Egyperces - Szent Erzs\u00e9bet Karit\u00e1sz K\u00f6zpont","robots":{"index":"index","follow":"follow","max-snippet":"max-snippet:-1","max-image-preview":"max-image-preview:large","max-video-preview":"max-video-preview:-1"},"canonical":"https:\/\/karitaszkozpont.hu\/?p=1262","og_locale":"hu_HU","og_type":"article","og_title":"125. Karit\u00e1sz Egyperces - Szent Erzs\u00e9bet Karit\u00e1sz K\u00f6zpont","og_description":"125. J\u00e9zus Sz\u00edve kegyelem olt\u00e1ra \u201eA vid\u00e1m sz\u00edv der\u0171ss\u00e9 teszi az arcot is, a sz\u00edv b\u00e1nata meg\u00f6l minden \u00e9letkedvet.\u201d (P\u00e9ld 15,13) Kedves Karit\u00e1sz \u00d6nk\u00e9ntesek, Munkat\u00e1rsak, Testv\u00e9rek az \u00darban! P\u00e9nteken, J\u00e9zus Szent Sz\u00edve f\u0151\u00fcnnep\u00e9n arr\u00f3l k\u00e9rdezett 9 \u00e9ves Bern\u00e1t kisfiam, hogy mi\u00e9rt fontos a sz\u00edv. A Magyar Katolikus R\u00e1di\u00f3 a V\u00e1rosmajori J\u00e9zus Sz\u00edve pl\u00e9b\u00e1ni\u00e1r\u00f3l k\u00f6zvet\u00edtette a &hellip; Continue reading \"125. Karit\u00e1sz Egyperces\"","og_url":"https:\/\/karitaszkozpont.hu\/?p=1262","og_site_name":"Szent Erzs\u00e9bet Karit\u00e1sz K\u00f6zpont","article_published_time":"2021-06-13T12:17:39+00:00","article_modified_time":"2021-06-13T12:17:40+00:00","og_image":[{"width":2300,"height":1528,"url":"https:\/\/karitaszkozpont.hu\/wp-content\/uploads\/2019\/07\/egyperceslogo.jpg","type":"image\/jpeg"}],"author":"Karit\u00e1sz K\u00f6zpont","twitter_card":"summary_large_image","twitter_misc":{"Szerz\u0151:":"Karit\u00e1sz K\u00f6zpont","Becs\u00fclt olvas\u00e1si id\u0151":"3 perc"},"schema":{"@context":"https:\/\/schema.org","@graph":[{"@type":"Article","@id":"https:\/\/karitaszkozpont.hu\/?p=1262#article","isPartOf":{"@id":"https:\/\/karitaszkozpont.hu\/?p=1262"},"author":{"name":"Karit\u00e1sz K\u00f6zpont","@id":"https:\/\/karitaszkozpont.hu\/#\/schema\/person\/0d9c28244c111914ea13bb1248775e57"},"headline":"125. Karit\u00e1sz Egyperces","datePublished":"2021-06-13T12:17:39+00:00","dateModified":"2021-06-13T12:17:40+00:00","mainEntityOfPage":{"@id":"https:\/\/karitaszkozpont.hu\/?p=1262"},"wordCount":834,"commentCount":0,"publisher":{"@id":"https:\/\/karitaszkozpont.hu\/#organization"},"articleSection":["Egypercesek"],"inLanguage":"hu","potentialAction":[{"@type":"CommentAction","name":"Comment","target":["https:\/\/karitaszkozpont.hu\/?p=1262#respond"]}]},{"@type":"WebPage","@id":"https:\/\/karitaszkozpont.hu\/?p=1262","url":"https:\/\/karitaszkozpont.hu\/?p=1262","name":"125. Karit\u00e1sz Egyperces - Szent Erzs\u00e9bet Karit\u00e1sz K\u00f6zpont","isPartOf":{"@id":"https:\/\/karitaszkozpont.hu\/#website"},"datePublished":"2021-06-13T12:17:39+00:00","dateModified":"2021-06-13T12:17:40+00:00","breadcrumb":{"@id":"https:\/\/karitaszkozpont.hu\/?p=1262#breadcrumb"},"inLanguage":"hu","potentialAction":[{"@type":"ReadAction","target":["https:\/\/karitaszkozpont.hu\/?p=1262"]}]},{"@type":"BreadcrumbList","@id":"https:\/\/karitaszkozpont.hu\/?p=1262#breadcrumb","itemListElement":[{"@type":"ListItem","position":1,"name":"Kezd\u0151lap","item":"https:\/\/karitaszkozpont.hu\/"},{"@type":"ListItem","position":2,"name":"125. Karit\u00e1sz Egyperces"}]},{"@type":"WebSite","@id":"https:\/\/karitaszkozpont.hu\/#website","url":"https:\/\/karitaszkozpont.hu\/","name":"Szent Erzs\u00e9bet Karit\u00e1sz K\u00f6zpont","description":"Esztergom-Budapesti F\u0151egyh\u00e1zmegye","publisher":{"@id":"https:\/\/karitaszkozpont.hu\/#organization"},"potentialAction":[{"@type":"SearchAction","target":{"@type":"EntryPoint","urlTemplate":"https:\/\/karitaszkozpont.hu\/?s={search_term_string}"},"query-input":"required name=search_term_string"}],"inLanguage":"hu"},{"@type":"Organization","@id":"https:\/\/karitaszkozpont.hu\/#organization","name":"Szent Erzs\u00e9bet Karit\u00e1sz K\u00f6zpont","url":"https:\/\/karitaszkozpont.hu\/","logo":{"@type":"ImageObject","inLanguage":"hu","@id":"https:\/\/karitaszkozpont.hu\/#\/schema\/logo\/image\/","url":"https:\/\/karitaszkp.hu\/wp-content\/uploads\/2019\/06\/cropped-logo-arnyekos-1.png","contentUrl":"https:\/\/karitaszkp.hu\/wp-content\/uploads\/2019\/06\/cropped-logo-arnyekos-1.png","width":240,"height":247,"caption":"Szent Erzs\u00e9bet Karit\u00e1sz K\u00f6zpont"},"image":{"@id":"https:\/\/karitaszkozpont.hu\/#\/schema\/logo\/image\/"}},{"@type":"Person","@id":"https:\/\/karitaszkozpont.hu\/#\/schema\/person\/0d9c28244c111914ea13bb1248775e57","name":"Karit\u00e1sz K\u00f6zpont","image":{"@type":"ImageObject","inLanguage":"hu","@id":"https:\/\/karitaszkozpont.hu\/#\/schema\/person\/image\/","url":"https:\/\/secure.gravatar.com\/avatar\/1274acd7c62f3cac92d2b38aad20c71b?s=96&d=mm&r=g","contentUrl":"https:\/\/secure.gravatar.com\/avatar\/1274acd7c62f3cac92d2b38aad20c71b?s=96&d=mm&r=g","caption":"Karit\u00e1sz K\u00f6zpont"},"url":"https:\/\/karitaszkozpont.hu\/?author=1"}]}},"_links":{"self":[{"href":"https:\/\/karitaszkozpont.hu\/index.php?rest_route=\/wp\/v2\/posts\/1262"}],"collection":[{"href":"https:\/\/karitaszkozpont.hu\/index.php?rest_route=\/wp\/v2\/posts"}],"about":[{"href":"https:\/\/karitaszkozpont.hu\/index.php?rest_route=\/wp\/v2\/types\/post"}],"author":[{"embeddable":true,"href":"https:\/\/karitaszkozpont.hu\/index.php?rest_route=\/wp\/v2\/users\/1"}],"replies":[{"embeddable":true,"href":"https:\/\/karitaszkozpont.hu\/index.php?rest_route=%2Fwp%2Fv2%2Fcomments&post=1262"}],"version-history":[{"count":1,"href":"https:\/\/karitaszkozpont.hu\/index.php?rest_route=\/wp\/v2\/posts\/1262\/revisions"}],"predecessor-version":[{"id":1263,"href":"https:\/\/karitaszkozpont.hu\/index.php?rest_route=\/wp\/v2\/posts\/1262\/revisions\/1263"}],"wp:featuredmedia":[{"embeddable":true,"href":"https:\/\/karitaszkozpont.hu\/index.php?rest_route=\/wp\/v2\/media\/563"}],"wp:attachment":[{"href":"https:\/\/karitaszkozpont.hu\/index.php?rest_route=%2Fwp%2Fv2%2Fmedia&parent=1262"}],"wp:term":[{"taxonomy":"category","embeddable":true,"href":"https:\/\/karitaszkozpont.hu\/index.php?rest_route=%2Fwp%2Fv2%2Fcategories&post=1262"},{"taxonomy":"post_tag","embeddable":true,"href":"https:\/\/karitaszkozpont.hu\/index.php?rest_route=%2Fwp%2Fv2%2Ftags&post=1262"}],"curies":[{"name":"wp","href":"https:\/\/api.w.org\/{rel}","templated":true}]}}