{"id":1254,"date":"2021-06-06T08:05:00","date_gmt":"2021-06-06T06:05:00","guid":{"rendered":"http:\/\/karitaszkp.hu\/?p=1254"},"modified":"2021-06-06T08:05:01","modified_gmt":"2021-06-06T06:05:01","slug":"124-karitasz-egyperces","status":"publish","type":"post","link":"https:\/\/karitaszkozpont.hu\/?p=1254","title":{"rendered":"124. Karit\u00e1sz Egyperces"},"content":{"rendered":"\n<p class=\"has-white-color has-vivid-red-background-color has-text-color has-background has-large-font-size\"><strong>124. \u00darnapja<\/strong><\/p>\n\n\n\n<p class=\"has-background\" style=\"background-color:#cacaca\"><em>\u201e<\/em><em>Urunk, J\u00e9zus Krisztus, te ebben a csod\u00e1latos szents\u00e9gben k\u00ednszenved\u00e9sed eml\u00e9k\u00e9t hagytad r\u00e1nk. Add, k\u00e9r\u00fcnk, tested \u00e9s v\u00e9red szent titk\u00e1t \u00fagy tiszteln\u00fcnk, hogy megv\u00e1lt\u00e1sod gy\u00fcm\u00f6lcs\u00e9t sz\u00fcntelen\u00fcl \u00e9lvezz\u00fck.<\/em><em>.\u201d (\u00darnapi kollekta k\u00f6ny\u00f6rg\u00e9s<\/em><em>)<\/em><\/p>\n\n\n\n<p>Kedves Karit\u00e1sz \u00d6nk\u00e9ntesek, Munkat\u00e1rsak, Testv\u00e9rek az \u00darban!<\/p>\n\n\n\n<p>Mai \u00e9lm\u00e9nyem: egy kedves id\u0151s h\u00edv\u00fcnkh\u00f6z mentem be ma d\u00e9lel\u0151tt a k\u00f3rh\u00e1zba. A l\u00e1ba van elt\u00f6rve, az egyh\u00f3napos k\u00f3rh\u00e1zi \u00e1pol\u00e1sb\u00f3l m\u00e9g k\u00e9t hete van h\u00e1tra. A k\u00f3rh\u00e1z port\u00e1j\u00e1n, bemutattam a v\u00e9detts\u00e9gi igazolv\u00e1nyomat \u00e9s mondtam a kapus \u00farnak l\u00e1togat\u00e1som c\u00e9lj\u00e1t. Elh\u00fazta a sz\u00e1j\u00e1t, amikor azt hallotta, hogy meg\u00e1ldoztatok egy n\u00e9nit. \u00d6szt\u00f6n\u00f6sen megk\u00e9rdeztem t\u0151le, hogy&nbsp;<em>\u201eBaj?\u201d<\/em>. Az felelte, hogy&nbsp;<em>\u201eNekem igen\u201d<\/em>. Furcs\u00e1ltam a v\u00e1lasz\u00e1t, de m\u00e1r mentem is be, nehogy akad\u00e9koskodni kezdjen.<\/p>\n\n\n\n<p>Sok esetben tapasztalok ilyen negat\u00edv reakci\u00f3t, amikor papi civilben megyek k\u00f3rh\u00e1zba, elvinni az Olt\u00e1riszents\u00e9get testv\u00e9reinkhez, akik \u00e9ppen \u0150benne, az \u00darban testv\u00e9reink \u00e9s v\u00e1gynak az \u00darra. \u00c1mb\u00e1r id\u0151nk\u00e9nt neh\u00e9zs\u00e9gek, kellemetlens\u00e9gek k\u00f6zt, de eddig m\u00e9g mindig siker\u00fclt eljuttatnom az \u00darj\u00e9zust a Szent Keny\u00e9rben a k\u00f3rh\u00e1zben lev\u0151 h\u00edveknek. \u00c9s ott bent, mindig megt\u00f6rt\u00e9nik a csoda. Ezt kifejezni szavakkal, le\u00edrni nem lehets\u00e9ges&nbsp;<em>\u201ecsak aki \u00e9rzi tudja azt, J\u00e9zust szeretni mily malaszt\u201d<\/em>&nbsp;\u2013 ahogy \u00e9nekelj\u00fck a J\u00e9zust dics\u0151\u00edt\u0151 \u00e9nek\u00fcnkben.<\/p>\n\n\n\n<p><strong>Ez\u00faton is tan\u00fas\u00e1got teszek arr\u00f3l, hogy J\u00e9zus az Olt\u00e1riszents\u00e9gben, maga az \u00e9let, az er\u0151, a b\u00e9ke, a szeretet, az \u00f6r\u00f6m, a boldogs\u00e1g. A legnehezebb percekben, a legnyomor\u00fas\u00e1gosabb helyeken.<\/strong>&nbsp;\u0150 maga j\u00f6n el hozz\u00e1nk az \u00e1doztat\u00f3 pap, diak\u00f3nus vagy m\u00e1s megb\u00edzott \u00e1ltal, elj\u00f6n az im\u00e1ds\u00e1gban, vel\u00fcnk van mindig. Legy\u00fcnk mindig \u0150benne, ahogy a szentmise egyik k\u00e1nonja mondja:&nbsp;<em>\u201ebenne \u00e9l\u00fcnk, mozgunk \u00e9s vagyunk\u201d<\/em>!<\/p>\n\n\n\n<p>\u0150t \u00fcnnepelj\u00fck \u00darnapj\u00e1n, de minden vas\u00e1rnap is \u00e9s minden szentmis\u00e9ben.&nbsp;<em>\u201eIsten egysz\u00fcl\u00f6tt Fia az \u0151 saj\u00e1t istens\u00e9g\u00e9nek r\u00e9szeseiv\u00e9 akart tenni minket. Ez\u00e9rt f\u00f6lvette term\u00e9szet\u00fcnket, emberr\u00e9 lett, hogy az emberek az isteni term\u00e9szet r\u00e9szeseiv\u00e9 legyenek. Ezenfel\u00fcl pedig amit term\u00e9szet\u00fcnkb\u0151l f\u00f6lvett, azt eg\u00e9szen odaadta \u00e1ldozatul a mi \u00fcdv\u00f6ss\u00e9g\u00fcnk\u00e9rt. A kereszt olt\u00e1r\u00e1n ugyanis fel\u00e1ldozta test\u00e9t az Aty\u00e1nak kiengesztel\u00e9s\u00fcnk\u00e9rt; v\u00e9r\u00e9t ontotta megv\u00e1lt\u00e1sunk \u00e1rak\u00e9nt \u00e9s lelki \u00fajj\u00e1sz\u00fclet\u00e9s\u00fcnk f\u00fcrd\u0151j\u00e9nek megalap\u00edt\u00e1s\u00e1ra, hogy kiszabad\u00edtson a gy\u00e1szos szolgas\u00e1gb\u00f3l, \u00e9s lemossa minden b\u0171n\u00fcnket.&nbsp;<strong>Hogy pedig ennek a nagy, aj\u00e1nd\u00e9koz\u00f3, \u00f6r\u00f6k szeretet\u00e9nek eml\u00e9ke vel\u00fcnk maradjon, test\u00e9t eledel\u00fcl \u00e9s v\u00e9r\u00e9t italul hagyta r\u00e1nk, hogy azt a h\u00edvek magukhoz vegy\u00e9k a keny\u00e9r \u00e9s a bor sz\u00edne alatt.<\/strong>\u201d(Aquin\u00f3i Szent Tam\u00e1s)<\/em><\/p>\n\n\n\n<p>A k\u00f3rh\u00e1zi beteg\u00e1gy egy pillanat alatt szent\u00e9lly\u00e9 v\u00e1lt, olt\u00e1rr\u00e1. J\u00e9zus szem\u00e9lyes jelenl\u00e9te tette azz\u00e1. \u00d6r\u00f6m, boldogs\u00e1g, b\u00e9ke \u00e1radt sz\u00e9t a k\u00f3rteremben, Teri n\u00e9ni sz\u00edv\u00e9be is. Nagy \u00f6r\u00f6mmel j\u00f6ttem el t\u0151le, lelkesen \u2013 ez is karit\u00e1sz feladat volt, a hit \u00e9s a szeretet cselekedete. H\u00e1l\u00e1s vagyok \u00e9rte Istenemnek.<\/p>\n\n\n\n<p>Kifele menet megk\u00f6sz\u00f6ntem a mogorva port\u00e1snak, hogy beengedett \u00e9s megjegyeztem, hogy&nbsp;<em>\u201eegyszer majd mag\u00e1t is megmentheti\u201d<\/em>. Csak n\u00e9zett, majd visszasz\u00f3lt:&nbsp;<em>\u201eIgen? \u00c9s hol volt f\u00e9l \u00e9vvel ezel\u0151tt?\u201d&nbsp;<\/em>\u2013 nyilv\u00e1n nem tudtam, hogy mire gondol, azt v\u00e1laszoltam:&nbsp;<em>\u201e\u00d6nnel volt akkor is, gondolkozzon el ezen!\u201d<\/em>&nbsp;Azut\u00e1n kimentem, elj\u00f6ttem.<\/p>\n\n\n\n<p>Az \u00dar dolgozik minden l\u00e9kelben. Mi pedig legy\u00fcnk eszk\u00f6zei a Szeretet ki\u00e1rad\u00e1s\u00e1nak!&nbsp;<em>\u201e\u00c9n vagyok a mennyb\u0151l al\u00e1sz\u00e1llott \u00e9l\u0151 keny\u00e9r. Aki e keny\u00e9rb\u0151l eszik, \u00f6r\u00f6kk\u00e9 \u00e9l.&nbsp;Ez a mennyb\u0151l al\u00e1sz\u00e1llott keny\u00e9r, aki ebb\u0151l eszik, nem hal meg.\u201d(Jn 6, 41, 50)<\/em><\/p>\n\n\n\n<p>Hirdet\u00e9sek:<\/p>\n\n\n\n<p>\u00b7&nbsp;&nbsp;&nbsp;&nbsp;&nbsp;&nbsp;&nbsp;&nbsp;&nbsp;A k\u00f6vetkez\u0151 karit\u00e1sz m\u0171sorunk a M\u00e1ria R\u00e1di\u00f3ban j\u00fanius 9-\u00e9n 10.50 \u00f3rakor kezd\u0151dik.<\/p>\n\n\n\n<p>\u00b7&nbsp;&nbsp;&nbsp;&nbsp;&nbsp;&nbsp;&nbsp;&nbsp;&nbsp;Kor\u00e1bbi m\u0171soraink itt hallgathat\u00f3k meg:&nbsp;<a href=\"https:\/\/www.mariaradio.hu\/musor\/4814\/Tevekeny_Szeretet\" target=\"_blank\" rel=\"noreferrer noopener\">https:\/\/www.mariaradio.hu\/musor\/4814\/Tevekeny_Szeretet<\/a><\/p>\n\n\n\n<p>\u00b7&nbsp;&nbsp;&nbsp;&nbsp;&nbsp;&nbsp;&nbsp;&nbsp;&nbsp;Felh\u00edvom mindenki figyelm\u00e9t, hogy a facebook- \u00e9s weboldalunkon folyamatosan friss\u00fclnek a h\u00edreink.&nbsp;<a href=\"http:\/\/www.karitaszkp.hu\/\" target=\"_blank\" rel=\"noreferrer noopener\">www.karitaszkp.hu<\/a>&nbsp;,&nbsp;<a href=\"https:\/\/www.facebook.com\/szenterzsebetkaritaszkozpont\" target=\"_blank\" rel=\"noreferrer noopener\">Esztergom-Budapesti F\u0151egyh\u00e1zmegye Szent Erzs\u00e9bet Karit\u00e1sz K\u00f6zpont | Facebook<\/a><\/p>\n\n\n\n<p>\u00b7&nbsp;&nbsp;&nbsp;&nbsp;&nbsp;&nbsp;&nbsp;&nbsp;&nbsp;A Szent Erzs\u00e9bet Karit\u00e1sz K\u00f6zpont k\u00e9r\u00e9s\u00e9re f\u0151tisztelend\u0151 Feldhoffer Antal pl\u00e9b\u00e1nos atya minden els\u0151 h\u00e9tf\u0151n 15.30-kor karit\u00e1sz szentmis\u00e9t mutat be a 1035 Budapest, III. ker. K\u00f3rh\u00e1z u. 37. sz\u00e1m alatti Szent J\u00f3zsef templomban. Misesz\u00e1nd\u00e9k: \u00e9l\u0151 \u00e9s elhunyt karit\u00e1szosok\u00e9rt. A k\u00f6vetkez\u0151 alkalom j\u00fanius 7-\u00e9n lesz.<\/p>\n\n\n\n<p>\u00b7&nbsp;&nbsp;&nbsp;&nbsp;&nbsp;&nbsp;&nbsp;&nbsp;&nbsp;A j\u00fanius 7-i szentmise ut\u00e1n Mihalovics Zsigmondr\u00f3l, a Szent Erzs\u00e9bet Karit\u00e1sz K\u00f6zpont els\u0151 igazgat\u00f3j\u00e1r\u00f3l eml\u00e9kez\u00fcnk meg a 90 \u00e9ves alap\u00edt\u00e1s kapcs\u00e1n. Helysz\u00edn: 1035 Budapest, K\u00f3rh\u00e1z u. 37. Terveink szerint, ut\u00f3lag is meg lehet hallgatni Csorba G\u00e1bor megeml\u00e9kez\u00e9s\u00e9t.<\/p>\n\n\n\n<p>Csorba G\u00e1bor<\/p>\n\n\n\n<p>\u00e1lland\u00f3 diak\u00f3nus, karit\u00e1sz igazgat\u00f3<\/p>\n\n\n\n<p>Esztergom-Budapesti F\u0151egyh\u00e1zmegye<\/p>\n\n\n\n<p>Szent Erzs\u00e9bet Karit\u00e1sz K\u00f6zpont<\/p>\n\n\n\n<p class=\"has-background\" style=\"background-color:#cacaca\">Iroda:&nbsp;<a href=\"https:\/\/www.google.com\/maps\/search\/1035+Budapest,+K%C3%B3rh%C3%A1z+utca+37?entry=gmail&amp;source=g\">1035 Budapest, K\u00f3rh\u00e1z utca 37<\/a>.<\/p>\n\n\n\n<p class=\"has-background\" style=\"background-color:#cacaca\">Telefon: +36-1-351-1977<\/p>\n\n\n\n<p class=\"has-background\" style=\"background-color:#cacaca\">Mobil: +36-30-592-1483<\/p>\n\n\n\n<p class=\"has-background\" style=\"background-color:#cacaca\">E-mail:&nbsp;<a href=\"mailto:szenterzsebet@karitaszkozpont.hu\" target=\"_blank\" rel=\"noreferrer noopener\">szenterzsebet@karitaszkozpont.hu<\/a><\/p>\n\n\n\n<p class=\"has-background\" style=\"background-color:#cacaca\">Honlap:&nbsp;<a href=\"http:\/\/www.karitaszkp.hu\/\" target=\"_blank\" rel=\"noreferrer noopener\">www.karitaszkp.hu<\/a><\/p>\n\n\n\n<p class=\"has-background\" style=\"background-color:#cacaca\">A kor\u00e1bbi egypercesek itt \u00e9rhet\u0151k el:&nbsp;<a href=\"https:\/\/karitaszegypercesek.blogspot.com\/\" target=\"_blank\" rel=\"noreferrer noopener\">https:\/\/karitaszegypercesek.blogspot.com\/<\/a><\/p>\n","protected":false},"excerpt":{"rendered":"<p>124. \u00darnapja \u201eUrunk, J\u00e9zus Krisztus, te ebben a csod\u00e1latos szents\u00e9gben k\u00ednszenved\u00e9sed eml\u00e9k\u00e9t hagytad r\u00e1nk. Add, k\u00e9r\u00fcnk, tested \u00e9s v\u00e9red szent titk\u00e1t \u00fagy tiszteln\u00fcnk, hogy megv\u00e1lt\u00e1sod gy\u00fcm\u00f6lcs\u00e9t sz\u00fcntelen\u00fcl \u00e9lvezz\u00fck..\u201d (\u00darnapi kollekta k\u00f6ny\u00f6rg\u00e9s) Kedves Karit\u00e1sz \u00d6nk\u00e9ntesek, Munkat\u00e1rsak, Testv\u00e9rek az \u00darban! Mai \u00e9lm\u00e9nyem: egy kedves id\u0151s h\u00edv\u00fcnkh\u00f6z mentem be ma d\u00e9lel\u0151tt a k\u00f3rh\u00e1zba. A l\u00e1ba van elt\u00f6rve, az &hellip; <\/p>\n<p class=\"link-more\"><a href=\"https:\/\/karitaszkozpont.hu\/?p=1254\" class=\"more-link\">Continue reading<span class=\"screen-reader-text\"> &#8222;124. Karit\u00e1sz Egyperces&#8221;<\/span><\/a><\/p>\n","protected":false},"author":1,"featured_media":563,"comment_status":"open","ping_status":"open","sticky":false,"template":"","format":"standard","meta":[],"categories":[8],"tags":[],"yoast_head":"<!-- This site is optimized with the Yoast SEO plugin v20.1 - https:\/\/yoast.com\/wordpress\/plugins\/seo\/ -->\n<title>124. Karit\u00e1sz Egyperces - Szent Erzs\u00e9bet Karit\u00e1sz K\u00f6zpont<\/title>\n<meta name=\"robots\" content=\"index, follow, max-snippet:-1, max-image-preview:large, max-video-preview:-1\" \/>\n<link rel=\"canonical\" href=\"https:\/\/karitaszkozpont.hu\/?p=1254\" \/>\n<meta property=\"og:locale\" content=\"hu_HU\" \/>\n<meta property=\"og:type\" content=\"article\" \/>\n<meta property=\"og:title\" content=\"124. Karit\u00e1sz Egyperces - Szent Erzs\u00e9bet Karit\u00e1sz K\u00f6zpont\" \/>\n<meta property=\"og:description\" content=\"124. \u00darnapja \u201eUrunk, J\u00e9zus Krisztus, te ebben a csod\u00e1latos szents\u00e9gben k\u00ednszenved\u00e9sed eml\u00e9k\u00e9t hagytad r\u00e1nk. Add, k\u00e9r\u00fcnk, tested \u00e9s v\u00e9red szent titk\u00e1t \u00fagy tiszteln\u00fcnk, hogy megv\u00e1lt\u00e1sod gy\u00fcm\u00f6lcs\u00e9t sz\u00fcntelen\u00fcl \u00e9lvezz\u00fck..\u201d (\u00darnapi kollekta k\u00f6ny\u00f6rg\u00e9s) Kedves Karit\u00e1sz \u00d6nk\u00e9ntesek, Munkat\u00e1rsak, Testv\u00e9rek az \u00darban! Mai \u00e9lm\u00e9nyem: egy kedves id\u0151s h\u00edv\u00fcnkh\u00f6z mentem be ma d\u00e9lel\u0151tt a k\u00f3rh\u00e1zba. A l\u00e1ba van elt\u00f6rve, az &hellip; Continue reading &quot;124. Karit\u00e1sz Egyperces&quot;\" \/>\n<meta property=\"og:url\" content=\"https:\/\/karitaszkozpont.hu\/?p=1254\" \/>\n<meta property=\"og:site_name\" content=\"Szent Erzs\u00e9bet Karit\u00e1sz K\u00f6zpont\" \/>\n<meta property=\"article:published_time\" content=\"2021-06-06T06:05:00+00:00\" \/>\n<meta property=\"article:modified_time\" content=\"2021-06-06T06:05:01+00:00\" \/>\n<meta property=\"og:image\" content=\"https:\/\/karitaszkozpont.hu\/wp-content\/uploads\/2019\/07\/egyperceslogo.jpg\" \/>\n\t<meta property=\"og:image:width\" content=\"2300\" \/>\n\t<meta property=\"og:image:height\" content=\"1528\" \/>\n\t<meta property=\"og:image:type\" content=\"image\/jpeg\" \/>\n<meta name=\"author\" content=\"Karit\u00e1sz K\u00f6zpont\" \/>\n<meta name=\"twitter:card\" content=\"summary_large_image\" \/>\n<meta name=\"twitter:label1\" content=\"Szerz\u0151:\" \/>\n\t<meta name=\"twitter:data1\" content=\"Karit\u00e1sz K\u00f6zpont\" \/>\n\t<meta name=\"twitter:label2\" content=\"Becs\u00fclt olvas\u00e1si id\u0151\" \/>\n\t<meta name=\"twitter:data2\" content=\"3 perc\" \/>\n<script type=\"application\/ld+json\" class=\"yoast-schema-graph\">{\"@context\":\"https:\/\/schema.org\",\"@graph\":[{\"@type\":\"Article\",\"@id\":\"https:\/\/karitaszkozpont.hu\/?p=1254#article\",\"isPartOf\":{\"@id\":\"https:\/\/karitaszkozpont.hu\/?p=1254\"},\"author\":{\"name\":\"Karit\u00e1sz K\u00f6zpont\",\"@id\":\"https:\/\/karitaszkozpont.hu\/#\/schema\/person\/0d9c28244c111914ea13bb1248775e57\"},\"headline\":\"124. Karit\u00e1sz Egyperces\",\"datePublished\":\"2021-06-06T06:05:00+00:00\",\"dateModified\":\"2021-06-06T06:05:01+00:00\",\"mainEntityOfPage\":{\"@id\":\"https:\/\/karitaszkozpont.hu\/?p=1254\"},\"wordCount\":1041,\"commentCount\":0,\"publisher\":{\"@id\":\"https:\/\/karitaszkozpont.hu\/#organization\"},\"articleSection\":[\"Egypercesek\"],\"inLanguage\":\"hu\",\"potentialAction\":[{\"@type\":\"CommentAction\",\"name\":\"Comment\",\"target\":[\"https:\/\/karitaszkozpont.hu\/?p=1254#respond\"]}]},{\"@type\":\"WebPage\",\"@id\":\"https:\/\/karitaszkozpont.hu\/?p=1254\",\"url\":\"https:\/\/karitaszkozpont.hu\/?p=1254\",\"name\":\"124. Karit\u00e1sz Egyperces - Szent Erzs\u00e9bet Karit\u00e1sz K\u00f6zpont\",\"isPartOf\":{\"@id\":\"https:\/\/karitaszkozpont.hu\/#website\"},\"datePublished\":\"2021-06-06T06:05:00+00:00\",\"dateModified\":\"2021-06-06T06:05:01+00:00\",\"breadcrumb\":{\"@id\":\"https:\/\/karitaszkozpont.hu\/?p=1254#breadcrumb\"},\"inLanguage\":\"hu\",\"potentialAction\":[{\"@type\":\"ReadAction\",\"target\":[\"https:\/\/karitaszkozpont.hu\/?p=1254\"]}]},{\"@type\":\"BreadcrumbList\",\"@id\":\"https:\/\/karitaszkozpont.hu\/?p=1254#breadcrumb\",\"itemListElement\":[{\"@type\":\"ListItem\",\"position\":1,\"name\":\"Kezd\u0151lap\",\"item\":\"https:\/\/karitaszkozpont.hu\/\"},{\"@type\":\"ListItem\",\"position\":2,\"name\":\"124. Karit\u00e1sz Egyperces\"}]},{\"@type\":\"WebSite\",\"@id\":\"https:\/\/karitaszkozpont.hu\/#website\",\"url\":\"https:\/\/karitaszkozpont.hu\/\",\"name\":\"Szent Erzs\u00e9bet Karit\u00e1sz K\u00f6zpont\",\"description\":\"Esztergom-Budapesti F\u0151egyh\u00e1zmegye\",\"publisher\":{\"@id\":\"https:\/\/karitaszkozpont.hu\/#organization\"},\"potentialAction\":[{\"@type\":\"SearchAction\",\"target\":{\"@type\":\"EntryPoint\",\"urlTemplate\":\"https:\/\/karitaszkozpont.hu\/?s={search_term_string}\"},\"query-input\":\"required name=search_term_string\"}],\"inLanguage\":\"hu\"},{\"@type\":\"Organization\",\"@id\":\"https:\/\/karitaszkozpont.hu\/#organization\",\"name\":\"Szent Erzs\u00e9bet Karit\u00e1sz K\u00f6zpont\",\"url\":\"https:\/\/karitaszkozpont.hu\/\",\"logo\":{\"@type\":\"ImageObject\",\"inLanguage\":\"hu\",\"@id\":\"https:\/\/karitaszkozpont.hu\/#\/schema\/logo\/image\/\",\"url\":\"https:\/\/karitaszkp.hu\/wp-content\/uploads\/2019\/06\/cropped-logo-arnyekos-1.png\",\"contentUrl\":\"https:\/\/karitaszkp.hu\/wp-content\/uploads\/2019\/06\/cropped-logo-arnyekos-1.png\",\"width\":240,\"height\":247,\"caption\":\"Szent Erzs\u00e9bet Karit\u00e1sz K\u00f6zpont\"},\"image\":{\"@id\":\"https:\/\/karitaszkozpont.hu\/#\/schema\/logo\/image\/\"}},{\"@type\":\"Person\",\"@id\":\"https:\/\/karitaszkozpont.hu\/#\/schema\/person\/0d9c28244c111914ea13bb1248775e57\",\"name\":\"Karit\u00e1sz K\u00f6zpont\",\"image\":{\"@type\":\"ImageObject\",\"inLanguage\":\"hu\",\"@id\":\"https:\/\/karitaszkozpont.hu\/#\/schema\/person\/image\/\",\"url\":\"https:\/\/secure.gravatar.com\/avatar\/1274acd7c62f3cac92d2b38aad20c71b?s=96&d=mm&r=g\",\"contentUrl\":\"https:\/\/secure.gravatar.com\/avatar\/1274acd7c62f3cac92d2b38aad20c71b?s=96&d=mm&r=g\",\"caption\":\"Karit\u00e1sz K\u00f6zpont\"},\"url\":\"https:\/\/karitaszkozpont.hu\/?author=1\"}]}<\/script>\n<!-- \/ Yoast SEO plugin. -->","yoast_head_json":{"title":"124. Karit\u00e1sz Egyperces - Szent Erzs\u00e9bet Karit\u00e1sz K\u00f6zpont","robots":{"index":"index","follow":"follow","max-snippet":"max-snippet:-1","max-image-preview":"max-image-preview:large","max-video-preview":"max-video-preview:-1"},"canonical":"https:\/\/karitaszkozpont.hu\/?p=1254","og_locale":"hu_HU","og_type":"article","og_title":"124. Karit\u00e1sz Egyperces - Szent Erzs\u00e9bet Karit\u00e1sz K\u00f6zpont","og_description":"124. \u00darnapja \u201eUrunk, J\u00e9zus Krisztus, te ebben a csod\u00e1latos szents\u00e9gben k\u00ednszenved\u00e9sed eml\u00e9k\u00e9t hagytad r\u00e1nk. Add, k\u00e9r\u00fcnk, tested \u00e9s v\u00e9red szent titk\u00e1t \u00fagy tiszteln\u00fcnk, hogy megv\u00e1lt\u00e1sod gy\u00fcm\u00f6lcs\u00e9t sz\u00fcntelen\u00fcl \u00e9lvezz\u00fck..\u201d (\u00darnapi kollekta k\u00f6ny\u00f6rg\u00e9s) Kedves Karit\u00e1sz \u00d6nk\u00e9ntesek, Munkat\u00e1rsak, Testv\u00e9rek az \u00darban! Mai \u00e9lm\u00e9nyem: egy kedves id\u0151s h\u00edv\u00fcnkh\u00f6z mentem be ma d\u00e9lel\u0151tt a k\u00f3rh\u00e1zba. A l\u00e1ba van elt\u00f6rve, az &hellip; Continue reading \"124. Karit\u00e1sz Egyperces\"","og_url":"https:\/\/karitaszkozpont.hu\/?p=1254","og_site_name":"Szent Erzs\u00e9bet Karit\u00e1sz K\u00f6zpont","article_published_time":"2021-06-06T06:05:00+00:00","article_modified_time":"2021-06-06T06:05:01+00:00","og_image":[{"width":2300,"height":1528,"url":"https:\/\/karitaszkozpont.hu\/wp-content\/uploads\/2019\/07\/egyperceslogo.jpg","type":"image\/jpeg"}],"author":"Karit\u00e1sz K\u00f6zpont","twitter_card":"summary_large_image","twitter_misc":{"Szerz\u0151:":"Karit\u00e1sz K\u00f6zpont","Becs\u00fclt olvas\u00e1si id\u0151":"3 perc"},"schema":{"@context":"https:\/\/schema.org","@graph":[{"@type":"Article","@id":"https:\/\/karitaszkozpont.hu\/?p=1254#article","isPartOf":{"@id":"https:\/\/karitaszkozpont.hu\/?p=1254"},"author":{"name":"Karit\u00e1sz K\u00f6zpont","@id":"https:\/\/karitaszkozpont.hu\/#\/schema\/person\/0d9c28244c111914ea13bb1248775e57"},"headline":"124. Karit\u00e1sz Egyperces","datePublished":"2021-06-06T06:05:00+00:00","dateModified":"2021-06-06T06:05:01+00:00","mainEntityOfPage":{"@id":"https:\/\/karitaszkozpont.hu\/?p=1254"},"wordCount":1041,"commentCount":0,"publisher":{"@id":"https:\/\/karitaszkozpont.hu\/#organization"},"articleSection":["Egypercesek"],"inLanguage":"hu","potentialAction":[{"@type":"CommentAction","name":"Comment","target":["https:\/\/karitaszkozpont.hu\/?p=1254#respond"]}]},{"@type":"WebPage","@id":"https:\/\/karitaszkozpont.hu\/?p=1254","url":"https:\/\/karitaszkozpont.hu\/?p=1254","name":"124. Karit\u00e1sz Egyperces - Szent Erzs\u00e9bet Karit\u00e1sz K\u00f6zpont","isPartOf":{"@id":"https:\/\/karitaszkozpont.hu\/#website"},"datePublished":"2021-06-06T06:05:00+00:00","dateModified":"2021-06-06T06:05:01+00:00","breadcrumb":{"@id":"https:\/\/karitaszkozpont.hu\/?p=1254#breadcrumb"},"inLanguage":"hu","potentialAction":[{"@type":"ReadAction","target":["https:\/\/karitaszkozpont.hu\/?p=1254"]}]},{"@type":"BreadcrumbList","@id":"https:\/\/karitaszkozpont.hu\/?p=1254#breadcrumb","itemListElement":[{"@type":"ListItem","position":1,"name":"Kezd\u0151lap","item":"https:\/\/karitaszkozpont.hu\/"},{"@type":"ListItem","position":2,"name":"124. Karit\u00e1sz Egyperces"}]},{"@type":"WebSite","@id":"https:\/\/karitaszkozpont.hu\/#website","url":"https:\/\/karitaszkozpont.hu\/","name":"Szent Erzs\u00e9bet Karit\u00e1sz K\u00f6zpont","description":"Esztergom-Budapesti F\u0151egyh\u00e1zmegye","publisher":{"@id":"https:\/\/karitaszkozpont.hu\/#organization"},"potentialAction":[{"@type":"SearchAction","target":{"@type":"EntryPoint","urlTemplate":"https:\/\/karitaszkozpont.hu\/?s={search_term_string}"},"query-input":"required name=search_term_string"}],"inLanguage":"hu"},{"@type":"Organization","@id":"https:\/\/karitaszkozpont.hu\/#organization","name":"Szent Erzs\u00e9bet Karit\u00e1sz K\u00f6zpont","url":"https:\/\/karitaszkozpont.hu\/","logo":{"@type":"ImageObject","inLanguage":"hu","@id":"https:\/\/karitaszkozpont.hu\/#\/schema\/logo\/image\/","url":"https:\/\/karitaszkp.hu\/wp-content\/uploads\/2019\/06\/cropped-logo-arnyekos-1.png","contentUrl":"https:\/\/karitaszkp.hu\/wp-content\/uploads\/2019\/06\/cropped-logo-arnyekos-1.png","width":240,"height":247,"caption":"Szent Erzs\u00e9bet Karit\u00e1sz K\u00f6zpont"},"image":{"@id":"https:\/\/karitaszkozpont.hu\/#\/schema\/logo\/image\/"}},{"@type":"Person","@id":"https:\/\/karitaszkozpont.hu\/#\/schema\/person\/0d9c28244c111914ea13bb1248775e57","name":"Karit\u00e1sz K\u00f6zpont","image":{"@type":"ImageObject","inLanguage":"hu","@id":"https:\/\/karitaszkozpont.hu\/#\/schema\/person\/image\/","url":"https:\/\/secure.gravatar.com\/avatar\/1274acd7c62f3cac92d2b38aad20c71b?s=96&d=mm&r=g","contentUrl":"https:\/\/secure.gravatar.com\/avatar\/1274acd7c62f3cac92d2b38aad20c71b?s=96&d=mm&r=g","caption":"Karit\u00e1sz K\u00f6zpont"},"url":"https:\/\/karitaszkozpont.hu\/?author=1"}]}},"_links":{"self":[{"href":"https:\/\/karitaszkozpont.hu\/index.php?rest_route=\/wp\/v2\/posts\/1254"}],"collection":[{"href":"https:\/\/karitaszkozpont.hu\/index.php?rest_route=\/wp\/v2\/posts"}],"about":[{"href":"https:\/\/karitaszkozpont.hu\/index.php?rest_route=\/wp\/v2\/types\/post"}],"author":[{"embeddable":true,"href":"https:\/\/karitaszkozpont.hu\/index.php?rest_route=\/wp\/v2\/users\/1"}],"replies":[{"embeddable":true,"href":"https:\/\/karitaszkozpont.hu\/index.php?rest_route=%2Fwp%2Fv2%2Fcomments&post=1254"}],"version-history":[{"count":1,"href":"https:\/\/karitaszkozpont.hu\/index.php?rest_route=\/wp\/v2\/posts\/1254\/revisions"}],"predecessor-version":[{"id":1255,"href":"https:\/\/karitaszkozpont.hu\/index.php?rest_route=\/wp\/v2\/posts\/1254\/revisions\/1255"}],"wp:featuredmedia":[{"embeddable":true,"href":"https:\/\/karitaszkozpont.hu\/index.php?rest_route=\/wp\/v2\/media\/563"}],"wp:attachment":[{"href":"https:\/\/karitaszkozpont.hu\/index.php?rest_route=%2Fwp%2Fv2%2Fmedia&parent=1254"}],"wp:term":[{"taxonomy":"category","embeddable":true,"href":"https:\/\/karitaszkozpont.hu\/index.php?rest_route=%2Fwp%2Fv2%2Fcategories&post=1254"},{"taxonomy":"post_tag","embeddable":true,"href":"https:\/\/karitaszkozpont.hu\/index.php?rest_route=%2Fwp%2Fv2%2Ftags&post=1254"}],"curies":[{"name":"wp","href":"https:\/\/api.w.org\/{rel}","templated":true}]}}