{"id":1250,"date":"2021-05-29T11:12:01","date_gmt":"2021-05-29T09:12:01","guid":{"rendered":"http:\/\/karitaszkp.hu\/?p=1250"},"modified":"2021-05-29T11:12:01","modified_gmt":"2021-05-29T09:12:01","slug":"123-karitasz-egyperces","status":"publish","type":"post","link":"https:\/\/karitaszkozpont.hu\/?p=1250","title":{"rendered":"123. Karit\u00e1sz Egyperces"},"content":{"rendered":"\n<p class=\"has-white-color has-vivid-red-background-color has-text-color has-background has-large-font-size\"><strong>123. Szenth\u00e1roms\u00e1g vas\u00e1rnapj\u00e1n<\/strong><\/p>\n\n\n\n<p class=\"has-background\" style=\"background-color:#cacaca\"><em>\u201e<\/em><em>\u00c1ldott legyen az Atyaisten, \u00e9s Isten egysz\u00fcl\u00f6tt Fia, valamint a Szentl\u00e9lek, mert irgalmass\u00e1got gyakorolt vel\u00fcnk<\/em><em>.\u201d (Szenth\u00e1roms\u00e1g vas\u00e1rnapi szentmise kezd\u0151\u00e9neke<\/em><em>)<\/em><\/p>\n\n\n\n<p>Kedves Karit\u00e1sz \u00d6nk\u00e9ntesek, Munkat\u00e1rsak, Testv\u00e9rek az \u00darban!<\/p>\n\n\n\n<p>Szenth\u00e1roms\u00e1g vas\u00e1rnapja egyike a h\u00fasv\u00e9ti \u00fcnnepk\u00f6r lez\u00e1r\u00e1sa ut\u00e1ni \u00e9vk\u00f6zi id\u0151szak \u00fan. dogmatikus \u00fcnnepeinek. A dogm\u00e1k Isten titkainak egy-egy f\u00e9nyes, ragyog\u00f3 szil\u00e1nkjai, kinyilatkoztat\u00e1son alapul\u00f3, nem bizony\u00edthat\u00f3 hitt\u00e9telek, amit az Egyh\u00e1z \u00e1llap\u00edt meg. Ilyen \u00fcnnep az \u00darnapja \u00e9s a J\u00e9zus Sz\u00edve f\u0151\u00fcnnepe is. Ezen \u00fcnnepek a term\u00e9szetfeletti vil\u00e1gba emelnek minket, a liturgia, az im\u00e1ds\u00e1g, a k\u00f6z\u00f6ss\u00e9g \u00e1ltal. Olyan, mint amikor az \u00dar felvitte P\u00e9ter, Jakab \u00e9s J\u00e1nos apostolokat a T\u00e1bor-hegyre, ahol mennyei f\u00e9nybe \u00f6lt\u00f6z\u00f6tt \u00e9s megmutatta isteni dics\u0151s\u00e9g\u00e9t \u00e9s az apostolok belel\u00e1ttak a Mennyorsz\u00e1g titkaiba \u00e9s k\u00f6z\u00f6ss\u00e9g\u00e9be. Tal\u00e1lkoztak M\u00f3zessel \u00e9s Ill\u00e9ssel a szentek k\u00f6z\u00f6ss\u00e9g\u00e9ben. F\u00f6ld \u00e9s a menny \u00f6ssze\u00e9rt, \u00f6sszekapcsol\u00f3dott.<\/p>\n\n\n\n<p>Mindannyiunknak voltak olyan pillanatai, amire \u00fagy eml\u00e9ksz\u00fcnk vissza, hogy ott \u00e9s akkor nagyon boldogok voltunk. Biztosan vannak, csak keress\u00fck meg \u0151ket eml\u00e9keinkben! Egy-egy pillanat, amikor nagyon boldognak \u00e9rezt\u00fck magunkat, pl. a le\u00e1nyk\u00e9r\u00e9s&nbsp;<em>igen<\/em>-j\u00e9nek perce, az esk\u00fcv\u0151nk pillanata, gyermek\u00fcnk sz\u00fclet\u00e9se, egy-egy m\u00e9ly lelki \u00e9lm\u00e9ny, a b\u00e9rm\u00e1l\u00e1sunk szentmis\u00e9je, tal\u00e1lkoz\u00e1s, de lehet ez egy csal\u00e1di eb\u00e9d a csal\u00e1dunk k\u00f6r\u00e9ben, gyermekeink, unok\u00e1inkkal.<\/p>\n\n\n\n<p>Fontos, hogy n\u00e9ha id\u00e9zz\u00fck fel ezeket a pillanatokat, mert ezek olyanok, mnt a T\u00e1bor-hegyi jelenet, amikor a tan\u00edtv\u00e1nyok bepillant\u00e1st nyertek a Mennyorsz\u00e1gba, az \u00f6r\u00f6k \u00e9s romolhatatlan \u00f6r\u00f6mbe, boldogs\u00e1gba. Ezen \u00e9lm\u00e9nyeink beleiv\u00f3dnak, belev\u00e9s\u0151dnek lelk\u00fcnkbe \u00e9s \u00e1tseg\u00edtenek a nehezebb pillanatainkon. A T\u00e1bor-hegyi jelen\u00e9s ut\u00e1n J\u00e9zus lement a hegyr\u0151l, hogy bev\u00e9gezze k\u00fcldet\u00e9s\u00e9t \u00e9s felmenjen a m\u00e1sik hegyre a Golgot\u00e1ra a keresztj\u00e9vel, ami&nbsp; a mi megv\u00e1lt\u00e1sunk z\u00e1loga volt.<\/p>\n\n\n\n<p>Az \u00fcnnepek, ak\u00e1r csal\u00e1di, ak\u00e1r egyh\u00e1zi, ak\u00e1r nemzeti \u00fcnnepek, felemelnek \u00e9s lend\u00fcletet adnak nek\u00fcnk, hogy elv\u00e9gezz\u00fck k\u00fcldet\u00e9s\u00fcnket, hogy a h\u00e9tk\u00f6znapokban is tudjunk a hit, az igazs\u00e1g \u00e9s a szeretet \u00fatj\u00e1n j\u00e1rni, hogy tan\u00fas\u00e1got tudjunk tenni a Szeretetr\u0151l, Istenr\u0151l. Ilyenek a karit\u00e1sz k\u00f6z\u00f6ss\u00e9g\u00e9ben a lelki napok, szentmis\u00e9k, ilyen volt a szerdai&nbsp;<em>Szeretetb\u0151l szolg\u00e1lni<\/em>&nbsp;c\u00edm\u0171 karit\u00e1sz konferencia is a Nemzetk\u00f6zi Eucharisztikus Konferencia titk\u00e1rs\u00e1ga \u00e9s a Katolikus Karit\u00e1sz szervez\u00e9s\u00e9ben. Ilyenek lesznek a ny\u00e1ri \u00e9s \u0151szi tal\u00e1lkoz\u00f3ink is, amiken imm\u00e1r szabadabban, szem\u00e9lyesen vehet\u00fcnk r\u00e9szt.<\/p>\n\n\n\n<p><strong>A Szenth\u00e1roms\u00e1g titka, a szeretet titka, az \u00e9let titka \u00e9s egyben a csal\u00e1di k\u00f6z\u00f6ss\u00e9g, a kisegyh\u00e1z titka is.<\/strong>&nbsp;Az Anyaszentegyh\u00e1z legkisebb egys\u00e9ge a kereszt\u00e9ny csal\u00e1d: az Atya k\u00e9pvisel\u0151je a csal\u00e1dban az \u00e9desapa, aki az igazod\u00e1si pont, a csal\u00e1df\u0151, a p\u00e1sztor, aki ir\u00e1nyt, biztons\u00e1got ad, aki gondot visel a r\u00e1b\u00edzottakra. A csal\u00e1d lelke az \u00e9desanya, a Szentl\u00e9lek gy\u00fcm\u00f6lcseit \u00e9rleli, termi meg a csal\u00e1d sz\u00e1mra. \u0150 adja a csal\u00e1di f\u00e9szekmeleget, az \u00f6r\u00f6m\u00f6t, a kedvess\u00e9get, a szel\u00edds\u00e9get, a t\u00fcrelmet, b\u00e9kess\u00e9get, tisztas\u00e1got, j\u00f3s\u00e1got. A Fi\u00fa f\u00f6ldi m\u00e1sa a gyermek, aki szereti a sz\u00fcleit, aki engedelmes, aki k\u00e9sz \u00e1ldozatot hozni szeretetb\u0151l \u00e9s v\u00e9ghezvisz a szeretet egys\u00e9g\u00e9b\u0151l fakad\u00f3 k\u00fcldet\u00e9st.&nbsp;<strong>H\u00e1rom szem\u00e9ly egy egys\u00e9gben<\/strong>.<\/p>\n\n\n\n<p>Az Egyh\u00e1z is a Szenth\u00e1roms\u00e1g egys\u00e9g\u00e9re \u00e9p\u00fcl, ennek r\u00e9sze a karit\u00e1sz int\u00e9zm\u00e9nye is. Szeretetk\u00f6z\u00f6ss\u00e9g a tev\u00e9keny szolg\u00e1latban, mindazon lelki mun\u00edci\u00f3kkal ell\u00e1tva, amelyek Isten titkainak felfedez\u00e9s\u00e9b\u0151l, erej\u00e9b\u0151l fakadnak. Boldogok lehet\u00fcnk, hogy Isten jelenl\u00e9t\u00e9ben, a vele val\u00f3 egys\u00e9gben \u00e9s k\u00f6z\u00f6ss\u00e9gben szolg\u00e1lhatunk neki, az emberek \u00fcdv\u00f6ss\u00e9g\u00e9\u00e9rt.<\/p>\n\n\n\n<p><em>\u201eSzents\u00e9ges Aty\u00e1nk, mindenhat\u00f3, \u00f6r\u00f6k Isten: Te egysz\u00fcl\u00f6tt Fiaddal \u00e9s a Szentl\u00e9lekkel egy\u00fctt egy Isten \u00e9s egy \u00dar vagy, nem szem\u00e9ly szerint val\u00f3 egys\u00e9gben, \u2013 hanem h\u00e1rom szem\u00e9lyben \u00e9s m\u00e9gis egyetlen l\u00e9nyegben. \u00cdgy, amit isteni szavadra dics\u0151s\u00e9gedr\u0151l hittel vallunk, azt Fiadr\u00f3l is \u00e1ll\u00edtjuk, a Szentl\u00e9lekr\u0151l is hirdetj\u00fck minden k\u00fcl\u00f6nbs\u00e9gt\u00e9tel n\u00e9lk\u00fcl. Az igaz \u00e9s \u00f6r\u00f6k istens\u00e9get \u00fagy valljuk, hogy h\u00e1rom k\u00fcl\u00f6nb\u00f6z\u0151 szem\u00e9lyt im\u00e1dunk benne \u2013 egyetlen l\u00e9nyegben \u00e9s egyetlen fens\u00e9gben.\u201d (Szenth\u00e1roms\u00e1g vas\u00e1rnapi szentmise k\u00e1nonja)<\/em><\/p>\n\n\n\n<p>Hirdet\u00e9sek:<\/p>\n\n\n\n<p>\u00b7&nbsp;&nbsp;&nbsp;&nbsp;&nbsp;&nbsp;&nbsp;&nbsp;&nbsp;A k\u00f6vetkez\u0151 karit\u00e1sz m\u0171sorunk a M\u00e1ria R\u00e1di\u00f3ban j\u00fanius 9-\u00e9n 10.50 \u00f3rakor kezd\u0151dik.<\/p>\n\n\n\n<p>\u00b7&nbsp;&nbsp;&nbsp;&nbsp;&nbsp;&nbsp;&nbsp;&nbsp;&nbsp;Kor\u00e1bbi m\u0171soraink itt hallgathat\u00f3k meg:&nbsp;<a href=\"https:\/\/www.mariaradio.hu\/musor\/4814\/Tevekeny_Szeretet\" target=\"_blank\" rel=\"noreferrer noopener\">https:\/\/www.mariaradio.hu\/musor\/4814\/Tevekeny_Szeretet<\/a><\/p>\n\n\n\n<p>\u00b7&nbsp;&nbsp;&nbsp;&nbsp;&nbsp;&nbsp;&nbsp;&nbsp;&nbsp;Felh\u00edvom mindenki figyelm\u00e9t, hogy a facebook- \u00e9s weboldalunkon folyamatosan friss\u00fclnek a h\u00edreink.&nbsp;<a href=\"http:\/\/www.karitaszkp.hu\/\" target=\"_blank\" rel=\"noreferrer noopener\">www.karitaszkp.hu<\/a>&nbsp;,&nbsp;<a href=\"https:\/\/www.facebook.com\/szenterzsebetkaritaszkozpont\" target=\"_blank\" rel=\"noreferrer noopener\">Esztergom-Budapesti F\u0151egyh\u00e1zmegye Szent Erzs\u00e9bet Karit\u00e1sz K\u00f6zpont | Facebook<\/a><\/p>\n\n\n\n<p>\u00b7&nbsp;&nbsp;&nbsp;&nbsp;&nbsp;&nbsp;&nbsp;&nbsp;&nbsp;A Szent Erzs\u00e9bet Karit\u00e1sz K\u00f6zpont k\u00e9r\u00e9s\u00e9re f\u0151tisztelend\u0151 Feldhoffer Antal pl\u00e9b\u00e1nos atya minden els\u0151 h\u00e9tf\u0151n 15.30-kor karit\u00e1sz szentmis\u00e9t mutat be a 1035 Budapest, III. ker. K\u00f3rh\u00e1z u. 37. sz\u00e1m alatti Szent J\u00f3zsef templomban. Misesz\u00e1nd\u00e9k: \u00e9l\u0151 \u00e9s elhunyt karit\u00e1szosok\u00e9rt. A k\u00f6vetkez\u0151 alkalom j\u00fanius 7-\u00e9n lesz.<\/p>\n\n\n\n<p>\u00b7&nbsp;&nbsp;&nbsp;&nbsp;&nbsp;&nbsp;&nbsp;&nbsp;&nbsp;A j\u00fanius 7-i szentmise ut\u00e1n Mihalovics Zsigmondr\u00f3l, a Szent Erzs\u00e9bet Karit\u00e1sz K\u00f6zpont els\u0151 igazgat\u00f3j\u00e1r\u00f3l eml\u00e9kez\u00fcnk meg a 90 \u00e9ves alap\u00edt\u00e1s kapcs\u00e1n. Helysz\u00edn: 1035 Budapest, K\u00f3rh\u00e1z u. 37. Terveink szerint on-line m\u00f3don is meg lehet hallgatni Csorba G\u00e1bor megeml\u00e9kez\u00e9s\u00e9t.<\/p>\n\n\n\n<p>Csorba G\u00e1bor<\/p>\n\n\n\n<p>\u00e1lland\u00f3 diak\u00f3nus, karit\u00e1sz igazgat\u00f3<\/p>\n\n\n\n<p>Esztergom-Budapesti F\u0151egyh\u00e1zmegye<\/p>\n\n\n\n<p>Szent Erzs\u00e9bet Karit\u00e1sz K\u00f6zpont<\/p>\n\n\n\n<p class=\"has-background\" style=\"background-color:#cacaca\">Iroda:&nbsp;<a href=\"https:\/\/www.google.com\/maps\/search\/1035+Budapest,+K%C3%B3rh%C3%A1z+utca+37?entry=gmail&amp;source=g\">1035 Budapest, K\u00f3rh\u00e1z utca 37<\/a>.<\/p>\n\n\n\n<p class=\"has-background\" style=\"background-color:#cacaca\">Telefon: +36-1-351-1977<\/p>\n\n\n\n<p class=\"has-background\" style=\"background-color:#cacaca\">Mobil: +36-30-592-1483<\/p>\n\n\n\n<p class=\"has-background\" style=\"background-color:#cacaca\">E-mail:&nbsp;<a href=\"mailto:szenterzsebet@karitaszkozpont.hu\" target=\"_blank\" rel=\"noreferrer noopener\">szenterzsebet@karitaszkozpont.hu<\/a><\/p>\n\n\n\n<p class=\"has-background\" style=\"background-color:#cacaca\">Honlap:&nbsp;<a href=\"http:\/\/www.karitaszkp.hu\/\" target=\"_blank\" rel=\"noreferrer noopener\">www.karitaszkp.hu<\/a><\/p>\n\n\n\n<p class=\"has-background\" style=\"background-color:#cacaca\">A kor\u00e1bbi egypercesek itt \u00e9rhet\u0151k el:&nbsp;<a href=\"https:\/\/karitaszegypercesek.blogspot.com\/\" target=\"_blank\" rel=\"noreferrer noopener\">https:\/\/karitaszegypercesek.blogspot.com\/<\/a><\/p>\n","protected":false},"excerpt":{"rendered":"<p>123. Szenth\u00e1roms\u00e1g vas\u00e1rnapj\u00e1n \u201e\u00c1ldott legyen az Atyaisten, \u00e9s Isten egysz\u00fcl\u00f6tt Fia, valamint a Szentl\u00e9lek, mert irgalmass\u00e1got gyakorolt vel\u00fcnk.\u201d (Szenth\u00e1roms\u00e1g vas\u00e1rnapi szentmise kezd\u0151\u00e9neke) Kedves Karit\u00e1sz \u00d6nk\u00e9ntesek, Munkat\u00e1rsak, Testv\u00e9rek az \u00darban! Szenth\u00e1roms\u00e1g vas\u00e1rnapja egyike a h\u00fasv\u00e9ti \u00fcnnepk\u00f6r lez\u00e1r\u00e1sa ut\u00e1ni \u00e9vk\u00f6zi id\u0151szak \u00fan. dogmatikus \u00fcnnepeinek. A dogm\u00e1k Isten titkainak egy-egy f\u00e9nyes, ragyog\u00f3 szil\u00e1nkjai, kinyilatkoztat\u00e1son alapul\u00f3, nem bizony\u00edthat\u00f3 hitt\u00e9telek, &hellip; <\/p>\n<p class=\"link-more\"><a href=\"https:\/\/karitaszkozpont.hu\/?p=1250\" class=\"more-link\">Continue reading<span class=\"screen-reader-text\"> &#8222;123. Karit\u00e1sz Egyperces&#8221;<\/span><\/a><\/p>\n","protected":false},"author":1,"featured_media":563,"comment_status":"open","ping_status":"open","sticky":false,"template":"","format":"standard","meta":[],"categories":[8],"tags":[],"yoast_head":"<!-- This site is optimized with the Yoast SEO plugin v20.1 - https:\/\/yoast.com\/wordpress\/plugins\/seo\/ -->\n<title>123. Karit\u00e1sz Egyperces - Szent Erzs\u00e9bet Karit\u00e1sz K\u00f6zpont<\/title>\n<meta name=\"robots\" content=\"index, follow, max-snippet:-1, max-image-preview:large, max-video-preview:-1\" \/>\n<link rel=\"canonical\" href=\"https:\/\/karitaszkozpont.hu\/?p=1250\" \/>\n<meta property=\"og:locale\" content=\"hu_HU\" \/>\n<meta property=\"og:type\" content=\"article\" \/>\n<meta property=\"og:title\" content=\"123. Karit\u00e1sz Egyperces - Szent Erzs\u00e9bet Karit\u00e1sz K\u00f6zpont\" \/>\n<meta property=\"og:description\" content=\"123. Szenth\u00e1roms\u00e1g vas\u00e1rnapj\u00e1n \u201e\u00c1ldott legyen az Atyaisten, \u00e9s Isten egysz\u00fcl\u00f6tt Fia, valamint a Szentl\u00e9lek, mert irgalmass\u00e1got gyakorolt vel\u00fcnk.\u201d (Szenth\u00e1roms\u00e1g vas\u00e1rnapi szentmise kezd\u0151\u00e9neke) Kedves Karit\u00e1sz \u00d6nk\u00e9ntesek, Munkat\u00e1rsak, Testv\u00e9rek az \u00darban! Szenth\u00e1roms\u00e1g vas\u00e1rnapja egyike a h\u00fasv\u00e9ti \u00fcnnepk\u00f6r lez\u00e1r\u00e1sa ut\u00e1ni \u00e9vk\u00f6zi id\u0151szak \u00fan. dogmatikus \u00fcnnepeinek. A dogm\u00e1k Isten titkainak egy-egy f\u00e9nyes, ragyog\u00f3 szil\u00e1nkjai, kinyilatkoztat\u00e1son alapul\u00f3, nem bizony\u00edthat\u00f3 hitt\u00e9telek, &hellip; Continue reading &quot;123. Karit\u00e1sz Egyperces&quot;\" \/>\n<meta property=\"og:url\" content=\"https:\/\/karitaszkozpont.hu\/?p=1250\" \/>\n<meta property=\"og:site_name\" content=\"Szent Erzs\u00e9bet Karit\u00e1sz K\u00f6zpont\" \/>\n<meta property=\"article:published_time\" content=\"2021-05-29T09:12:01+00:00\" \/>\n<meta property=\"og:image\" content=\"https:\/\/karitaszkozpont.hu\/wp-content\/uploads\/2019\/07\/egyperceslogo.jpg\" \/>\n\t<meta property=\"og:image:width\" content=\"2300\" \/>\n\t<meta property=\"og:image:height\" content=\"1528\" \/>\n\t<meta property=\"og:image:type\" content=\"image\/jpeg\" \/>\n<meta name=\"author\" content=\"Karit\u00e1sz K\u00f6zpont\" \/>\n<meta name=\"twitter:card\" content=\"summary_large_image\" \/>\n<meta name=\"twitter:label1\" content=\"Szerz\u0151:\" \/>\n\t<meta name=\"twitter:data1\" content=\"Karit\u00e1sz K\u00f6zpont\" \/>\n\t<meta name=\"twitter:label2\" content=\"Becs\u00fclt olvas\u00e1si id\u0151\" \/>\n\t<meta name=\"twitter:data2\" content=\"4 perc\" \/>\n<script type=\"application\/ld+json\" class=\"yoast-schema-graph\">{\"@context\":\"https:\/\/schema.org\",\"@graph\":[{\"@type\":\"Article\",\"@id\":\"https:\/\/karitaszkozpont.hu\/?p=1250#article\",\"isPartOf\":{\"@id\":\"https:\/\/karitaszkozpont.hu\/?p=1250\"},\"author\":{\"name\":\"Karit\u00e1sz K\u00f6zpont\",\"@id\":\"https:\/\/karitaszkozpont.hu\/#\/schema\/person\/0d9c28244c111914ea13bb1248775e57\"},\"headline\":\"123. Karit\u00e1sz Egyperces\",\"datePublished\":\"2021-05-29T09:12:01+00:00\",\"dateModified\":\"2021-05-29T09:12:01+00:00\",\"mainEntityOfPage\":{\"@id\":\"https:\/\/karitaszkozpont.hu\/?p=1250\"},\"wordCount\":1157,\"commentCount\":0,\"publisher\":{\"@id\":\"https:\/\/karitaszkozpont.hu\/#organization\"},\"articleSection\":[\"Egypercesek\"],\"inLanguage\":\"hu\",\"potentialAction\":[{\"@type\":\"CommentAction\",\"name\":\"Comment\",\"target\":[\"https:\/\/karitaszkozpont.hu\/?p=1250#respond\"]}]},{\"@type\":\"WebPage\",\"@id\":\"https:\/\/karitaszkozpont.hu\/?p=1250\",\"url\":\"https:\/\/karitaszkozpont.hu\/?p=1250\",\"name\":\"123. Karit\u00e1sz Egyperces - Szent Erzs\u00e9bet Karit\u00e1sz K\u00f6zpont\",\"isPartOf\":{\"@id\":\"https:\/\/karitaszkozpont.hu\/#website\"},\"datePublished\":\"2021-05-29T09:12:01+00:00\",\"dateModified\":\"2021-05-29T09:12:01+00:00\",\"breadcrumb\":{\"@id\":\"https:\/\/karitaszkozpont.hu\/?p=1250#breadcrumb\"},\"inLanguage\":\"hu\",\"potentialAction\":[{\"@type\":\"ReadAction\",\"target\":[\"https:\/\/karitaszkozpont.hu\/?p=1250\"]}]},{\"@type\":\"BreadcrumbList\",\"@id\":\"https:\/\/karitaszkozpont.hu\/?p=1250#breadcrumb\",\"itemListElement\":[{\"@type\":\"ListItem\",\"position\":1,\"name\":\"Kezd\u0151lap\",\"item\":\"https:\/\/karitaszkozpont.hu\/\"},{\"@type\":\"ListItem\",\"position\":2,\"name\":\"123. Karit\u00e1sz Egyperces\"}]},{\"@type\":\"WebSite\",\"@id\":\"https:\/\/karitaszkozpont.hu\/#website\",\"url\":\"https:\/\/karitaszkozpont.hu\/\",\"name\":\"Szent Erzs\u00e9bet Karit\u00e1sz K\u00f6zpont\",\"description\":\"Esztergom-Budapesti F\u0151egyh\u00e1zmegye\",\"publisher\":{\"@id\":\"https:\/\/karitaszkozpont.hu\/#organization\"},\"potentialAction\":[{\"@type\":\"SearchAction\",\"target\":{\"@type\":\"EntryPoint\",\"urlTemplate\":\"https:\/\/karitaszkozpont.hu\/?s={search_term_string}\"},\"query-input\":\"required name=search_term_string\"}],\"inLanguage\":\"hu\"},{\"@type\":\"Organization\",\"@id\":\"https:\/\/karitaszkozpont.hu\/#organization\",\"name\":\"Szent Erzs\u00e9bet Karit\u00e1sz K\u00f6zpont\",\"url\":\"https:\/\/karitaszkozpont.hu\/\",\"logo\":{\"@type\":\"ImageObject\",\"inLanguage\":\"hu\",\"@id\":\"https:\/\/karitaszkozpont.hu\/#\/schema\/logo\/image\/\",\"url\":\"https:\/\/karitaszkp.hu\/wp-content\/uploads\/2019\/06\/cropped-logo-arnyekos-1.png\",\"contentUrl\":\"https:\/\/karitaszkp.hu\/wp-content\/uploads\/2019\/06\/cropped-logo-arnyekos-1.png\",\"width\":240,\"height\":247,\"caption\":\"Szent Erzs\u00e9bet Karit\u00e1sz K\u00f6zpont\"},\"image\":{\"@id\":\"https:\/\/karitaszkozpont.hu\/#\/schema\/logo\/image\/\"}},{\"@type\":\"Person\",\"@id\":\"https:\/\/karitaszkozpont.hu\/#\/schema\/person\/0d9c28244c111914ea13bb1248775e57\",\"name\":\"Karit\u00e1sz K\u00f6zpont\",\"image\":{\"@type\":\"ImageObject\",\"inLanguage\":\"hu\",\"@id\":\"https:\/\/karitaszkozpont.hu\/#\/schema\/person\/image\/\",\"url\":\"https:\/\/secure.gravatar.com\/avatar\/1274acd7c62f3cac92d2b38aad20c71b?s=96&d=mm&r=g\",\"contentUrl\":\"https:\/\/secure.gravatar.com\/avatar\/1274acd7c62f3cac92d2b38aad20c71b?s=96&d=mm&r=g\",\"caption\":\"Karit\u00e1sz K\u00f6zpont\"},\"url\":\"https:\/\/karitaszkozpont.hu\/?author=1\"}]}<\/script>\n<!-- \/ Yoast SEO plugin. -->","yoast_head_json":{"title":"123. Karit\u00e1sz Egyperces - Szent Erzs\u00e9bet Karit\u00e1sz K\u00f6zpont","robots":{"index":"index","follow":"follow","max-snippet":"max-snippet:-1","max-image-preview":"max-image-preview:large","max-video-preview":"max-video-preview:-1"},"canonical":"https:\/\/karitaszkozpont.hu\/?p=1250","og_locale":"hu_HU","og_type":"article","og_title":"123. Karit\u00e1sz Egyperces - Szent Erzs\u00e9bet Karit\u00e1sz K\u00f6zpont","og_description":"123. Szenth\u00e1roms\u00e1g vas\u00e1rnapj\u00e1n \u201e\u00c1ldott legyen az Atyaisten, \u00e9s Isten egysz\u00fcl\u00f6tt Fia, valamint a Szentl\u00e9lek, mert irgalmass\u00e1got gyakorolt vel\u00fcnk.\u201d (Szenth\u00e1roms\u00e1g vas\u00e1rnapi szentmise kezd\u0151\u00e9neke) Kedves Karit\u00e1sz \u00d6nk\u00e9ntesek, Munkat\u00e1rsak, Testv\u00e9rek az \u00darban! Szenth\u00e1roms\u00e1g vas\u00e1rnapja egyike a h\u00fasv\u00e9ti \u00fcnnepk\u00f6r lez\u00e1r\u00e1sa ut\u00e1ni \u00e9vk\u00f6zi id\u0151szak \u00fan. dogmatikus \u00fcnnepeinek. A dogm\u00e1k Isten titkainak egy-egy f\u00e9nyes, ragyog\u00f3 szil\u00e1nkjai, kinyilatkoztat\u00e1son alapul\u00f3, nem bizony\u00edthat\u00f3 hitt\u00e9telek, &hellip; Continue reading \"123. Karit\u00e1sz Egyperces\"","og_url":"https:\/\/karitaszkozpont.hu\/?p=1250","og_site_name":"Szent Erzs\u00e9bet Karit\u00e1sz K\u00f6zpont","article_published_time":"2021-05-29T09:12:01+00:00","og_image":[{"width":2300,"height":1528,"url":"https:\/\/karitaszkozpont.hu\/wp-content\/uploads\/2019\/07\/egyperceslogo.jpg","type":"image\/jpeg"}],"author":"Karit\u00e1sz K\u00f6zpont","twitter_card":"summary_large_image","twitter_misc":{"Szerz\u0151:":"Karit\u00e1sz K\u00f6zpont","Becs\u00fclt olvas\u00e1si id\u0151":"4 perc"},"schema":{"@context":"https:\/\/schema.org","@graph":[{"@type":"Article","@id":"https:\/\/karitaszkozpont.hu\/?p=1250#article","isPartOf":{"@id":"https:\/\/karitaszkozpont.hu\/?p=1250"},"author":{"name":"Karit\u00e1sz K\u00f6zpont","@id":"https:\/\/karitaszkozpont.hu\/#\/schema\/person\/0d9c28244c111914ea13bb1248775e57"},"headline":"123. Karit\u00e1sz Egyperces","datePublished":"2021-05-29T09:12:01+00:00","dateModified":"2021-05-29T09:12:01+00:00","mainEntityOfPage":{"@id":"https:\/\/karitaszkozpont.hu\/?p=1250"},"wordCount":1157,"commentCount":0,"publisher":{"@id":"https:\/\/karitaszkozpont.hu\/#organization"},"articleSection":["Egypercesek"],"inLanguage":"hu","potentialAction":[{"@type":"CommentAction","name":"Comment","target":["https:\/\/karitaszkozpont.hu\/?p=1250#respond"]}]},{"@type":"WebPage","@id":"https:\/\/karitaszkozpont.hu\/?p=1250","url":"https:\/\/karitaszkozpont.hu\/?p=1250","name":"123. Karit\u00e1sz Egyperces - Szent Erzs\u00e9bet Karit\u00e1sz K\u00f6zpont","isPartOf":{"@id":"https:\/\/karitaszkozpont.hu\/#website"},"datePublished":"2021-05-29T09:12:01+00:00","dateModified":"2021-05-29T09:12:01+00:00","breadcrumb":{"@id":"https:\/\/karitaszkozpont.hu\/?p=1250#breadcrumb"},"inLanguage":"hu","potentialAction":[{"@type":"ReadAction","target":["https:\/\/karitaszkozpont.hu\/?p=1250"]}]},{"@type":"BreadcrumbList","@id":"https:\/\/karitaszkozpont.hu\/?p=1250#breadcrumb","itemListElement":[{"@type":"ListItem","position":1,"name":"Kezd\u0151lap","item":"https:\/\/karitaszkozpont.hu\/"},{"@type":"ListItem","position":2,"name":"123. Karit\u00e1sz Egyperces"}]},{"@type":"WebSite","@id":"https:\/\/karitaszkozpont.hu\/#website","url":"https:\/\/karitaszkozpont.hu\/","name":"Szent Erzs\u00e9bet Karit\u00e1sz K\u00f6zpont","description":"Esztergom-Budapesti F\u0151egyh\u00e1zmegye","publisher":{"@id":"https:\/\/karitaszkozpont.hu\/#organization"},"potentialAction":[{"@type":"SearchAction","target":{"@type":"EntryPoint","urlTemplate":"https:\/\/karitaszkozpont.hu\/?s={search_term_string}"},"query-input":"required name=search_term_string"}],"inLanguage":"hu"},{"@type":"Organization","@id":"https:\/\/karitaszkozpont.hu\/#organization","name":"Szent Erzs\u00e9bet Karit\u00e1sz K\u00f6zpont","url":"https:\/\/karitaszkozpont.hu\/","logo":{"@type":"ImageObject","inLanguage":"hu","@id":"https:\/\/karitaszkozpont.hu\/#\/schema\/logo\/image\/","url":"https:\/\/karitaszkp.hu\/wp-content\/uploads\/2019\/06\/cropped-logo-arnyekos-1.png","contentUrl":"https:\/\/karitaszkp.hu\/wp-content\/uploads\/2019\/06\/cropped-logo-arnyekos-1.png","width":240,"height":247,"caption":"Szent Erzs\u00e9bet Karit\u00e1sz K\u00f6zpont"},"image":{"@id":"https:\/\/karitaszkozpont.hu\/#\/schema\/logo\/image\/"}},{"@type":"Person","@id":"https:\/\/karitaszkozpont.hu\/#\/schema\/person\/0d9c28244c111914ea13bb1248775e57","name":"Karit\u00e1sz K\u00f6zpont","image":{"@type":"ImageObject","inLanguage":"hu","@id":"https:\/\/karitaszkozpont.hu\/#\/schema\/person\/image\/","url":"https:\/\/secure.gravatar.com\/avatar\/1274acd7c62f3cac92d2b38aad20c71b?s=96&d=mm&r=g","contentUrl":"https:\/\/secure.gravatar.com\/avatar\/1274acd7c62f3cac92d2b38aad20c71b?s=96&d=mm&r=g","caption":"Karit\u00e1sz K\u00f6zpont"},"url":"https:\/\/karitaszkozpont.hu\/?author=1"}]}},"_links":{"self":[{"href":"https:\/\/karitaszkozpont.hu\/index.php?rest_route=\/wp\/v2\/posts\/1250"}],"collection":[{"href":"https:\/\/karitaszkozpont.hu\/index.php?rest_route=\/wp\/v2\/posts"}],"about":[{"href":"https:\/\/karitaszkozpont.hu\/index.php?rest_route=\/wp\/v2\/types\/post"}],"author":[{"embeddable":true,"href":"https:\/\/karitaszkozpont.hu\/index.php?rest_route=\/wp\/v2\/users\/1"}],"replies":[{"embeddable":true,"href":"https:\/\/karitaszkozpont.hu\/index.php?rest_route=%2Fwp%2Fv2%2Fcomments&post=1250"}],"version-history":[{"count":1,"href":"https:\/\/karitaszkozpont.hu\/index.php?rest_route=\/wp\/v2\/posts\/1250\/revisions"}],"predecessor-version":[{"id":1251,"href":"https:\/\/karitaszkozpont.hu\/index.php?rest_route=\/wp\/v2\/posts\/1250\/revisions\/1251"}],"wp:featuredmedia":[{"embeddable":true,"href":"https:\/\/karitaszkozpont.hu\/index.php?rest_route=\/wp\/v2\/media\/563"}],"wp:attachment":[{"href":"https:\/\/karitaszkozpont.hu\/index.php?rest_route=%2Fwp%2Fv2%2Fmedia&parent=1250"}],"wp:term":[{"taxonomy":"category","embeddable":true,"href":"https:\/\/karitaszkozpont.hu\/index.php?rest_route=%2Fwp%2Fv2%2Fcategories&post=1250"},{"taxonomy":"post_tag","embeddable":true,"href":"https:\/\/karitaszkozpont.hu\/index.php?rest_route=%2Fwp%2Fv2%2Ftags&post=1250"}],"curies":[{"name":"wp","href":"https:\/\/api.w.org\/{rel}","templated":true}]}}