{"id":1247,"date":"2021-05-22T14:25:24","date_gmt":"2021-05-22T12:25:24","guid":{"rendered":"http:\/\/karitaszkp.hu\/?p=1247"},"modified":"2021-05-22T14:26:37","modified_gmt":"2021-05-22T12:26:37","slug":"112-karitasz-egyperces-2","status":"publish","type":"post","link":"https:\/\/karitaszkozpont.hu\/?p=1247","title":{"rendered":"122. Karit\u00e1sz Egyperces"},"content":{"rendered":"\n<p class=\"has-white-color has-vivid-red-background-color has-text-color has-background has-large-font-size\"><strong>122. P\u00fcnk\u00f6sdi L\u00e9lek<\/strong><\/p>\n\n\n\n<p class=\"has-background\" style=\"background-color:#cacaca\"><em>\u201eA sz\u00e9l ott f\u00faj, ahol akar, hallod a z\u00fag\u00e1s\u00e1t, de nem tudod, honnan j\u00f6n \u00e9s hova megy. \u00cdgy van vele mindenki, aki a L\u00e9lekb\u0151l sz\u00fcletett.\u201d (Jn 3,8<\/em><em>)<\/em><\/p>\n\n\n\n<p>Kedves Karit\u00e1sz \u00d6nk\u00e9ntesek, Munkat\u00e1rsak, Testv\u00e9rek az \u00darban!<\/p>\n\n\n\n<p>Mindig leny\u0171g\u00f6z annak felismer\u00e9se, \u00fajragondol\u00e1sa, hogy a Szentl\u00e9lek, akinek erej\u00e9vel az Atya a vil\u00e1got teremtette, aki az embert l\u00e9tre h\u00edvta, akinek ereje J\u00e9zust a hal\u00e1lb\u00f3l felt\u00e1masztotta, ugyanaz, mint aki a mi lelk\u00fcnkben \u00e9l, aki a lelkiismeret\u00fcnk vez\u00e9re, aki \u00e9ltet (nem csak a testileg, hanem f\u0151leg lelkileg), aki az \u00f6r\u00f6k \u00e9lettel aj\u00e1nd\u00e9koz meg mindannyiunkat egyes\u00e9vel, aki megszentel, meger\u0151s\u00edt h\u00e9t aj\u00e1nd\u00e9k\u00e1val, aki bel\u00fclr\u0151l vigasztal, ha szomor\u00faak vagyunk, hittel, rem\u00e9nnyel aj\u00e1nd\u00e9koz meg, hogy szeretni tudjunk. \u0150 az, aki minket is felt\u00e1maszt majd az \u00f6r\u00f6k \u00e9letre.<\/p>\n\n\n\n<p>Ugyanaz a L\u00e9lek az, aki minket Isten k\u00e9pm\u00e1s\u00e1v\u00e1 tesz, aki minden fogantat\u00e1skor emberr\u00e9 teszi a magzatot, aki az \u00f6r\u00f6k \u00e9let \u00e9s boldogs\u00e1g akar\u00e1s\u00e1t, a bels\u0151&nbsp;<em>\u00e1men<\/em>&nbsp;kimond\u00e1s\u00e1t seg\u00edti az Isten h\u00edv\u00e1s\u00e1ra. \u0150 az, aki megsz\u00f3lal a lelkiismeret\u00fcnkben, ha rosszat gondolunk, mondunk, tesz\u00fcnk vagy rossz \u00faton j\u00e1rumk, \u0151 az, akit J\u00e9zus kilehelt a keresztf\u00e1n, akit r\u00e1lehelt az apostolokra ezekkel a szavakkal:&nbsp;<em>\u201eVegy\u00e9tek a Szentlelket! Akinek megbocs\u00e1tj\u00e1tok b\u0171neit, az bocs\u00e1natot nyer, akinek nem bocs\u00e1tj\u00e1tok meg, az b\u0171nben marad!\u201d (Jn 20,22-23)<\/em><\/p>\n\n\n\n<p>\u0150 az, aki a Krisztust\u00f3l kapott hatalmat aktiv\u00e1lja, hogy az Egyh\u00e1z felszentelt papja az \u00dar nev\u00e9ben bocs\u00e1ssa meg meggy\u00f3nt b\u0171neinket. \u0150 az, akinek erej\u00e9t az Egyh\u00e1z a szents\u00e9geiben kiny\u00edlv\u00e1n\u00edtja \u00e9s haszn\u00e1lja, aki lesz\u00e1ll a keny\u00e9rre \u00e9s borra, hogy Krisztus test\u00e9v\u00e9 \u00e9s v\u00e9r\u00e9v\u00e9 legyen a szentmis\u00e9ben, hogy magunkhoz vehess\u00fck \u00e9s benn\u00fcnk \u00e9ljen Krisztus.<\/p>\n\n\n\n<p>\u0150 az, akinek t\u00fcze minket is \u00e1tj\u00e1r, ha hagyjuk, ha meg akarjuk hallani z\u00fag\u00e1s\u00e1t \u00e9s r\u00e1hangol\u00f3dunk Isten hull\u00e1mhossz\u00e1ra. \u0150 az, aki er\u0151t \u00e9s kitart\u00e1st ad nek\u00fcnk, hogy \u00e9let\u00fcnk \u00fatj\u00e1t szents\u00e9gben \u00e9s igazs\u00e1gban, h\u0171s\u00e9gben \u00e9s szeretben \u00e9lj\u00fcnk mindhal\u00e1lig. \u0150 adja a h\u00e1zast\u00e1rsaknak, a papoknak, a megszentelt \u00e9let\u0171eknek, nek\u00fcnk karit\u00e1szosoknak, \u00e9s minden embernek a mindennapi&nbsp;<em>igen<\/em>&nbsp;kimond\u00e1s\u00e1t, a szeretet gy\u00fcm\u00f6lcseit, a lelki \u00f6r\u00f6m\u00f6t, a b\u00e9k\u00e9t, a t\u00fcrelmet, a j\u00f3s\u00e1got, a kedvess\u00e9get, szel\u00edds\u00e9get, h\u0171s\u00e9get, tisztas\u00e1got, szer\u00e9nys\u00e9get, \u00f6nuralmat \u2013 mindent, ami a boldog, tan\u00fas\u00e1gtev\u0151 \u00e9lethez, k\u00fcldet\u00e9shez sz\u00fcks\u00e9ges.<\/p>\n\n\n\n<p>Adjunk mindezek\u00e9rt, \u00e9s minden, le nem \u00edrhat\u00f3, ki nem mondhat\u00f3 kegyel\u00e9m\u00e9rt h\u00e1l\u00e1t a Mennyei Aty\u00e1nak!<\/p>\n\n\n\n<p><em>J\u00f6jj Szentl\u00e9lek, t\u00f6ltsd el h\u00edveid sz\u00edv\u00e9t \u00e9s szereteted t\u00fcz\u00e9t gyullaszd fel benn\u00fck!<\/em><\/p>\n\n\n\n<p><em>\u00c1raszd ki Lelkedet \u00e9s minden \u00e9letre kel! \/ \u00c9s meg\u00faj\u00edtod a f\u00f6ld sz\u00edn\u00e9t.<\/em><\/p>\n\n\n\n<p><em>\u00daristen, ki h\u00edveid sz\u00edv\u00e9t a Szentl\u00e9lek vil\u00e1goss\u00e1g\u00e1val tan\u00edtottad, add, hogy ugyanabban a Szentl\u00e9lekben a helyeset megismerj\u00fck \u00e9s az \u0150 vigasztal\u00e1s\u00e1nak sz\u00fcnet n\u00e9lk\u00fcl \u00f6rvendj\u00fcnk! \u00c1men.<\/em><\/p>\n\n\n\n<p>Hirdet\u00e9sek:<\/p>\n\n\n\n<p>\u00b7&nbsp;&nbsp;&nbsp;&nbsp;&nbsp;&nbsp;&nbsp;&nbsp;&nbsp;A k\u00f6vetkez\u0151 karit\u00e1sz m\u0171sorunk a M\u00e1ria R\u00e1di\u00f3ban m\u00e1jus 26-\u00e1n 10.50 \u00f3rakor kezd\u0151dik.<\/p>\n\n\n\n<p>\u00b7&nbsp;&nbsp;&nbsp;&nbsp;&nbsp;&nbsp;&nbsp;&nbsp;&nbsp;Kor\u00e1bbi m\u0171soraink itt hallgathat\u00f3k meg:&nbsp;<a href=\"https:\/\/www.mariaradio.hu\/musor\/4814\/Tevekeny_Szeretet\" target=\"_blank\" rel=\"noreferrer noopener\">https:\/\/www.mariaradio.hu\/musor\/4814\/Tevekeny_Szeretet<\/a><\/p>\n\n\n\n<p>\u00b7&nbsp;&nbsp;&nbsp;&nbsp;&nbsp;&nbsp;&nbsp;&nbsp;&nbsp;Felh\u00edvom mindenki figyelm\u00e9t, hogy a facebook- \u00e9s weboldalunkon folyamatosan friss\u00fclnek a h\u00edreink.&nbsp;<a href=\"http:\/\/www.karitaszkp.hu\/\" target=\"_blank\" rel=\"noreferrer noopener\">www.karitaszkp.hu<\/a>&nbsp;,&nbsp;<a href=\"https:\/\/www.facebook.com\/szenterzsebetkaritaszkozpont\" target=\"_blank\" rel=\"noreferrer noopener\">Esztergom-Budapesti F\u0151egyh\u00e1zmegye Szent Erzs\u00e9bet Karit\u00e1sz K\u00f6zpont | Facebook<\/a><\/p>\n\n\n\n<p>\u00b7&nbsp;&nbsp;&nbsp;&nbsp;&nbsp;&nbsp;&nbsp;&nbsp;&nbsp;A Szent Erzs\u00e9bet Karit\u00e1sz K\u00f6zpont k\u00e9r\u00e9s\u00e9re f\u0151tisztelend\u0151 Feldhoffer Antal pl\u00e9b\u00e1nos atya minden els\u0151 h\u00e9tf\u0151n 15.30-kor karit\u00e1sz szentmis\u00e9t mutat be a 1035 Budapest, III. ker. K\u00f3rh\u00e1z u. 37. sz\u00e1m alatti Szent J\u00f3zsef templomban. Misesz\u00e1nd\u00e9k: \u00e9l\u0151 \u00e9s elhunyt karit\u00e1szosok\u00e9rt. A k\u00f6vetkez\u0151 alkalom j\u00fanius 7-\u00e9n lesz.<\/p>\n\n\n\n<p>\u00b7&nbsp;&nbsp;&nbsp;&nbsp;&nbsp;&nbsp;&nbsp;&nbsp;&nbsp;A j\u00fanius 7-i szentmise ut\u00e1n Mihalovics Zsigmondr\u00f3l, a Szent Erzs\u00e9bet Karit\u00e1sz K\u00f6zpont els\u0151 igazgat\u00f3j\u00e1r\u00f3l eml\u00e9kez\u00fcnk meg a 90 \u00e9ves alap\u00edt\u00e1s kapcs\u00e1n. Helysz\u00edn: 1035 Budapest, K\u00f3rh\u00e1z u. 37. Tervein k szerint on-line m\u00f3don is meg lehet hallgatni Csorba G\u00e1bor megeml\u00e9kez\u00e9s\u00e9t.<\/p>\n\n\n\n<p>Csorba G\u00e1bor<\/p>\n\n\n\n<p>\u00e1lland\u00f3 diak\u00f3nus, karit\u00e1sz igazgat\u00f3<\/p>\n\n\n\n<p>Esztergom-Budapesti F\u0151egyh\u00e1zmegye<\/p>\n\n\n\n<p>Szent Erzs\u00e9bet Karit\u00e1sz K\u00f6zpont<\/p>\n\n\n\n<p class=\"has-background\" style=\"background-color:#cacaca\">Sz\u00e9khely:&nbsp;<a href=\"https:\/\/www.google.com\/maps\/search\/1067+Budapest,+Hunyadi+t%C3%A9r+3?entry=gmail&amp;source=g\">1067 Budapest, Hunyadi t\u00e9r 3<\/a>. f\u00e9lemelet 1.<\/p>\n\n\n\n<p class=\"has-background\" style=\"background-color:#cacaca\">Telefon: +36-1-351-1977<\/p>\n\n\n\n<p class=\"has-background\" style=\"background-color:#cacaca\">Mobil: +36-30-592-1483<\/p>\n\n\n\n<p class=\"has-background\" style=\"background-color:#cacaca\">E-mail:&nbsp;<a href=\"mailto:szenterzsebet@karitaszkozpont.hu\" target=\"_blank\" rel=\"noreferrer noopener\">szenterzsebet@karitaszkozpont.hu<\/a><\/p>\n\n\n\n<p class=\"has-background\" style=\"background-color:#cacaca\">Honlap:&nbsp;<a href=\"http:\/\/www.karitaszkp.hu\/\" target=\"_blank\" rel=\"noreferrer noopener\">www.karitaszkp.hu<\/a><\/p>\n\n\n\n<p class=\"has-background\" style=\"background-color:#cacaca\">A kor\u00e1bbi egypercesek itt \u00e9rhet\u0151k el:&nbsp;<a href=\"https:\/\/karitaszegypercesek.blogspot.com\/\" target=\"_blank\" rel=\"noreferrer noopener\">https:\/\/karitaszegypercesek.blogspot.com\/<\/a><\/p>\n","protected":false},"excerpt":{"rendered":"<p>122. P\u00fcnk\u00f6sdi L\u00e9lek \u201eA sz\u00e9l ott f\u00faj, ahol akar, hallod a z\u00fag\u00e1s\u00e1t, de nem tudod, honnan j\u00f6n \u00e9s hova megy. \u00cdgy van vele mindenki, aki a L\u00e9lekb\u0151l sz\u00fcletett.\u201d (Jn 3,8) Kedves Karit\u00e1sz \u00d6nk\u00e9ntesek, Munkat\u00e1rsak, Testv\u00e9rek az \u00darban! Mindig leny\u0171g\u00f6z annak felismer\u00e9se, \u00fajragondol\u00e1sa, hogy a Szentl\u00e9lek, akinek erej\u00e9vel az Atya a vil\u00e1got teremtette, aki az embert &hellip; <\/p>\n<p class=\"link-more\"><a href=\"https:\/\/karitaszkozpont.hu\/?p=1247\" class=\"more-link\">Continue reading<span class=\"screen-reader-text\"> &#8222;122. Karit\u00e1sz Egyperces&#8221;<\/span><\/a><\/p>\n","protected":false},"author":1,"featured_media":563,"comment_status":"open","ping_status":"open","sticky":false,"template":"","format":"standard","meta":[],"categories":[8],"tags":[],"yoast_head":"<!-- This site is optimized with the Yoast SEO plugin v20.1 - https:\/\/yoast.com\/wordpress\/plugins\/seo\/ -->\n<title>122. Karit\u00e1sz Egyperces - Szent Erzs\u00e9bet Karit\u00e1sz K\u00f6zpont<\/title>\n<meta name=\"robots\" content=\"index, follow, max-snippet:-1, max-image-preview:large, max-video-preview:-1\" \/>\n<link rel=\"canonical\" href=\"https:\/\/karitaszkozpont.hu\/?p=1247\" \/>\n<meta property=\"og:locale\" content=\"hu_HU\" \/>\n<meta property=\"og:type\" content=\"article\" \/>\n<meta property=\"og:title\" content=\"122. Karit\u00e1sz Egyperces - Szent Erzs\u00e9bet Karit\u00e1sz K\u00f6zpont\" \/>\n<meta property=\"og:description\" content=\"122. P\u00fcnk\u00f6sdi L\u00e9lek \u201eA sz\u00e9l ott f\u00faj, ahol akar, hallod a z\u00fag\u00e1s\u00e1t, de nem tudod, honnan j\u00f6n \u00e9s hova megy. \u00cdgy van vele mindenki, aki a L\u00e9lekb\u0151l sz\u00fcletett.\u201d (Jn 3,8) Kedves Karit\u00e1sz \u00d6nk\u00e9ntesek, Munkat\u00e1rsak, Testv\u00e9rek az \u00darban! Mindig leny\u0171g\u00f6z annak felismer\u00e9se, \u00fajragondol\u00e1sa, hogy a Szentl\u00e9lek, akinek erej\u00e9vel az Atya a vil\u00e1got teremtette, aki az embert &hellip; Continue reading &quot;122. Karit\u00e1sz Egyperces&quot;\" \/>\n<meta property=\"og:url\" content=\"https:\/\/karitaszkozpont.hu\/?p=1247\" \/>\n<meta property=\"og:site_name\" content=\"Szent Erzs\u00e9bet Karit\u00e1sz K\u00f6zpont\" \/>\n<meta property=\"article:published_time\" content=\"2021-05-22T12:25:24+00:00\" \/>\n<meta property=\"article:modified_time\" content=\"2021-05-22T12:26:37+00:00\" \/>\n<meta property=\"og:image\" content=\"https:\/\/karitaszkozpont.hu\/wp-content\/uploads\/2019\/07\/egyperceslogo.jpg\" \/>\n\t<meta property=\"og:image:width\" content=\"2300\" \/>\n\t<meta property=\"og:image:height\" content=\"1528\" \/>\n\t<meta property=\"og:image:type\" content=\"image\/jpeg\" \/>\n<meta name=\"author\" content=\"Karit\u00e1sz K\u00f6zpont\" \/>\n<meta name=\"twitter:card\" content=\"summary_large_image\" \/>\n<meta name=\"twitter:label1\" content=\"Szerz\u0151:\" \/>\n\t<meta name=\"twitter:data1\" content=\"Karit\u00e1sz K\u00f6zpont\" \/>\n\t<meta name=\"twitter:label2\" content=\"Becs\u00fclt olvas\u00e1si id\u0151\" \/>\n\t<meta name=\"twitter:data2\" content=\"3 perc\" \/>\n<script type=\"application\/ld+json\" class=\"yoast-schema-graph\">{\"@context\":\"https:\/\/schema.org\",\"@graph\":[{\"@type\":\"Article\",\"@id\":\"https:\/\/karitaszkozpont.hu\/?p=1247#article\",\"isPartOf\":{\"@id\":\"https:\/\/karitaszkozpont.hu\/?p=1247\"},\"author\":{\"name\":\"Karit\u00e1sz K\u00f6zpont\",\"@id\":\"https:\/\/karitaszkozpont.hu\/#\/schema\/person\/0d9c28244c111914ea13bb1248775e57\"},\"headline\":\"122. Karit\u00e1sz Egyperces\",\"datePublished\":\"2021-05-22T12:25:24+00:00\",\"dateModified\":\"2021-05-22T12:26:37+00:00\",\"mainEntityOfPage\":{\"@id\":\"https:\/\/karitaszkozpont.hu\/?p=1247\"},\"wordCount\":880,\"commentCount\":0,\"publisher\":{\"@id\":\"https:\/\/karitaszkozpont.hu\/#organization\"},\"articleSection\":[\"Egypercesek\"],\"inLanguage\":\"hu\",\"potentialAction\":[{\"@type\":\"CommentAction\",\"name\":\"Comment\",\"target\":[\"https:\/\/karitaszkozpont.hu\/?p=1247#respond\"]}]},{\"@type\":\"WebPage\",\"@id\":\"https:\/\/karitaszkozpont.hu\/?p=1247\",\"url\":\"https:\/\/karitaszkozpont.hu\/?p=1247\",\"name\":\"122. Karit\u00e1sz Egyperces - Szent Erzs\u00e9bet Karit\u00e1sz K\u00f6zpont\",\"isPartOf\":{\"@id\":\"https:\/\/karitaszkozpont.hu\/#website\"},\"datePublished\":\"2021-05-22T12:25:24+00:00\",\"dateModified\":\"2021-05-22T12:26:37+00:00\",\"breadcrumb\":{\"@id\":\"https:\/\/karitaszkozpont.hu\/?p=1247#breadcrumb\"},\"inLanguage\":\"hu\",\"potentialAction\":[{\"@type\":\"ReadAction\",\"target\":[\"https:\/\/karitaszkozpont.hu\/?p=1247\"]}]},{\"@type\":\"BreadcrumbList\",\"@id\":\"https:\/\/karitaszkozpont.hu\/?p=1247#breadcrumb\",\"itemListElement\":[{\"@type\":\"ListItem\",\"position\":1,\"name\":\"Kezd\u0151lap\",\"item\":\"https:\/\/karitaszkozpont.hu\/\"},{\"@type\":\"ListItem\",\"position\":2,\"name\":\"122. Karit\u00e1sz Egyperces\"}]},{\"@type\":\"WebSite\",\"@id\":\"https:\/\/karitaszkozpont.hu\/#website\",\"url\":\"https:\/\/karitaszkozpont.hu\/\",\"name\":\"Szent Erzs\u00e9bet Karit\u00e1sz K\u00f6zpont\",\"description\":\"Esztergom-Budapesti F\u0151egyh\u00e1zmegye\",\"publisher\":{\"@id\":\"https:\/\/karitaszkozpont.hu\/#organization\"},\"potentialAction\":[{\"@type\":\"SearchAction\",\"target\":{\"@type\":\"EntryPoint\",\"urlTemplate\":\"https:\/\/karitaszkozpont.hu\/?s={search_term_string}\"},\"query-input\":\"required name=search_term_string\"}],\"inLanguage\":\"hu\"},{\"@type\":\"Organization\",\"@id\":\"https:\/\/karitaszkozpont.hu\/#organization\",\"name\":\"Szent Erzs\u00e9bet Karit\u00e1sz K\u00f6zpont\",\"url\":\"https:\/\/karitaszkozpont.hu\/\",\"logo\":{\"@type\":\"ImageObject\",\"inLanguage\":\"hu\",\"@id\":\"https:\/\/karitaszkozpont.hu\/#\/schema\/logo\/image\/\",\"url\":\"https:\/\/karitaszkp.hu\/wp-content\/uploads\/2019\/06\/cropped-logo-arnyekos-1.png\",\"contentUrl\":\"https:\/\/karitaszkp.hu\/wp-content\/uploads\/2019\/06\/cropped-logo-arnyekos-1.png\",\"width\":240,\"height\":247,\"caption\":\"Szent Erzs\u00e9bet Karit\u00e1sz K\u00f6zpont\"},\"image\":{\"@id\":\"https:\/\/karitaszkozpont.hu\/#\/schema\/logo\/image\/\"}},{\"@type\":\"Person\",\"@id\":\"https:\/\/karitaszkozpont.hu\/#\/schema\/person\/0d9c28244c111914ea13bb1248775e57\",\"name\":\"Karit\u00e1sz K\u00f6zpont\",\"image\":{\"@type\":\"ImageObject\",\"inLanguage\":\"hu\",\"@id\":\"https:\/\/karitaszkozpont.hu\/#\/schema\/person\/image\/\",\"url\":\"https:\/\/secure.gravatar.com\/avatar\/1274acd7c62f3cac92d2b38aad20c71b?s=96&d=mm&r=g\",\"contentUrl\":\"https:\/\/secure.gravatar.com\/avatar\/1274acd7c62f3cac92d2b38aad20c71b?s=96&d=mm&r=g\",\"caption\":\"Karit\u00e1sz K\u00f6zpont\"},\"url\":\"https:\/\/karitaszkozpont.hu\/?author=1\"}]}<\/script>\n<!-- \/ Yoast SEO plugin. -->","yoast_head_json":{"title":"122. Karit\u00e1sz Egyperces - Szent Erzs\u00e9bet Karit\u00e1sz K\u00f6zpont","robots":{"index":"index","follow":"follow","max-snippet":"max-snippet:-1","max-image-preview":"max-image-preview:large","max-video-preview":"max-video-preview:-1"},"canonical":"https:\/\/karitaszkozpont.hu\/?p=1247","og_locale":"hu_HU","og_type":"article","og_title":"122. Karit\u00e1sz Egyperces - Szent Erzs\u00e9bet Karit\u00e1sz K\u00f6zpont","og_description":"122. P\u00fcnk\u00f6sdi L\u00e9lek \u201eA sz\u00e9l ott f\u00faj, ahol akar, hallod a z\u00fag\u00e1s\u00e1t, de nem tudod, honnan j\u00f6n \u00e9s hova megy. \u00cdgy van vele mindenki, aki a L\u00e9lekb\u0151l sz\u00fcletett.\u201d (Jn 3,8) Kedves Karit\u00e1sz \u00d6nk\u00e9ntesek, Munkat\u00e1rsak, Testv\u00e9rek az \u00darban! Mindig leny\u0171g\u00f6z annak felismer\u00e9se, \u00fajragondol\u00e1sa, hogy a Szentl\u00e9lek, akinek erej\u00e9vel az Atya a vil\u00e1got teremtette, aki az embert &hellip; Continue reading \"122. Karit\u00e1sz Egyperces\"","og_url":"https:\/\/karitaszkozpont.hu\/?p=1247","og_site_name":"Szent Erzs\u00e9bet Karit\u00e1sz K\u00f6zpont","article_published_time":"2021-05-22T12:25:24+00:00","article_modified_time":"2021-05-22T12:26:37+00:00","og_image":[{"width":2300,"height":1528,"url":"https:\/\/karitaszkozpont.hu\/wp-content\/uploads\/2019\/07\/egyperceslogo.jpg","type":"image\/jpeg"}],"author":"Karit\u00e1sz K\u00f6zpont","twitter_card":"summary_large_image","twitter_misc":{"Szerz\u0151:":"Karit\u00e1sz K\u00f6zpont","Becs\u00fclt olvas\u00e1si id\u0151":"3 perc"},"schema":{"@context":"https:\/\/schema.org","@graph":[{"@type":"Article","@id":"https:\/\/karitaszkozpont.hu\/?p=1247#article","isPartOf":{"@id":"https:\/\/karitaszkozpont.hu\/?p=1247"},"author":{"name":"Karit\u00e1sz K\u00f6zpont","@id":"https:\/\/karitaszkozpont.hu\/#\/schema\/person\/0d9c28244c111914ea13bb1248775e57"},"headline":"122. Karit\u00e1sz Egyperces","datePublished":"2021-05-22T12:25:24+00:00","dateModified":"2021-05-22T12:26:37+00:00","mainEntityOfPage":{"@id":"https:\/\/karitaszkozpont.hu\/?p=1247"},"wordCount":880,"commentCount":0,"publisher":{"@id":"https:\/\/karitaszkozpont.hu\/#organization"},"articleSection":["Egypercesek"],"inLanguage":"hu","potentialAction":[{"@type":"CommentAction","name":"Comment","target":["https:\/\/karitaszkozpont.hu\/?p=1247#respond"]}]},{"@type":"WebPage","@id":"https:\/\/karitaszkozpont.hu\/?p=1247","url":"https:\/\/karitaszkozpont.hu\/?p=1247","name":"122. Karit\u00e1sz Egyperces - Szent Erzs\u00e9bet Karit\u00e1sz K\u00f6zpont","isPartOf":{"@id":"https:\/\/karitaszkozpont.hu\/#website"},"datePublished":"2021-05-22T12:25:24+00:00","dateModified":"2021-05-22T12:26:37+00:00","breadcrumb":{"@id":"https:\/\/karitaszkozpont.hu\/?p=1247#breadcrumb"},"inLanguage":"hu","potentialAction":[{"@type":"ReadAction","target":["https:\/\/karitaszkozpont.hu\/?p=1247"]}]},{"@type":"BreadcrumbList","@id":"https:\/\/karitaszkozpont.hu\/?p=1247#breadcrumb","itemListElement":[{"@type":"ListItem","position":1,"name":"Kezd\u0151lap","item":"https:\/\/karitaszkozpont.hu\/"},{"@type":"ListItem","position":2,"name":"122. Karit\u00e1sz Egyperces"}]},{"@type":"WebSite","@id":"https:\/\/karitaszkozpont.hu\/#website","url":"https:\/\/karitaszkozpont.hu\/","name":"Szent Erzs\u00e9bet Karit\u00e1sz K\u00f6zpont","description":"Esztergom-Budapesti F\u0151egyh\u00e1zmegye","publisher":{"@id":"https:\/\/karitaszkozpont.hu\/#organization"},"potentialAction":[{"@type":"SearchAction","target":{"@type":"EntryPoint","urlTemplate":"https:\/\/karitaszkozpont.hu\/?s={search_term_string}"},"query-input":"required name=search_term_string"}],"inLanguage":"hu"},{"@type":"Organization","@id":"https:\/\/karitaszkozpont.hu\/#organization","name":"Szent Erzs\u00e9bet Karit\u00e1sz K\u00f6zpont","url":"https:\/\/karitaszkozpont.hu\/","logo":{"@type":"ImageObject","inLanguage":"hu","@id":"https:\/\/karitaszkozpont.hu\/#\/schema\/logo\/image\/","url":"https:\/\/karitaszkp.hu\/wp-content\/uploads\/2019\/06\/cropped-logo-arnyekos-1.png","contentUrl":"https:\/\/karitaszkp.hu\/wp-content\/uploads\/2019\/06\/cropped-logo-arnyekos-1.png","width":240,"height":247,"caption":"Szent Erzs\u00e9bet Karit\u00e1sz K\u00f6zpont"},"image":{"@id":"https:\/\/karitaszkozpont.hu\/#\/schema\/logo\/image\/"}},{"@type":"Person","@id":"https:\/\/karitaszkozpont.hu\/#\/schema\/person\/0d9c28244c111914ea13bb1248775e57","name":"Karit\u00e1sz K\u00f6zpont","image":{"@type":"ImageObject","inLanguage":"hu","@id":"https:\/\/karitaszkozpont.hu\/#\/schema\/person\/image\/","url":"https:\/\/secure.gravatar.com\/avatar\/1274acd7c62f3cac92d2b38aad20c71b?s=96&d=mm&r=g","contentUrl":"https:\/\/secure.gravatar.com\/avatar\/1274acd7c62f3cac92d2b38aad20c71b?s=96&d=mm&r=g","caption":"Karit\u00e1sz K\u00f6zpont"},"url":"https:\/\/karitaszkozpont.hu\/?author=1"}]}},"_links":{"self":[{"href":"https:\/\/karitaszkozpont.hu\/index.php?rest_route=\/wp\/v2\/posts\/1247"}],"collection":[{"href":"https:\/\/karitaszkozpont.hu\/index.php?rest_route=\/wp\/v2\/posts"}],"about":[{"href":"https:\/\/karitaszkozpont.hu\/index.php?rest_route=\/wp\/v2\/types\/post"}],"author":[{"embeddable":true,"href":"https:\/\/karitaszkozpont.hu\/index.php?rest_route=\/wp\/v2\/users\/1"}],"replies":[{"embeddable":true,"href":"https:\/\/karitaszkozpont.hu\/index.php?rest_route=%2Fwp%2Fv2%2Fcomments&post=1247"}],"version-history":[{"count":2,"href":"https:\/\/karitaszkozpont.hu\/index.php?rest_route=\/wp\/v2\/posts\/1247\/revisions"}],"predecessor-version":[{"id":1249,"href":"https:\/\/karitaszkozpont.hu\/index.php?rest_route=\/wp\/v2\/posts\/1247\/revisions\/1249"}],"wp:featuredmedia":[{"embeddable":true,"href":"https:\/\/karitaszkozpont.hu\/index.php?rest_route=\/wp\/v2\/media\/563"}],"wp:attachment":[{"href":"https:\/\/karitaszkozpont.hu\/index.php?rest_route=%2Fwp%2Fv2%2Fmedia&parent=1247"}],"wp:term":[{"taxonomy":"category","embeddable":true,"href":"https:\/\/karitaszkozpont.hu\/index.php?rest_route=%2Fwp%2Fv2%2Fcategories&post=1247"},{"taxonomy":"post_tag","embeddable":true,"href":"https:\/\/karitaszkozpont.hu\/index.php?rest_route=%2Fwp%2Fv2%2Ftags&post=1247"}],"curies":[{"name":"wp","href":"https:\/\/api.w.org\/{rel}","templated":true}]}}