{"id":1243,"date":"2021-05-19T15:53:24","date_gmt":"2021-05-19T13:53:24","guid":{"rendered":"http:\/\/karitaszkp.hu\/?p=1243"},"modified":"2021-05-19T15:53:25","modified_gmt":"2021-05-19T13:53:25","slug":"partnersegben-a-magyar-elelmiszerbank-es-a-szent-erzsebet-karitasz-kozpont-kozott-a-raszorulokert","status":"publish","type":"post","link":"https:\/\/karitaszkozpont.hu\/?p=1243","title":{"rendered":"Partners\u00e9gben a Magyar \u00c9lelmiszerbank \u00e9s a Szent Erzs\u00e9bet Karit\u00e1sz K\u00f6zpont k\u00f6z\u00f6tt a r\u00e1szorul\u00f3k\u00e9rt"},"content":{"rendered":"\n<p class=\"has-white-color has-vivid-red-background-color has-text-color has-background has-large-font-size\"><strong>Partners\u00e9gben a Magyar \u00c9lelmiszerbank \u00e9s a Szent Erzs\u00e9bet Karit\u00e1sz K\u00f6zpont k\u00f6z\u00f6tt a r\u00e1szorul\u00f3k\u00e9rt<\/strong><\/p>\n\n\n\n<p>2020. december 21-\u00e9n adta be P\u00e1ly\u00e1zat\u00e1t a magyar &nbsp;\u00c9lelmiszerbankhoz Szent Erzs\u00e9bet Karit\u00e1sz K\u00f6zpont Moln\u00e1r No\u00e9mi Zsuzsanna Karit\u00e1sz Csoportvezet\u0151vel egyeztetve mindennapos \u00e9lelmiszerment\u00e9sre.<\/p>\n\n\n\n<p>No\u00e9mi szervez\u0151munk\u00e1j\u00e1nak eredm\u00e9nyek\u00e9ppen siker\u00fclt \u00f6sszefogni hat pl\u00e9b\u00e1nia Karit\u00e1sz csoportj\u00e1t s \u00edgy val\u00f3ban minden napra v\u00e1llalni tudtuk az \u00e9lelmiszerment\u00e9st.&nbsp;<\/p>\n\n\n\n<p>Mit jelent az \u00e9lelmiszerment\u00e9s? Lej\u00e1rat el\u0151tti: p\u00e9k\u00e1ru, z\u00f6lds\u00e9g, gy\u00fcm\u00f6lcs vagy m\u00e1s \u00e9lelmiszer \u00f6sszegy\u0171jt\u00e9s\u00e9t, k\u00fcl\u00f6nb\u00f6z\u0151 \u00e1ruh\u00e1zakb\u00f3l majd ezek kioszt\u00e1s\u00e1t a r\u00e1szorul\u00f3knak. \u00cdgy nem ker\u00fcl a szem\u00e9tbe az \u00e9lelmiszer, cs\u00f6kkentve a term\u00e9szeti k\u00f6rnyezet terhel\u00e9s\u00e9t, illetve eljut a szeg\u00e9ny emberekhez az \u00e9lelmiszer, n\u00f6velve az \u0151 t\u00fal\u00e9l\u00e9si es\u00e9lyeiket ami a mai pand\u00e9mi\u00e1s id\u0151kben m\u00e9g nagyobb jelent\u0151s\u00e9g\u0171.&nbsp;<\/p>\n\n\n\n<p>Nagy \u00e1ldozatot v\u00e1llalt mind a hat pl\u00e9b\u00e1nia Karit\u00e1sz csoportja: Pestszenterzs\u00e9beten a Szent Erzs\u00e9bet F\u0151pl\u00e9b\u00e1nia , &nbsp;Szent Lajos Pl\u00e9b\u00e1nia \u00e9s a Szent Antal Pl\u00e9b\u00e1nia, Soroks\u00e1ron a Nagyboldogasszony F\u0151pl\u00e9b\u00e1nia, Pestszentl\u0151rincen a Havanna lak\u00f3telepi Szent L\u00e1szl\u00f3 Pl\u00e9b\u00e1nia, Ferencv\u00e1rosban az \u00d6r\u00f6kim\u00e1d\u00e1s Teplomigazgat\u00f3s\u00e1g lelkes \u00f6nk\u00e9ntesei.<\/p>\n\n\n\n<p>Az elb\u00edr\u00e1l\u00e1si folyamat r\u00e9szek\u00e9nt 2021. m\u00e1rcius 5-\u00e9n a Szent Erzs\u00e9bet Karit\u00e1sz K\u00f6zpont \u00f3budai irod\u00e1j\u00e1ban \u00fclt \u00f6ssze Schwikker Zs\u00f3fia, az Magyar \u00c9lelmiszerbankt\u00f3l, M\u00e1rton Andrea szakmai irodavezet\u0151, Moln\u00e1r No\u00e9mi Zsuzsanna Karit\u00e1sz csoportvezet\u0151 \u00e9s Kov\u00e1cs Gergely szoci\u00e1lis munkat\u00e1rs a Karit\u00e1sz r\u00e9sz\u00e9r\u0151l.&nbsp; A megbesz\u00e9l\u00e9s j\u00f3 hangulat\u00fa \u00e9s inform\u00e1ci\u00f3ban gazdag volt.&nbsp;<\/p>\n\n\n\n<p>2021. \u00c1rilis 29-re eld\u0151lt, hogy a Szent Erzs\u00e9bet Karit\u00e1sz K\u00f6zpont koordin\u00e1ci\u00f3j\u00e1val \u00e9s a hat pl\u00e9b\u00e1niai csoport akt\u00edv r\u00e9szv\u00e9tel\u00e9vel elindul az ALDI Hofherr \u00e1ruh\u00e1zban a mindennapos \u00e9lelmiszerment\u00e9s. Aznap az \u00e1ruh\u00e1z vezet\u0151je Varr\u00f3 N\u00e1ndor, az \u00c9lelmiszerbank \u00e9s a Karit\u00e1sz jelenl\u00e9v\u0151 k\u00e9pvisel\u0151inek bemutatta a helysz\u00ednt, az \u00e1tad\u00e1s \u00e9s az \u00e1tv\u00e9tel k\u00f6r\u00fclm\u00e9nyeit. A megbesz\u00e9l\u00e9s v\u00e9g\u00e9n meg\u00e1llapodtunk, hogy m\u00e1jus 3-\u00e1n, h\u00e9tf\u0151t\u0151l elind\u00edtjuk a programot.&nbsp;<\/p>\n\n\n\n<p>Egy-k\u00e9t gondolat az az\u00f3ta tapasztaltakr\u00f3l:&nbsp;<\/p>\n\n\n\n<p>Spala Tam\u00e1s az \u00d6r\u00f6kim\u00e1d\u00e1s Templom Karit\u00e1sz csoportj\u00e1b\u00f3l \u00edgy l\u00e1tja:<\/p>\n\n\n\n<p><em>\u201eAz ALDI-ban nagyon&nbsp;kedvesek, kartondobozokba rakj\u00e1k a megmaradt p\u00e9k\u00e1rut. K\u00fcl\u00f6n dobozba a kenyereket, k\u00fcl\u00f6n a zseml\u00e9ket egy m\u00e1sikba a s\u00f3s \u00e9s megint m\u00e1sikba az \u00e9des p\u00e9ks\u00fctem\u00e9nyeket. Az \u00e1tv\u00e9tel nagyon flottul megy, el\u00e9g n\u00e9h\u00e1ny perccel kor\u00e1bban telefon\u00e1lni&nbsp;\u00e9s m\u00e1r \u00e1t is lehet venni az \u00e9lelmiszert. A kioszt\u00e1s megszervez\u00e9se \u00e9s adminisztr\u00e1ci\u00f3ja ig\u00e9nyli a legt\u00f6bb munk\u00e1t. A p\u00e9k\u00e1runak nagyon \u00f6r\u00fclnek a r\u00e1szorul\u00f3k, az ut\u00f3bbi \u00e9vekben nagyon megdr\u00e1gultak ezek a term\u00e9kek. Mindenki nagyon megbecs\u00fcli, ha marad akkor lefagyasztj\u00e1k \u00e9s k\u00e9s\u0151bb el\u0151veszik. A gyerekek k\u00fcl\u00f6n\u00f6sk\u00e9ppen az \u00e9des p\u00e9ks\u00fctem\u00e9nyeknek \u00f6r\u00fclnek, a csokis f\u00e1nk a legnagyobb szt\u00e1r. Akir\u0151l tudjuk, hogy teljes ki\u00f6rl\u00e9s\u0171&nbsp;vagy tart\u00f3s\u00edt\u00f3szer-mentes term\u00e9keket sz\u00edvesen fogyaszt az ilyet is tud kapni az \u00e9lelmiszerment\u00e9sb\u0151l. Mindenki elcsod\u00e1lkozik azon, hogy ennyi \u00e9rt\u00e9kes p\u00e9ks\u00fctem\u00e9nyt kidobnak \u00e9s \u00f6r\u00fcl annak, hogy nem a szem\u00e9tbe, hanem hozz\u00e1, egy r\u00e1szorul\u00f3hoz ker\u00fcl.\u201d<\/em><\/p>\n\n\n\n<p>Dr. Nagy \u00c1kosn\u00e9 Ilus Karit\u00e1sz csoportvezet\u0151 v\u00e9lem\u00e9nye a Soroks\u00e1ri Nagyboldogasszony F\u0151pl\u00e9b\u00e1nia Templomb\u00f3l:<\/p>\n\n\n\n<p><em>\u201eA Soroks\u00e1ri Karit\u00e1sz Csoport el\u0151sz\u00f6r 2021 05.11-\u00e9n vehetett \u00e1t 5 doboz, kb. 33 kg ALDI \u00e9lelmiszer adom\u00e1nyt. A min\u0151s\u00e9gi, finom p\u00e9k\u00e1rub\u00f3l els\u0151k\u00e9nt otthon\u00e1ba vitt\u00fcnk egy \u00e9vek, \u00e9vtizedek \u00f3ta mozg\u00e1ss\u00e9r\u00fclten, lak\u00e1s\u00e1b\u00f3l szinte soha ki nem mozdul\u00f3, egyed\u00fcl \u00e9l\u0151 h\u00f6lgy r\u00e9sz\u00e9re, aki boldog mosollyal k\u00f6sz\u00f6nte meg a csomagot. Azut\u00e1n t\u00f6bb, 4-5 gyermeket nevel\u0151 csal\u00e1dot kerest\u00fcnk fel az adom\u00e1nnyal, ahol a gyerekek csillog\u00f3 szemmel \u00e9s ujjongva fogadt\u00e1k a sz\u00ednes f\u00e1nkokat, csokis tekercseket, majd k\u00edv\u00e1ncsian \u00e9rdekl\u0151dtek, hogy mikor j\u00f6v\u00fcnk legk\u00f6zelebb.\u201d&nbsp;<\/em><\/p>\n\n\n\n<p>Kov\u00e1csn\u00e9 Dr. Sztrakay Katalin Karit\u00e1sz csoportvezet\u0151 tapasztalata a Pestszentl\u0151rinci Havanna telepi Szent L\u00e1szl\u00f3 Pl\u00e9b\u00e1ni\u00e1r\u00f3l:<\/p>\n\n\n\n<p><em>\u201eA 2021. m\u00e1jus 1. napj\u00e1val kezd\u0151d\u0151en becsatlakoztunk a Magyar &nbsp;\u00c9lelmiszerbank Aldi \u00c9lelmiszerment\u0151 akci\u00f3j\u00e1ba a pesterzs\u00e9beti Szt. Lajos pl\u00e9b\u00e1ni\u00e1hoz. Az els\u0151 alkalommal 2021. m\u00e1jus 6. napj\u00e1n kaptunk \u00f6sszesen 63 kg p\u00e9k\u00e1rut.&nbsp;<\/em><\/p>\n\n\n\n<p><em>Els\u0151sorban nagycsal\u00e1dosokat sz\u00f3l\u00edtottunk meg az els\u0151 kioszt\u00e1si alkalommal, de n\u00e9h\u00e1ny kisnyugd\u00edjas is \u00f6r\u00f6mmel vitt az adom\u00e1nyb\u00f3l. Mindenkinek sz\u00e9p mennyis\u00e9get tudtunk adni, ar\u00e1nyosan minden csal\u00e1dtagnak jutott m\u00e9g \u00e9des s\u00fctem\u00e9ny is. A visszajelz\u00e9sek pedig nagyon pozit\u00edvak voltak, dics\u00e9rt\u00e9k a p\u00e9k\u00e1ru min\u0151s\u00e9g\u00e9t, \u00e9s nagyon h\u00e1l\u00e1sak voltak az\u00e9rt, hogy olyan p\u00e9k\u00e1ru is ker\u00fclt az asztalra, amit egy\u00e9bk\u00e9nt nem engedhetn\u00e9nek meg maguknak, hamar elfogyott minden. T\u00f6bb csal\u00e1d jelezte, hogy \u00f6r\u00f6mmel fogadj\u00e1k minden h\u00e9ten az adom\u00e1nyt, mely nagy seg\u00edts\u00e9g a h\u00e9t v\u00e9g\u00e9n.\u201d<\/em><\/p>\n\n\n\n<p>Szeretn\u00e9m kiemelni, hogy a \u00e1ruh\u00e1zi \u00e9lelmiszerment\u00e9sbe val\u00f3 bekapcsol\u00f3d\u00e1sunk alkalm\u00e1b\u00f3l k\u00fcl\u00f6n szerz\u0151d\u00e9st k\u00f6t\u00f6tt vel\u00fcnk, a Szent Erzs\u00e9bet Karit\u00e1sz K\u00f6zponttal a Magyar \u00c9lelmiszerbank Egyes\u00fclet s \u00edgy \u00e1lland\u00f3 szerz\u0151d\u00f6tt partnerei k\u00f6z\u00e9 ker\u00fclt\u00fcnk.<\/p>\n\n\n\n<p>Rem\u00e9lj\u00fck,hogy ebben a folyamatban val\u00f3 r\u00e9szv\u00e9tel\u00fcnkkel is sokak sz\u00e1m\u00e1ra megmutatjuk Isten gondoskod\u00f3 szeretet\u00e9nek jelenval\u00f3s\u00e1g\u00e1t.&nbsp;<\/p>\n\n\n\n<p>Kov\u00e1cs Gergely<\/p>\n\n\n\n<p>programkoordin\u00e1tor<\/p>\n","protected":false},"excerpt":{"rendered":"<p>Partners\u00e9gben a Magyar \u00c9lelmiszerbank \u00e9s a Szent Erzs\u00e9bet Karit\u00e1sz K\u00f6zpont k\u00f6z\u00f6tt a r\u00e1szorul\u00f3k\u00e9rt 2020. december 21-\u00e9n adta be P\u00e1ly\u00e1zat\u00e1t a magyar &nbsp;\u00c9lelmiszerbankhoz Szent Erzs\u00e9bet Karit\u00e1sz K\u00f6zpont Moln\u00e1r No\u00e9mi Zsuzsanna Karit\u00e1sz Csoportvezet\u0151vel egyeztetve mindennapos \u00e9lelmiszerment\u00e9sre. No\u00e9mi szervez\u0151munk\u00e1j\u00e1nak eredm\u00e9nyek\u00e9ppen siker\u00fclt \u00f6sszefogni hat pl\u00e9b\u00e1nia Karit\u00e1sz csoportj\u00e1t s \u00edgy val\u00f3ban minden napra v\u00e1llalni tudtuk az \u00e9lelmiszerment\u00e9st.&nbsp; Mit jelent az &hellip; <\/p>\n<p class=\"link-more\"><a href=\"https:\/\/karitaszkozpont.hu\/?p=1243\" class=\"more-link\">Continue reading<span class=\"screen-reader-text\"> &#8222;Partners\u00e9gben a Magyar \u00c9lelmiszerbank \u00e9s a Szent Erzs\u00e9bet Karit\u00e1sz K\u00f6zpont k\u00f6z\u00f6tt a r\u00e1szorul\u00f3k\u00e9rt&#8221;<\/span><\/a><\/p>\n","protected":false},"author":1,"featured_media":1244,"comment_status":"open","ping_status":"open","sticky":false,"template":"","format":"standard","meta":[],"categories":[4],"tags":[],"yoast_head":"<!-- This site is optimized with the Yoast SEO plugin v20.1 - https:\/\/yoast.com\/wordpress\/plugins\/seo\/ -->\n<title>Partners\u00e9gben a Magyar \u00c9lelmiszerbank \u00e9s a Szent Erzs\u00e9bet Karit\u00e1sz K\u00f6zpont k\u00f6z\u00f6tt a r\u00e1szorul\u00f3k\u00e9rt - Szent Erzs\u00e9bet Karit\u00e1sz K\u00f6zpont<\/title>\n<meta name=\"robots\" content=\"index, follow, max-snippet:-1, max-image-preview:large, max-video-preview:-1\" \/>\n<link rel=\"canonical\" href=\"https:\/\/karitaszkozpont.hu\/?p=1243\" \/>\n<meta property=\"og:locale\" content=\"hu_HU\" \/>\n<meta property=\"og:type\" content=\"article\" \/>\n<meta property=\"og:title\" content=\"Partners\u00e9gben a Magyar \u00c9lelmiszerbank \u00e9s a Szent Erzs\u00e9bet Karit\u00e1sz K\u00f6zpont k\u00f6z\u00f6tt a r\u00e1szorul\u00f3k\u00e9rt - Szent Erzs\u00e9bet Karit\u00e1sz K\u00f6zpont\" \/>\n<meta property=\"og:description\" content=\"Partners\u00e9gben a Magyar \u00c9lelmiszerbank \u00e9s a Szent Erzs\u00e9bet Karit\u00e1sz K\u00f6zpont k\u00f6z\u00f6tt a r\u00e1szorul\u00f3k\u00e9rt 2020. december 21-\u00e9n adta be P\u00e1ly\u00e1zat\u00e1t a magyar &nbsp;\u00c9lelmiszerbankhoz Szent Erzs\u00e9bet Karit\u00e1sz K\u00f6zpont Moln\u00e1r No\u00e9mi Zsuzsanna Karit\u00e1sz Csoportvezet\u0151vel egyeztetve mindennapos \u00e9lelmiszerment\u00e9sre. No\u00e9mi szervez\u0151munk\u00e1j\u00e1nak eredm\u00e9nyek\u00e9ppen siker\u00fclt \u00f6sszefogni hat pl\u00e9b\u00e1nia Karit\u00e1sz csoportj\u00e1t s \u00edgy val\u00f3ban minden napra v\u00e1llalni tudtuk az \u00e9lelmiszerment\u00e9st.&nbsp; Mit jelent az &hellip; Continue reading &quot;Partners\u00e9gben a Magyar \u00c9lelmiszerbank \u00e9s a Szent Erzs\u00e9bet Karit\u00e1sz K\u00f6zpont k\u00f6z\u00f6tt a r\u00e1szorul\u00f3k\u00e9rt&quot;\" \/>\n<meta property=\"og:url\" content=\"https:\/\/karitaszkozpont.hu\/?p=1243\" \/>\n<meta property=\"og:site_name\" content=\"Szent Erzs\u00e9bet Karit\u00e1sz K\u00f6zpont\" \/>\n<meta property=\"article:published_time\" content=\"2021-05-19T13:53:24+00:00\" \/>\n<meta property=\"article:modified_time\" content=\"2021-05-19T13:53:25+00:00\" \/>\n<meta property=\"og:image\" content=\"https:\/\/karitaszkozpont.hu\/wp-content\/uploads\/2021\/05\/DSC06210a-6.jpg\" \/>\n\t<meta property=\"og:image:width\" content=\"1833\" \/>\n\t<meta property=\"og:image:height\" content=\"1296\" \/>\n\t<meta property=\"og:image:type\" content=\"image\/jpeg\" \/>\n<meta name=\"author\" content=\"Karit\u00e1sz K\u00f6zpont\" \/>\n<meta name=\"twitter:card\" content=\"summary_large_image\" \/>\n<meta name=\"twitter:label1\" content=\"Szerz\u0151:\" \/>\n\t<meta name=\"twitter:data1\" content=\"Karit\u00e1sz K\u00f6zpont\" \/>\n\t<meta name=\"twitter:label2\" content=\"Becs\u00fclt olvas\u00e1si id\u0151\" \/>\n\t<meta name=\"twitter:data2\" content=\"3 perc\" \/>\n<script type=\"application\/ld+json\" class=\"yoast-schema-graph\">{\"@context\":\"https:\/\/schema.org\",\"@graph\":[{\"@type\":\"Article\",\"@id\":\"https:\/\/karitaszkozpont.hu\/?p=1243#article\",\"isPartOf\":{\"@id\":\"https:\/\/karitaszkozpont.hu\/?p=1243\"},\"author\":{\"name\":\"Karit\u00e1sz K\u00f6zpont\",\"@id\":\"https:\/\/karitaszkozpont.hu\/#\/schema\/person\/0d9c28244c111914ea13bb1248775e57\"},\"headline\":\"Partners\u00e9gben a Magyar \u00c9lelmiszerbank \u00e9s a Szent Erzs\u00e9bet Karit\u00e1sz K\u00f6zpont k\u00f6z\u00f6tt a r\u00e1szorul\u00f3k\u00e9rt\",\"datePublished\":\"2021-05-19T13:53:24+00:00\",\"dateModified\":\"2021-05-19T13:53:25+00:00\",\"mainEntityOfPage\":{\"@id\":\"https:\/\/karitaszkozpont.hu\/?p=1243\"},\"wordCount\":1078,\"commentCount\":0,\"publisher\":{\"@id\":\"https:\/\/karitaszkozpont.hu\/#organization\"},\"articleSection\":[\"H\u00edrek\"],\"inLanguage\":\"hu\",\"potentialAction\":[{\"@type\":\"CommentAction\",\"name\":\"Comment\",\"target\":[\"https:\/\/karitaszkozpont.hu\/?p=1243#respond\"]}]},{\"@type\":\"WebPage\",\"@id\":\"https:\/\/karitaszkozpont.hu\/?p=1243\",\"url\":\"https:\/\/karitaszkozpont.hu\/?p=1243\",\"name\":\"Partners\u00e9gben a Magyar \u00c9lelmiszerbank \u00e9s a Szent Erzs\u00e9bet Karit\u00e1sz K\u00f6zpont k\u00f6z\u00f6tt a r\u00e1szorul\u00f3k\u00e9rt - Szent Erzs\u00e9bet Karit\u00e1sz K\u00f6zpont\",\"isPartOf\":{\"@id\":\"https:\/\/karitaszkozpont.hu\/#website\"},\"datePublished\":\"2021-05-19T13:53:24+00:00\",\"dateModified\":\"2021-05-19T13:53:25+00:00\",\"breadcrumb\":{\"@id\":\"https:\/\/karitaszkozpont.hu\/?p=1243#breadcrumb\"},\"inLanguage\":\"hu\",\"potentialAction\":[{\"@type\":\"ReadAction\",\"target\":[\"https:\/\/karitaszkozpont.hu\/?p=1243\"]}]},{\"@type\":\"BreadcrumbList\",\"@id\":\"https:\/\/karitaszkozpont.hu\/?p=1243#breadcrumb\",\"itemListElement\":[{\"@type\":\"ListItem\",\"position\":1,\"name\":\"Kezd\u0151lap\",\"item\":\"https:\/\/karitaszkozpont.hu\/\"},{\"@type\":\"ListItem\",\"position\":2,\"name\":\"Partners\u00e9gben a Magyar \u00c9lelmiszerbank \u00e9s a Szent Erzs\u00e9bet Karit\u00e1sz K\u00f6zpont k\u00f6z\u00f6tt a r\u00e1szorul\u00f3k\u00e9rt\"}]},{\"@type\":\"WebSite\",\"@id\":\"https:\/\/karitaszkozpont.hu\/#website\",\"url\":\"https:\/\/karitaszkozpont.hu\/\",\"name\":\"Szent Erzs\u00e9bet Karit\u00e1sz K\u00f6zpont\",\"description\":\"Esztergom-Budapesti F\u0151egyh\u00e1zmegye\",\"publisher\":{\"@id\":\"https:\/\/karitaszkozpont.hu\/#organization\"},\"potentialAction\":[{\"@type\":\"SearchAction\",\"target\":{\"@type\":\"EntryPoint\",\"urlTemplate\":\"https:\/\/karitaszkozpont.hu\/?s={search_term_string}\"},\"query-input\":\"required name=search_term_string\"}],\"inLanguage\":\"hu\"},{\"@type\":\"Organization\",\"@id\":\"https:\/\/karitaszkozpont.hu\/#organization\",\"name\":\"Szent Erzs\u00e9bet Karit\u00e1sz K\u00f6zpont\",\"url\":\"https:\/\/karitaszkozpont.hu\/\",\"logo\":{\"@type\":\"ImageObject\",\"inLanguage\":\"hu\",\"@id\":\"https:\/\/karitaszkozpont.hu\/#\/schema\/logo\/image\/\",\"url\":\"https:\/\/karitaszkp.hu\/wp-content\/uploads\/2019\/06\/cropped-logo-arnyekos-1.png\",\"contentUrl\":\"https:\/\/karitaszkp.hu\/wp-content\/uploads\/2019\/06\/cropped-logo-arnyekos-1.png\",\"width\":240,\"height\":247,\"caption\":\"Szent Erzs\u00e9bet Karit\u00e1sz K\u00f6zpont\"},\"image\":{\"@id\":\"https:\/\/karitaszkozpont.hu\/#\/schema\/logo\/image\/\"}},{\"@type\":\"Person\",\"@id\":\"https:\/\/karitaszkozpont.hu\/#\/schema\/person\/0d9c28244c111914ea13bb1248775e57\",\"name\":\"Karit\u00e1sz K\u00f6zpont\",\"image\":{\"@type\":\"ImageObject\",\"inLanguage\":\"hu\",\"@id\":\"https:\/\/karitaszkozpont.hu\/#\/schema\/person\/image\/\",\"url\":\"https:\/\/secure.gravatar.com\/avatar\/1274acd7c62f3cac92d2b38aad20c71b?s=96&d=mm&r=g\",\"contentUrl\":\"https:\/\/secure.gravatar.com\/avatar\/1274acd7c62f3cac92d2b38aad20c71b?s=96&d=mm&r=g\",\"caption\":\"Karit\u00e1sz K\u00f6zpont\"},\"url\":\"https:\/\/karitaszkozpont.hu\/?author=1\"}]}<\/script>\n<!-- \/ Yoast SEO plugin. -->","yoast_head_json":{"title":"Partners\u00e9gben a Magyar \u00c9lelmiszerbank \u00e9s a Szent Erzs\u00e9bet Karit\u00e1sz K\u00f6zpont k\u00f6z\u00f6tt a r\u00e1szorul\u00f3k\u00e9rt - Szent Erzs\u00e9bet Karit\u00e1sz K\u00f6zpont","robots":{"index":"index","follow":"follow","max-snippet":"max-snippet:-1","max-image-preview":"max-image-preview:large","max-video-preview":"max-video-preview:-1"},"canonical":"https:\/\/karitaszkozpont.hu\/?p=1243","og_locale":"hu_HU","og_type":"article","og_title":"Partners\u00e9gben a Magyar \u00c9lelmiszerbank \u00e9s a Szent Erzs\u00e9bet Karit\u00e1sz K\u00f6zpont k\u00f6z\u00f6tt a r\u00e1szorul\u00f3k\u00e9rt - Szent Erzs\u00e9bet Karit\u00e1sz K\u00f6zpont","og_description":"Partners\u00e9gben a Magyar \u00c9lelmiszerbank \u00e9s a Szent Erzs\u00e9bet Karit\u00e1sz K\u00f6zpont k\u00f6z\u00f6tt a r\u00e1szorul\u00f3k\u00e9rt 2020. december 21-\u00e9n adta be P\u00e1ly\u00e1zat\u00e1t a magyar &nbsp;\u00c9lelmiszerbankhoz Szent Erzs\u00e9bet Karit\u00e1sz K\u00f6zpont Moln\u00e1r No\u00e9mi Zsuzsanna Karit\u00e1sz Csoportvezet\u0151vel egyeztetve mindennapos \u00e9lelmiszerment\u00e9sre. No\u00e9mi szervez\u0151munk\u00e1j\u00e1nak eredm\u00e9nyek\u00e9ppen siker\u00fclt \u00f6sszefogni hat pl\u00e9b\u00e1nia Karit\u00e1sz csoportj\u00e1t s \u00edgy val\u00f3ban minden napra v\u00e1llalni tudtuk az \u00e9lelmiszerment\u00e9st.&nbsp; Mit jelent az &hellip; Continue reading \"Partners\u00e9gben a Magyar \u00c9lelmiszerbank \u00e9s a Szent Erzs\u00e9bet Karit\u00e1sz K\u00f6zpont k\u00f6z\u00f6tt a r\u00e1szorul\u00f3k\u00e9rt\"","og_url":"https:\/\/karitaszkozpont.hu\/?p=1243","og_site_name":"Szent Erzs\u00e9bet Karit\u00e1sz K\u00f6zpont","article_published_time":"2021-05-19T13:53:24+00:00","article_modified_time":"2021-05-19T13:53:25+00:00","og_image":[{"width":1833,"height":1296,"url":"https:\/\/karitaszkozpont.hu\/wp-content\/uploads\/2021\/05\/DSC06210a-6.jpg","type":"image\/jpeg"}],"author":"Karit\u00e1sz K\u00f6zpont","twitter_card":"summary_large_image","twitter_misc":{"Szerz\u0151:":"Karit\u00e1sz K\u00f6zpont","Becs\u00fclt olvas\u00e1si id\u0151":"3 perc"},"schema":{"@context":"https:\/\/schema.org","@graph":[{"@type":"Article","@id":"https:\/\/karitaszkozpont.hu\/?p=1243#article","isPartOf":{"@id":"https:\/\/karitaszkozpont.hu\/?p=1243"},"author":{"name":"Karit\u00e1sz K\u00f6zpont","@id":"https:\/\/karitaszkozpont.hu\/#\/schema\/person\/0d9c28244c111914ea13bb1248775e57"},"headline":"Partners\u00e9gben a Magyar \u00c9lelmiszerbank \u00e9s a Szent Erzs\u00e9bet Karit\u00e1sz K\u00f6zpont k\u00f6z\u00f6tt a r\u00e1szorul\u00f3k\u00e9rt","datePublished":"2021-05-19T13:53:24+00:00","dateModified":"2021-05-19T13:53:25+00:00","mainEntityOfPage":{"@id":"https:\/\/karitaszkozpont.hu\/?p=1243"},"wordCount":1078,"commentCount":0,"publisher":{"@id":"https:\/\/karitaszkozpont.hu\/#organization"},"articleSection":["H\u00edrek"],"inLanguage":"hu","potentialAction":[{"@type":"CommentAction","name":"Comment","target":["https:\/\/karitaszkozpont.hu\/?p=1243#respond"]}]},{"@type":"WebPage","@id":"https:\/\/karitaszkozpont.hu\/?p=1243","url":"https:\/\/karitaszkozpont.hu\/?p=1243","name":"Partners\u00e9gben a Magyar \u00c9lelmiszerbank \u00e9s a Szent Erzs\u00e9bet Karit\u00e1sz K\u00f6zpont k\u00f6z\u00f6tt a r\u00e1szorul\u00f3k\u00e9rt - Szent Erzs\u00e9bet Karit\u00e1sz K\u00f6zpont","isPartOf":{"@id":"https:\/\/karitaszkozpont.hu\/#website"},"datePublished":"2021-05-19T13:53:24+00:00","dateModified":"2021-05-19T13:53:25+00:00","breadcrumb":{"@id":"https:\/\/karitaszkozpont.hu\/?p=1243#breadcrumb"},"inLanguage":"hu","potentialAction":[{"@type":"ReadAction","target":["https:\/\/karitaszkozpont.hu\/?p=1243"]}]},{"@type":"BreadcrumbList","@id":"https:\/\/karitaszkozpont.hu\/?p=1243#breadcrumb","itemListElement":[{"@type":"ListItem","position":1,"name":"Kezd\u0151lap","item":"https:\/\/karitaszkozpont.hu\/"},{"@type":"ListItem","position":2,"name":"Partners\u00e9gben a Magyar \u00c9lelmiszerbank \u00e9s a Szent Erzs\u00e9bet Karit\u00e1sz K\u00f6zpont k\u00f6z\u00f6tt a r\u00e1szorul\u00f3k\u00e9rt"}]},{"@type":"WebSite","@id":"https:\/\/karitaszkozpont.hu\/#website","url":"https:\/\/karitaszkozpont.hu\/","name":"Szent Erzs\u00e9bet Karit\u00e1sz K\u00f6zpont","description":"Esztergom-Budapesti F\u0151egyh\u00e1zmegye","publisher":{"@id":"https:\/\/karitaszkozpont.hu\/#organization"},"potentialAction":[{"@type":"SearchAction","target":{"@type":"EntryPoint","urlTemplate":"https:\/\/karitaszkozpont.hu\/?s={search_term_string}"},"query-input":"required name=search_term_string"}],"inLanguage":"hu"},{"@type":"Organization","@id":"https:\/\/karitaszkozpont.hu\/#organization","name":"Szent Erzs\u00e9bet Karit\u00e1sz K\u00f6zpont","url":"https:\/\/karitaszkozpont.hu\/","logo":{"@type":"ImageObject","inLanguage":"hu","@id":"https:\/\/karitaszkozpont.hu\/#\/schema\/logo\/image\/","url":"https:\/\/karitaszkp.hu\/wp-content\/uploads\/2019\/06\/cropped-logo-arnyekos-1.png","contentUrl":"https:\/\/karitaszkp.hu\/wp-content\/uploads\/2019\/06\/cropped-logo-arnyekos-1.png","width":240,"height":247,"caption":"Szent Erzs\u00e9bet Karit\u00e1sz K\u00f6zpont"},"image":{"@id":"https:\/\/karitaszkozpont.hu\/#\/schema\/logo\/image\/"}},{"@type":"Person","@id":"https:\/\/karitaszkozpont.hu\/#\/schema\/person\/0d9c28244c111914ea13bb1248775e57","name":"Karit\u00e1sz K\u00f6zpont","image":{"@type":"ImageObject","inLanguage":"hu","@id":"https:\/\/karitaszkozpont.hu\/#\/schema\/person\/image\/","url":"https:\/\/secure.gravatar.com\/avatar\/1274acd7c62f3cac92d2b38aad20c71b?s=96&d=mm&r=g","contentUrl":"https:\/\/secure.gravatar.com\/avatar\/1274acd7c62f3cac92d2b38aad20c71b?s=96&d=mm&r=g","caption":"Karit\u00e1sz K\u00f6zpont"},"url":"https:\/\/karitaszkozpont.hu\/?author=1"}]}},"_links":{"self":[{"href":"https:\/\/karitaszkozpont.hu\/index.php?rest_route=\/wp\/v2\/posts\/1243"}],"collection":[{"href":"https:\/\/karitaszkozpont.hu\/index.php?rest_route=\/wp\/v2\/posts"}],"about":[{"href":"https:\/\/karitaszkozpont.hu\/index.php?rest_route=\/wp\/v2\/types\/post"}],"author":[{"embeddable":true,"href":"https:\/\/karitaszkozpont.hu\/index.php?rest_route=\/wp\/v2\/users\/1"}],"replies":[{"embeddable":true,"href":"https:\/\/karitaszkozpont.hu\/index.php?rest_route=%2Fwp%2Fv2%2Fcomments&post=1243"}],"version-history":[{"count":1,"href":"https:\/\/karitaszkozpont.hu\/index.php?rest_route=\/wp\/v2\/posts\/1243\/revisions"}],"predecessor-version":[{"id":1245,"href":"https:\/\/karitaszkozpont.hu\/index.php?rest_route=\/wp\/v2\/posts\/1243\/revisions\/1245"}],"wp:featuredmedia":[{"embeddable":true,"href":"https:\/\/karitaszkozpont.hu\/index.php?rest_route=\/wp\/v2\/media\/1244"}],"wp:attachment":[{"href":"https:\/\/karitaszkozpont.hu\/index.php?rest_route=%2Fwp%2Fv2%2Fmedia&parent=1243"}],"wp:term":[{"taxonomy":"category","embeddable":true,"href":"https:\/\/karitaszkozpont.hu\/index.php?rest_route=%2Fwp%2Fv2%2Fcategories&post=1243"},{"taxonomy":"post_tag","embeddable":true,"href":"https:\/\/karitaszkozpont.hu\/index.php?rest_route=%2Fwp%2Fv2%2Ftags&post=1243"}],"curies":[{"name":"wp","href":"https:\/\/api.w.org\/{rel}","templated":true}]}}