{"id":1241,"date":"2021-05-18T21:49:29","date_gmt":"2021-05-18T19:49:29","guid":{"rendered":"http:\/\/karitaszkp.hu\/?p=1241"},"modified":"2021-05-18T21:49:30","modified_gmt":"2021-05-18T19:49:30","slug":"muhelybeszelgetes-negyedik-alkalom-a-valtozo-tarsadalmi-kulturalis-kornyezet","status":"publish","type":"post","link":"https:\/\/karitaszkozpont.hu\/?p=1241","title":{"rendered":"M\u0171helybesz\u00e9lget\u00e9s negyedik alkalom: A v\u00e1ltoz\u00f3 t\u00e1rsadalmi, kultur\u00e1lis k\u00f6rnyezet"},"content":{"rendered":"\n<p>Kedves \u00c9rdekl\u0151d\u0151!<\/p>\n\n\n\n<p>Ez\u00faton h\u00edvjuk fel figyelm\u00e9t a Szent Erzs\u00e9bet Karit\u00e1sz K\u00f6zpont 2021. m\u00e1jus 21-\u00e9n megtart\u00e1sra ker\u00fcl\u0151 negyedik, egyben utols\u00f3 online&nbsp;m\u0171helybesz\u00e9lget\u00e9s\u00e9re.<\/p>\n\n\n\n<p><strong>T\u00e9ma<\/strong>: A XXI. sz\u00e1zadban a csal\u00e1dokat \u00e9rint\u0151 kih\u00edv\u00e1sok \u00e9s kereszt\u00e9ny v\u00e1laszok:\u00a0m\u0171helybesz\u00e9lget\u00e9s\u00a0a Szentatya \u00e1ltal meghirdetett csal\u00e1dok \u00e9ve alkalm\u00e1b\u00f3l az Amoris Laetitia apostoli buzd\u00edt\u00e1s alapj\u00e1n<\/p>\n\n\n\n<p><strong>4.&nbsp;&nbsp;&nbsp;&nbsp;&nbsp;alkalom:&nbsp;<\/strong><strong>A v\u00e1ltoz\u00f3 t\u00e1rsadalmi, kultur\u00e1lis k\u00f6rnyezet<\/strong><\/p>\n\n\n\n<p><strong>A m\u0171helybesz\u00e9lget\u00e9sben r\u00e9szt vev\u0151 szakemberek<\/strong>:<\/p>\n\n\n\n<p><strong>Dr.<\/strong>\u00a0<strong>Osztie Zolt\u00e1n<\/strong>,a Budapest-Belv\u00e1rosi Nagyboldogasszony f\u0151pl\u00e9b\u00e1nia pl\u00e9b\u00e1nosa,<\/p>\n\n\n\n<p><strong>Csorba G\u00e1bor&nbsp;<\/strong>\u00e1lland\u00f3 diak\u00f3nus, karit\u00e1sz igazgat\u00f3, valamint<\/p>\n\n\n\n<p><strong>M\u00e1rton Andrea<\/strong>&nbsp;szociol\u00f3gus, szoci\u00e1lpolitikai szak\u00e9rt\u0151<\/p>\n\n\n\n<p><strong>Id\u0151pont<\/strong>: 2021. m\u00e1jus 21. p\u00e9ntek 10:00 \u2013 11:30.<\/p>\n\n\n\n<p>K\u00e9rj\u00fck, hogy az al\u00e1bbi regisztr\u00e1ci\u00f3s lapon regisztr\u00e1lni sz\u00edveskedjen:<\/p>\n\n\n\n<p><a href=\"https:\/\/docs.google.com\/forms\/d\/e\/1FAIpQLSfcYwnlzy5vPu0x_pJ-bKZZFUgq7vDqCBYwQzlvLhAeX6lzjQ\/viewform?usp=sf_link\" target=\"_blank\" rel=\"noreferrer noopener\">REGISZTR\u00c1CI\u00d3S LAP (negyedik alkalom)<\/a><\/p>\n\n\n\n<p>Figyelm\u00e9be aj\u00e1nljuk tov\u00e1bb\u00e1 a legut\u00f3bbi alkalommal kapcsolatos&nbsp; visszajelz\u0151 \u0171rlapot, k\u00e9rj\u00fck, ennek seg\u00edts\u00e9g\u00e9vel juttassa el r\u00e9sz\u00fcnkre a visszajelz\u00e9s\u00e9t, \u00e9szrev\u00e9teleit.<\/p>\n\n\n\n<p><a href=\"https:\/\/docs.google.com\/forms\/d\/e\/1FAIpQLSdaNODoHYDicbtKlqt8IuvHsUZIYkn40pTDmGAk39ljzMnGlQ\/viewform?usp=sf_link\" target=\"_blank\" rel=\"noreferrer noopener\">VISSZAJELZ\u0150 \u0170RLAP<\/a><\/p>\n\n\n\n<p>Technikai probl\u00e9m\u00e1kkal, k\u00e9rd\u00e9sekkel kereshetik Szab\u00f3 Csaba karit\u00e1sz munkat\u00e1rsat a 30\/386-3370-es telefonsz\u00e1mon, illetve \u00edrhatnak a&nbsp;<a href=\"mailto:szenterzsebet@karitaszkozpont.hu\" target=\"_blank\" rel=\"noreferrer noopener\">szenterzsebet@karitaszkozpont.hu<\/a>&nbsp;email c\u00edmre.&nbsp;&nbsp;<\/p>\n\n\n\n<p>A program a Budapest III. ker\u00fclet, \u00d3buda-B\u00e9k\u00e1smegyer t\u00e1mogat\u00e1s\u00e1val val\u00f3sul meg.&nbsp;Attachments area<\/p>\n","protected":false},"excerpt":{"rendered":"<p>Kedves \u00c9rdekl\u0151d\u0151! Ez\u00faton h\u00edvjuk fel figyelm\u00e9t a Szent Erzs\u00e9bet Karit\u00e1sz K\u00f6zpont 2021. m\u00e1jus 21-\u00e9n megtart\u00e1sra ker\u00fcl\u0151 negyedik, egyben utols\u00f3 online&nbsp;m\u0171helybesz\u00e9lget\u00e9s\u00e9re. T\u00e9ma: A XXI. sz\u00e1zadban a csal\u00e1dokat \u00e9rint\u0151 kih\u00edv\u00e1sok \u00e9s kereszt\u00e9ny v\u00e1laszok:\u00a0m\u0171helybesz\u00e9lget\u00e9s\u00a0a Szentatya \u00e1ltal meghirdetett csal\u00e1dok \u00e9ve alkalm\u00e1b\u00f3l az Amoris Laetitia apostoli buzd\u00edt\u00e1s alapj\u00e1n 4.&nbsp;&nbsp;&nbsp;&nbsp;&nbsp;alkalom:&nbsp;A v\u00e1ltoz\u00f3 t\u00e1rsadalmi, kultur\u00e1lis k\u00f6rnyezet A m\u0171helybesz\u00e9lget\u00e9sben r\u00e9szt vev\u0151 szakemberek: Dr.\u00a0Osztie Zolt\u00e1n,a &hellip; <\/p>\n<p class=\"link-more\"><a href=\"https:\/\/karitaszkozpont.hu\/?p=1241\" class=\"more-link\">Continue reading<span class=\"screen-reader-text\"> &#8222;M\u0171helybesz\u00e9lget\u00e9s negyedik alkalom: A v\u00e1ltoz\u00f3 t\u00e1rsadalmi, kultur\u00e1lis k\u00f6rnyezet&#8221;<\/span><\/a><\/p>\n","protected":false},"author":1,"featured_media":1187,"comment_status":"open","ping_status":"open","sticky":false,"template":"","format":"standard","meta":[],"categories":[4],"tags":[],"yoast_head":"<!-- This site is optimized with the Yoast SEO plugin v20.1 - https:\/\/yoast.com\/wordpress\/plugins\/seo\/ -->\n<title>M\u0171helybesz\u00e9lget\u00e9s negyedik alkalom: A v\u00e1ltoz\u00f3 t\u00e1rsadalmi, kultur\u00e1lis k\u00f6rnyezet - Szent Erzs\u00e9bet Karit\u00e1sz K\u00f6zpont<\/title>\n<meta name=\"robots\" content=\"index, follow, max-snippet:-1, max-image-preview:large, max-video-preview:-1\" \/>\n<link rel=\"canonical\" href=\"https:\/\/karitaszkozpont.hu\/?p=1241\" \/>\n<meta property=\"og:locale\" content=\"hu_HU\" \/>\n<meta property=\"og:type\" content=\"article\" \/>\n<meta property=\"og:title\" content=\"M\u0171helybesz\u00e9lget\u00e9s negyedik alkalom: A v\u00e1ltoz\u00f3 t\u00e1rsadalmi, kultur\u00e1lis k\u00f6rnyezet - Szent Erzs\u00e9bet Karit\u00e1sz K\u00f6zpont\" \/>\n<meta property=\"og:description\" content=\"Kedves \u00c9rdekl\u0151d\u0151! Ez\u00faton h\u00edvjuk fel figyelm\u00e9t a Szent Erzs\u00e9bet Karit\u00e1sz K\u00f6zpont 2021. m\u00e1jus 21-\u00e9n megtart\u00e1sra ker\u00fcl\u0151 negyedik, egyben utols\u00f3 online&nbsp;m\u0171helybesz\u00e9lget\u00e9s\u00e9re. T\u00e9ma: A XXI. sz\u00e1zadban a csal\u00e1dokat \u00e9rint\u0151 kih\u00edv\u00e1sok \u00e9s kereszt\u00e9ny v\u00e1laszok:\u00a0m\u0171helybesz\u00e9lget\u00e9s\u00a0a Szentatya \u00e1ltal meghirdetett csal\u00e1dok \u00e9ve alkalm\u00e1b\u00f3l az Amoris Laetitia apostoli buzd\u00edt\u00e1s alapj\u00e1n 4.&nbsp;&nbsp;&nbsp;&nbsp;&nbsp;alkalom:&nbsp;A v\u00e1ltoz\u00f3 t\u00e1rsadalmi, kultur\u00e1lis k\u00f6rnyezet A m\u0171helybesz\u00e9lget\u00e9sben r\u00e9szt vev\u0151 szakemberek: Dr.\u00a0Osztie Zolt\u00e1n,a &hellip; Continue reading &quot;M\u0171helybesz\u00e9lget\u00e9s negyedik alkalom: A v\u00e1ltoz\u00f3 t\u00e1rsadalmi, kultur\u00e1lis k\u00f6rnyezet&quot;\" \/>\n<meta property=\"og:url\" content=\"https:\/\/karitaszkozpont.hu\/?p=1241\" \/>\n<meta property=\"og:site_name\" content=\"Szent Erzs\u00e9bet Karit\u00e1sz K\u00f6zpont\" \/>\n<meta property=\"article:published_time\" content=\"2021-05-18T19:49:29+00:00\" \/>\n<meta property=\"article:modified_time\" content=\"2021-05-18T19:49:30+00:00\" \/>\n<meta property=\"og:image\" content=\"https:\/\/karitaszkozpont.hu\/wp-content\/uploads\/2021\/04\/csalad.jpg\" \/>\n\t<meta property=\"og:image:width\" content=\"2040\" \/>\n\t<meta property=\"og:image:height\" content=\"1263\" \/>\n\t<meta property=\"og:image:type\" content=\"image\/jpeg\" \/>\n<meta name=\"author\" content=\"Karit\u00e1sz K\u00f6zpont\" \/>\n<meta name=\"twitter:card\" content=\"summary_large_image\" \/>\n<meta name=\"twitter:label1\" content=\"Szerz\u0151:\" \/>\n\t<meta name=\"twitter:data1\" content=\"Karit\u00e1sz K\u00f6zpont\" \/>\n\t<meta name=\"twitter:label2\" content=\"Becs\u00fclt olvas\u00e1si id\u0151\" \/>\n\t<meta name=\"twitter:data2\" content=\"1 perc\" \/>\n<script type=\"application\/ld+json\" class=\"yoast-schema-graph\">{\"@context\":\"https:\/\/schema.org\",\"@graph\":[{\"@type\":\"Article\",\"@id\":\"https:\/\/karitaszkozpont.hu\/?p=1241#article\",\"isPartOf\":{\"@id\":\"https:\/\/karitaszkozpont.hu\/?p=1241\"},\"author\":{\"name\":\"Karit\u00e1sz K\u00f6zpont\",\"@id\":\"https:\/\/karitaszkozpont.hu\/#\/schema\/person\/0d9c28244c111914ea13bb1248775e57\"},\"headline\":\"M\u0171helybesz\u00e9lget\u00e9s negyedik alkalom: A v\u00e1ltoz\u00f3 t\u00e1rsadalmi, kultur\u00e1lis k\u00f6rnyezet\",\"datePublished\":\"2021-05-18T19:49:29+00:00\",\"dateModified\":\"2021-05-18T19:49:30+00:00\",\"mainEntityOfPage\":{\"@id\":\"https:\/\/karitaszkozpont.hu\/?p=1241\"},\"wordCount\":267,\"commentCount\":0,\"publisher\":{\"@id\":\"https:\/\/karitaszkozpont.hu\/#organization\"},\"articleSection\":[\"H\u00edrek\"],\"inLanguage\":\"hu\",\"potentialAction\":[{\"@type\":\"CommentAction\",\"name\":\"Comment\",\"target\":[\"https:\/\/karitaszkozpont.hu\/?p=1241#respond\"]}]},{\"@type\":\"WebPage\",\"@id\":\"https:\/\/karitaszkozpont.hu\/?p=1241\",\"url\":\"https:\/\/karitaszkozpont.hu\/?p=1241\",\"name\":\"M\u0171helybesz\u00e9lget\u00e9s negyedik alkalom: A v\u00e1ltoz\u00f3 t\u00e1rsadalmi, kultur\u00e1lis k\u00f6rnyezet - Szent Erzs\u00e9bet Karit\u00e1sz K\u00f6zpont\",\"isPartOf\":{\"@id\":\"https:\/\/karitaszkozpont.hu\/#website\"},\"datePublished\":\"2021-05-18T19:49:29+00:00\",\"dateModified\":\"2021-05-18T19:49:30+00:00\",\"breadcrumb\":{\"@id\":\"https:\/\/karitaszkozpont.hu\/?p=1241#breadcrumb\"},\"inLanguage\":\"hu\",\"potentialAction\":[{\"@type\":\"ReadAction\",\"target\":[\"https:\/\/karitaszkozpont.hu\/?p=1241\"]}]},{\"@type\":\"BreadcrumbList\",\"@id\":\"https:\/\/karitaszkozpont.hu\/?p=1241#breadcrumb\",\"itemListElement\":[{\"@type\":\"ListItem\",\"position\":1,\"name\":\"Kezd\u0151lap\",\"item\":\"https:\/\/karitaszkozpont.hu\/\"},{\"@type\":\"ListItem\",\"position\":2,\"name\":\"M\u0171helybesz\u00e9lget\u00e9s negyedik alkalom: A v\u00e1ltoz\u00f3 t\u00e1rsadalmi, kultur\u00e1lis k\u00f6rnyezet\"}]},{\"@type\":\"WebSite\",\"@id\":\"https:\/\/karitaszkozpont.hu\/#website\",\"url\":\"https:\/\/karitaszkozpont.hu\/\",\"name\":\"Szent Erzs\u00e9bet Karit\u00e1sz K\u00f6zpont\",\"description\":\"Esztergom-Budapesti F\u0151egyh\u00e1zmegye\",\"publisher\":{\"@id\":\"https:\/\/karitaszkozpont.hu\/#organization\"},\"potentialAction\":[{\"@type\":\"SearchAction\",\"target\":{\"@type\":\"EntryPoint\",\"urlTemplate\":\"https:\/\/karitaszkozpont.hu\/?s={search_term_string}\"},\"query-input\":\"required name=search_term_string\"}],\"inLanguage\":\"hu\"},{\"@type\":\"Organization\",\"@id\":\"https:\/\/karitaszkozpont.hu\/#organization\",\"name\":\"Szent Erzs\u00e9bet Karit\u00e1sz K\u00f6zpont\",\"url\":\"https:\/\/karitaszkozpont.hu\/\",\"logo\":{\"@type\":\"ImageObject\",\"inLanguage\":\"hu\",\"@id\":\"https:\/\/karitaszkozpont.hu\/#\/schema\/logo\/image\/\",\"url\":\"https:\/\/karitaszkp.hu\/wp-content\/uploads\/2019\/06\/cropped-logo-arnyekos-1.png\",\"contentUrl\":\"https:\/\/karitaszkp.hu\/wp-content\/uploads\/2019\/06\/cropped-logo-arnyekos-1.png\",\"width\":240,\"height\":247,\"caption\":\"Szent Erzs\u00e9bet Karit\u00e1sz K\u00f6zpont\"},\"image\":{\"@id\":\"https:\/\/karitaszkozpont.hu\/#\/schema\/logo\/image\/\"}},{\"@type\":\"Person\",\"@id\":\"https:\/\/karitaszkozpont.hu\/#\/schema\/person\/0d9c28244c111914ea13bb1248775e57\",\"name\":\"Karit\u00e1sz K\u00f6zpont\",\"image\":{\"@type\":\"ImageObject\",\"inLanguage\":\"hu\",\"@id\":\"https:\/\/karitaszkozpont.hu\/#\/schema\/person\/image\/\",\"url\":\"https:\/\/secure.gravatar.com\/avatar\/1274acd7c62f3cac92d2b38aad20c71b?s=96&d=mm&r=g\",\"contentUrl\":\"https:\/\/secure.gravatar.com\/avatar\/1274acd7c62f3cac92d2b38aad20c71b?s=96&d=mm&r=g\",\"caption\":\"Karit\u00e1sz K\u00f6zpont\"},\"url\":\"https:\/\/karitaszkozpont.hu\/?author=1\"}]}<\/script>\n<!-- \/ Yoast SEO plugin. -->","yoast_head_json":{"title":"M\u0171helybesz\u00e9lget\u00e9s negyedik alkalom: A v\u00e1ltoz\u00f3 t\u00e1rsadalmi, kultur\u00e1lis k\u00f6rnyezet - Szent Erzs\u00e9bet Karit\u00e1sz K\u00f6zpont","robots":{"index":"index","follow":"follow","max-snippet":"max-snippet:-1","max-image-preview":"max-image-preview:large","max-video-preview":"max-video-preview:-1"},"canonical":"https:\/\/karitaszkozpont.hu\/?p=1241","og_locale":"hu_HU","og_type":"article","og_title":"M\u0171helybesz\u00e9lget\u00e9s negyedik alkalom: A v\u00e1ltoz\u00f3 t\u00e1rsadalmi, kultur\u00e1lis k\u00f6rnyezet - Szent Erzs\u00e9bet Karit\u00e1sz K\u00f6zpont","og_description":"Kedves \u00c9rdekl\u0151d\u0151! Ez\u00faton h\u00edvjuk fel figyelm\u00e9t a Szent Erzs\u00e9bet Karit\u00e1sz K\u00f6zpont 2021. m\u00e1jus 21-\u00e9n megtart\u00e1sra ker\u00fcl\u0151 negyedik, egyben utols\u00f3 online&nbsp;m\u0171helybesz\u00e9lget\u00e9s\u00e9re. T\u00e9ma: A XXI. sz\u00e1zadban a csal\u00e1dokat \u00e9rint\u0151 kih\u00edv\u00e1sok \u00e9s kereszt\u00e9ny v\u00e1laszok:\u00a0m\u0171helybesz\u00e9lget\u00e9s\u00a0a Szentatya \u00e1ltal meghirdetett csal\u00e1dok \u00e9ve alkalm\u00e1b\u00f3l az Amoris Laetitia apostoli buzd\u00edt\u00e1s alapj\u00e1n 4.&nbsp;&nbsp;&nbsp;&nbsp;&nbsp;alkalom:&nbsp;A v\u00e1ltoz\u00f3 t\u00e1rsadalmi, kultur\u00e1lis k\u00f6rnyezet A m\u0171helybesz\u00e9lget\u00e9sben r\u00e9szt vev\u0151 szakemberek: Dr.\u00a0Osztie Zolt\u00e1n,a &hellip; Continue reading \"M\u0171helybesz\u00e9lget\u00e9s negyedik alkalom: A v\u00e1ltoz\u00f3 t\u00e1rsadalmi, kultur\u00e1lis k\u00f6rnyezet\"","og_url":"https:\/\/karitaszkozpont.hu\/?p=1241","og_site_name":"Szent Erzs\u00e9bet Karit\u00e1sz K\u00f6zpont","article_published_time":"2021-05-18T19:49:29+00:00","article_modified_time":"2021-05-18T19:49:30+00:00","og_image":[{"width":2040,"height":1263,"url":"https:\/\/karitaszkozpont.hu\/wp-content\/uploads\/2021\/04\/csalad.jpg","type":"image\/jpeg"}],"author":"Karit\u00e1sz K\u00f6zpont","twitter_card":"summary_large_image","twitter_misc":{"Szerz\u0151:":"Karit\u00e1sz K\u00f6zpont","Becs\u00fclt olvas\u00e1si id\u0151":"1 perc"},"schema":{"@context":"https:\/\/schema.org","@graph":[{"@type":"Article","@id":"https:\/\/karitaszkozpont.hu\/?p=1241#article","isPartOf":{"@id":"https:\/\/karitaszkozpont.hu\/?p=1241"},"author":{"name":"Karit\u00e1sz K\u00f6zpont","@id":"https:\/\/karitaszkozpont.hu\/#\/schema\/person\/0d9c28244c111914ea13bb1248775e57"},"headline":"M\u0171helybesz\u00e9lget\u00e9s negyedik alkalom: A v\u00e1ltoz\u00f3 t\u00e1rsadalmi, kultur\u00e1lis k\u00f6rnyezet","datePublished":"2021-05-18T19:49:29+00:00","dateModified":"2021-05-18T19:49:30+00:00","mainEntityOfPage":{"@id":"https:\/\/karitaszkozpont.hu\/?p=1241"},"wordCount":267,"commentCount":0,"publisher":{"@id":"https:\/\/karitaszkozpont.hu\/#organization"},"articleSection":["H\u00edrek"],"inLanguage":"hu","potentialAction":[{"@type":"CommentAction","name":"Comment","target":["https:\/\/karitaszkozpont.hu\/?p=1241#respond"]}]},{"@type":"WebPage","@id":"https:\/\/karitaszkozpont.hu\/?p=1241","url":"https:\/\/karitaszkozpont.hu\/?p=1241","name":"M\u0171helybesz\u00e9lget\u00e9s negyedik alkalom: A v\u00e1ltoz\u00f3 t\u00e1rsadalmi, kultur\u00e1lis k\u00f6rnyezet - Szent Erzs\u00e9bet Karit\u00e1sz K\u00f6zpont","isPartOf":{"@id":"https:\/\/karitaszkozpont.hu\/#website"},"datePublished":"2021-05-18T19:49:29+00:00","dateModified":"2021-05-18T19:49:30+00:00","breadcrumb":{"@id":"https:\/\/karitaszkozpont.hu\/?p=1241#breadcrumb"},"inLanguage":"hu","potentialAction":[{"@type":"ReadAction","target":["https:\/\/karitaszkozpont.hu\/?p=1241"]}]},{"@type":"BreadcrumbList","@id":"https:\/\/karitaszkozpont.hu\/?p=1241#breadcrumb","itemListElement":[{"@type":"ListItem","position":1,"name":"Kezd\u0151lap","item":"https:\/\/karitaszkozpont.hu\/"},{"@type":"ListItem","position":2,"name":"M\u0171helybesz\u00e9lget\u00e9s negyedik alkalom: A v\u00e1ltoz\u00f3 t\u00e1rsadalmi, kultur\u00e1lis k\u00f6rnyezet"}]},{"@type":"WebSite","@id":"https:\/\/karitaszkozpont.hu\/#website","url":"https:\/\/karitaszkozpont.hu\/","name":"Szent Erzs\u00e9bet Karit\u00e1sz K\u00f6zpont","description":"Esztergom-Budapesti F\u0151egyh\u00e1zmegye","publisher":{"@id":"https:\/\/karitaszkozpont.hu\/#organization"},"potentialAction":[{"@type":"SearchAction","target":{"@type":"EntryPoint","urlTemplate":"https:\/\/karitaszkozpont.hu\/?s={search_term_string}"},"query-input":"required name=search_term_string"}],"inLanguage":"hu"},{"@type":"Organization","@id":"https:\/\/karitaszkozpont.hu\/#organization","name":"Szent Erzs\u00e9bet Karit\u00e1sz K\u00f6zpont","url":"https:\/\/karitaszkozpont.hu\/","logo":{"@type":"ImageObject","inLanguage":"hu","@id":"https:\/\/karitaszkozpont.hu\/#\/schema\/logo\/image\/","url":"https:\/\/karitaszkp.hu\/wp-content\/uploads\/2019\/06\/cropped-logo-arnyekos-1.png","contentUrl":"https:\/\/karitaszkp.hu\/wp-content\/uploads\/2019\/06\/cropped-logo-arnyekos-1.png","width":240,"height":247,"caption":"Szent Erzs\u00e9bet Karit\u00e1sz K\u00f6zpont"},"image":{"@id":"https:\/\/karitaszkozpont.hu\/#\/schema\/logo\/image\/"}},{"@type":"Person","@id":"https:\/\/karitaszkozpont.hu\/#\/schema\/person\/0d9c28244c111914ea13bb1248775e57","name":"Karit\u00e1sz K\u00f6zpont","image":{"@type":"ImageObject","inLanguage":"hu","@id":"https:\/\/karitaszkozpont.hu\/#\/schema\/person\/image\/","url":"https:\/\/secure.gravatar.com\/avatar\/1274acd7c62f3cac92d2b38aad20c71b?s=96&d=mm&r=g","contentUrl":"https:\/\/secure.gravatar.com\/avatar\/1274acd7c62f3cac92d2b38aad20c71b?s=96&d=mm&r=g","caption":"Karit\u00e1sz K\u00f6zpont"},"url":"https:\/\/karitaszkozpont.hu\/?author=1"}]}},"_links":{"self":[{"href":"https:\/\/karitaszkozpont.hu\/index.php?rest_route=\/wp\/v2\/posts\/1241"}],"collection":[{"href":"https:\/\/karitaszkozpont.hu\/index.php?rest_route=\/wp\/v2\/posts"}],"about":[{"href":"https:\/\/karitaszkozpont.hu\/index.php?rest_route=\/wp\/v2\/types\/post"}],"author":[{"embeddable":true,"href":"https:\/\/karitaszkozpont.hu\/index.php?rest_route=\/wp\/v2\/users\/1"}],"replies":[{"embeddable":true,"href":"https:\/\/karitaszkozpont.hu\/index.php?rest_route=%2Fwp%2Fv2%2Fcomments&post=1241"}],"version-history":[{"count":1,"href":"https:\/\/karitaszkozpont.hu\/index.php?rest_route=\/wp\/v2\/posts\/1241\/revisions"}],"predecessor-version":[{"id":1242,"href":"https:\/\/karitaszkozpont.hu\/index.php?rest_route=\/wp\/v2\/posts\/1241\/revisions\/1242"}],"wp:featuredmedia":[{"embeddable":true,"href":"https:\/\/karitaszkozpont.hu\/index.php?rest_route=\/wp\/v2\/media\/1187"}],"wp:attachment":[{"href":"https:\/\/karitaszkozpont.hu\/index.php?rest_route=%2Fwp%2Fv2%2Fmedia&parent=1241"}],"wp:term":[{"taxonomy":"category","embeddable":true,"href":"https:\/\/karitaszkozpont.hu\/index.php?rest_route=%2Fwp%2Fv2%2Fcategories&post=1241"},{"taxonomy":"post_tag","embeddable":true,"href":"https:\/\/karitaszkozpont.hu\/index.php?rest_route=%2Fwp%2Fv2%2Ftags&post=1241"}],"curies":[{"name":"wp","href":"https:\/\/api.w.org\/{rel}","templated":true}]}}