{"id":1239,"date":"2021-05-18T21:41:07","date_gmt":"2021-05-18T19:41:07","guid":{"rendered":"http:\/\/karitaszkp.hu\/?p=1239"},"modified":"2021-05-18T21:41:08","modified_gmt":"2021-05-18T19:41:08","slug":"121-karitasz-egyperces","status":"publish","type":"post","link":"https:\/\/karitaszkozpont.hu\/?p=1239","title":{"rendered":"121. Karit\u00e1sz Egyperces"},"content":{"rendered":"\n<p class=\"has-white-color has-vivid-red-background-color has-text-color has-background has-large-font-size\"><strong>121. Els\u0151\u00e1ldoz\u00e1sok napja<\/strong><\/p>\n\n\n\n<p class=\"has-background\" style=\"background-color:#cacaca\"><em>\u201e\u00c9n vagyok a mennyb\u0151l al\u00e1sz\u00e1llott \u00e9l\u0151 keny\u00e9r. Aki ebb\u0151l a keny\u00e9rb\u0151l eszik, \u00f6r\u00f6kk\u00e9 \u00e9l.\u201d (Jn 6,51<\/em><em>)<\/em><\/p>\n\n\n\n<p>Kedves Karit\u00e1sz \u00d6nk\u00e9ntesek, Munkat\u00e1rsak, Testv\u00e9rek az \u00darban!<\/p>\n\n\n\n<p>Urunk mennybemenetel\u00e9nek f\u0151\u00fcnnepe, hagyom\u00e1nyosan az els\u0151\u00e1ldoz\u00e1sok napja is. Ha szabad ennyi szem\u00e9lyeset \u00edrnom, hadd osszam meg \u00f6r\u00f6m\u00f6met, hogy Bern\u00e1t kisfiam (9 \u00e9ves) is ezen a sz\u00e9p \u00fcnnepnapon veszi mag\u00e1hoz Krisztus test\u00e9t \u00e9s v\u00e9r\u00e9t el\u0151sz\u00f6r. A sz\u00fcl\u0151knek, testv\u00e9reknek, a csal\u00e1dnak, a felk\u00e9sz\u00edt\u0151 aty\u00e1nak \u00e9s hitoktat\u00f3nak is nagy \u00f6r\u00f6m, de hiszem, tapasztalom \u00e9s \u00e9rzem az eg\u00e9sz kereszt\u00e9ny k\u00f6z\u00f6ss\u00e9g, az Egyh\u00e1z \u00f6r\u00f6m\u00e9t, bele\u00e9rtve karit\u00e1sz tagjainkat is. K\u00f6sz\u00f6n\u00f6m, hogy megoszthatom veletek ezt a m\u00e9ly, szavakkal ki nem fejezhet\u0151 \u00e9rz\u00e9st.<\/p>\n\n\n\n<p>Nem tudjuk felfogni, szinte bele sem tudunk gondolni, hogy milyen kegyelem \u00e9s boldogs\u00e1g ilyen m\u00f3don, a legszorosabb form\u00e1ban eggy\u00e9 lenni Istennel, a Teremt\u0151vel, a Megv\u00e1lt\u00f3val.&nbsp;<em>\u201e<\/em><em>A nyelv azt nem mondhatja ki \/ bet\u0171 ki nem fejezheti \/ csak aki \u00e9rzi, tudja azt \/<br>J\u00e9zust szeretni mily malaszt.\u201d<\/em>&nbsp;\u2013 \u00e9nekelj\u00fck ebben a sz\u00e9p im\u00e1ds\u00e1gban.<\/p>\n\n\n\n<p>\u00c9s val\u00f3ban, emberi szavaink, gondolataink, k\u00e9pess\u00e9geink kevesek mindezek felfog\u00e1s\u00e1hoz, meg\u00e9rt\u00e9s\u00e9hez, de a hit f\u00e9ny\u00e9ben m\u00e9gis sz\u00edv\u00fcnkbe tudjuk mindezeket fogadni. Ez is megmutatja a hit t\u00f6bblet\u00e9t \u00e9s a h\u00edv\u0151 ember korl\u00e1tlan lehet\u0151s\u00e9geit. Felfoghatatlan, hogy J\u00e9zus lesz\u00e1llt a mennyb\u0151l \u00e9s azt akarja, hogy vegy\u00fck magunhoz \u00e9telk\u00e9nt, italk\u00e9nt, hogy \u00f6r\u00f6k \u00e9let\u00fcnk, boldogs\u00e1gunk, b\u00e9k\u00e9nk \u00e9s \u00f6r\u00f6m\u00fcnk legyen \u0150benne.<\/p>\n\n\n\n<p>Milyen j\u00f3, nagyvonal\u00fa \u00e9s szeret\u0151 az Isten, hogy \u00edgy kiszolg\u00e1ltatja mag\u00e1t nek\u00fcnk, \u00e9rt\u00fcnk! M\u00e1sik kisfiam, Domi (6 \u00e9ves) \u00e9ppen a m\u00falt vas\u00e1rnap k\u00e9rdezte a szentmise el\u0151tt, amikor n\u00e9zte az olt\u00e1rt, a tabern\u00e1kulomot a padb\u00f3l, hogy&nbsp;<em>\u201enem rossz az Istennek, hogy be van z\u00e1rva egy szekr\u00e9nybe?\u201d<\/em>&nbsp;\u2013 Igen, ebben is l\u00e1that\u00f3 Isten kiszolg\u00e1ltatotts\u00e1ga, t\u00e9nyleg nek\u00fcnk adta \u00e9s adja \u00f6nmag\u00e1t. Mindent \u00e9s mindig, a vil\u00e1g v\u00e9gezet\u00e9ig. V\u00e1r \u00e9s akar minket. A gyermeki l\u00e9lek r\u00e1\u00e9rez a l\u00e9nyegre.<\/p>\n\n\n\n<p>\u0150rizz\u00fck, \u00e1poljuk mi is a gyermeki lelk\u00fcletet magunkban! A gyermeki l\u00e9lek v\u00e9gtelen bizalommal \u00e9s \u00f6n\u00e1tad\u00e1ssal van a szeret\u0151 szem\u00e9ly ir\u00e1nt, b\u00edzik benne teljesen. Ugyan\u00edgy, b\u00edzzunk mi is Isten gondvisel\u0151 \u00e9s j\u00f3t akar\u00f3 szeretet\u00e9ben, h\u0171s\u00e9g\u00e9ben! Ne hagyjuk, hogy a vil\u00e1g zaja, ijesztget\u00e9sei megingassanak, elt\u00e1ntor\u00edtsanak az egyetlen \u00datt\u00f3l, ami az Igazs\u00e1g \u00fatja \u00e9s az \u00f6r\u00f6k \u00c9letbe vezet!<\/p>\n\n\n\n<p>A gyermeklelk\u0171s\u00e9g nem infantilizmus, nem gyermetegs\u00e9g, hanem az \u0151sbizalom felsz\u00edt\u00e1sa a hit vil\u00e1goss\u00e1g\u00e1ban \u00e9s tapasztalat\u00e1ban. Ezzel a hittel lesz\u00fcnk b\u00e1trak, hogy karit\u00e1sz tev\u00e9kenys\u00e9g\u00fcnkben is gyermeki l\u00e9lekkel, bizalommal \u00e9s hat\u00e1rozott elt\u00f6k\u00e9lts\u00e9ggel tegy\u00fck a j\u00f3t \u00e9s ak\u00e1r, szenvedj\u00fck, t\u0171rj\u00fck is el b\u00e9k\u00e9vel a vele j\u00e1r\u00f3 neh\u00e9zs\u00e9geket, b\u00e1ntalmakat. Egyetlenegy l\u00e9lek megment\u00e9s\u00e9\u00e9rt sem k\u00e1r \u00e1ldozatot hoznunk, elszenvedn\u00fcnk b\u00e1rmit is. Isten mindent l\u00e1t, mindent tud, azt is tudja, hogy szeretj\u00fck. Isten tenyer\u00e9ben, szeretet\u00e9ben \u00e9l\u00fcnk \u00e9s \u00edgy v\u00e1rjuk a felt\u00e1mad\u00e1st \u00e9s az \u00f6r\u00f6k \u00e9letet. N\u00e9zz\u00fcnk fel, n\u00e9zz\u00fcnk J\u00e9zusra:&nbsp;<em>\u201e<\/em><em>Ez a J\u00e9zus, aki felv\u00e9tetett mell\u0151letek, \u00fagy j\u00f6n el ism\u00e9t, ahogy az \u00e9gbe felmenni l\u00e1tt\u00e1tok.\u201d ApCsel 1,11b.<\/em><\/p>\n\n\n\n<p>Hirdet\u00e9sek:<\/p>\n\n\n\n<p>\u00b7&nbsp;&nbsp;&nbsp;&nbsp;&nbsp;&nbsp;&nbsp;&nbsp;&nbsp;A k\u00f6vetkez\u0151 karit\u00e1sz m\u0171sorunk a M\u00e1ria R\u00e1di\u00f3ban m\u00e1jus 26-\u00e1n, szerd\u00e1n 10.50 \u00f3rakor kezd\u0151dik.<\/p>\n\n\n\n<p>\u00b7&nbsp;&nbsp;&nbsp;&nbsp;&nbsp;&nbsp;&nbsp;&nbsp;&nbsp;Kor\u00e1bbi m\u0171soraink itt hallgathat\u00f3k meg:&nbsp;<a href=\"https:\/\/www.mariaradio.hu\/musor\/4814\/Tevekeny_Szeretet\" target=\"_blank\" rel=\"noreferrer noopener\">https:\/\/www.mariaradio.hu\/musor\/4814\/Tevekeny_Szeretet<\/a><\/p>\n\n\n\n<p>\u00b7&nbsp;&nbsp;&nbsp;&nbsp;&nbsp;&nbsp;&nbsp;&nbsp;&nbsp;Felh\u00edvom mindenki figyelm\u00e9t, hogy a facebook- \u00e9s weboldalunkon folyamatosan friss\u00fclnek a h\u00edreink.&nbsp;<a href=\"http:\/\/www.karitaszkp.hu\/\" target=\"_blank\" rel=\"noreferrer noopener\">www.karitaszkp.hu<\/a>&nbsp;,&nbsp;<a href=\"https:\/\/www.facebook.com\/szenterzsebetkaritaszkozpont\" target=\"_blank\" rel=\"noreferrer noopener\">Esztergom-Budapesti F\u0151egyh\u00e1zmegye Szent Erzs\u00e9bet Karit\u00e1sz K\u00f6zpont | Facebook<\/a><\/p>\n\n\n\n<p>\u00b7&nbsp;&nbsp;&nbsp;&nbsp;&nbsp;&nbsp;&nbsp;&nbsp;&nbsp;A Budapest-Belv\u00e1rosi Nagyboldogasszony F\u0151pl\u00e9b\u00e1nia karit\u00e1sz csoportja Gell\u00e9rt-hegyi s\u00e9t\u00e1t szervez m\u00e1jus 22-re, szombatra 10.00 \u00f3rai indul\u00e1ssal (kb. d\u00e9lig tart a program). Tal\u00e1lkoz\u00e1si hely: Belv\u00e1rosi templom f\u0151kapuja, Bp. V. ker. M\u00e1rc. 15. t\u00e9r. (az Ersz\u00e9bet-h\u00edd pesti h\u00eddf\u0151j\u00e9n\u00e9l). Rossz id\u0151 eset\u00e9n, a l\u00e9tsz\u00e1mt\u00f3l tessz\u00fck f\u00fcgg\u0151v\u00e9, hogy tartunk-e benti programot, vagy sem.<\/p>\n\n\n\n<p>\u00b7&nbsp;&nbsp;&nbsp;&nbsp;&nbsp;&nbsp;&nbsp;&nbsp;&nbsp;A Szent Erzs\u00e9bet Karit\u00e1sz K\u00f6zpont inform\u00e1ci\u00f3s d\u00e9lut\u00e1nt szervez j\u00fanius 7. h\u00e9tf\u0151 13.30 \u00f3ra kezdettel a&nbsp;<a href=\"https:\/\/www.google.com\/maps\/search\/Budapest,+III.+ker.+K%C3%B3rh%C3%A1z+u.+37?entry=gmail&amp;source=g\">Budapest, III. ker. K\u00f3rh\u00e1z u. 37<\/a>. sz\u00e1m alatt lev\u0151 k\u00f6zpontban. Szem\u00e9lyes \u00e9s on-line t\u00e1j\u00e9koztat\u00e1st adunk az idei seg\u00e9lyprogramjainkr\u00f3l. R\u00e9szletek a r\u00e9gi\u00f3vezet\u0151i k\u00f6rlev\u00e9lben vannak le\u00edrva.<\/p>\n\n\n\n<p>\u00b7&nbsp;&nbsp;&nbsp;&nbsp;&nbsp;&nbsp;&nbsp;&nbsp;&nbsp;A Szent Erzs\u00e9bet Karit\u00e1sz K\u00f6zpont k\u00e9r\u00e9s\u00e9re f\u0151tisztelend\u0151 Feldhoffer Antal pl\u00e9b\u00e1nos atya minden els\u0151 h\u00e9tf\u0151n 15.30-kor karit\u00e1sz szentmis\u00e9t mutat be a 1035 Budapest, III. ker. K\u00f3rh\u00e1z u. 37. sz\u00e1m alatti Szent J\u00f3zsef templomban. Misesz\u00e1nd\u00e9k: \u00e9l\u0151 \u00e9s elhunyt karit\u00e1szosok\u00e9rt. A k\u00f6vetkez\u0151 alkalom j\u00fanius 7-\u00e9n lesz.<\/p>\n\n\n\n<p>\u00b7&nbsp;&nbsp;&nbsp;&nbsp;&nbsp;&nbsp;&nbsp;&nbsp;&nbsp;A j\u00fanius 7-i szentmise ut\u00e1n Mihalovics Zsigmondr\u00f3l, a Szent Erzs\u00e9bet Karit\u00e1sz K\u00f6zpont els\u0151 igazgat\u00f3j\u00e1r\u00f3l eml\u00e9kez\u00fcnk meg a 90 \u00e9ves alap\u00edt\u00e1s kapcs\u00e1n. Helysz\u00edn: 1035 Budapest, K\u00f3rh\u00e1z u. 37. Terveink szerint on-line m\u00f3don is meg lehet hallgatni Csorba G\u00e1bor megeml\u00e9kez\u00e9s\u00e9t.<\/p>\n\n\n\n<p>Csorba G\u00e1bor<\/p>\n\n\n\n<p>\u00e1lland\u00f3 diak\u00f3nus, karit\u00e1sz igazgat\u00f3<\/p>\n\n\n\n<p>Esztergom-Budapesti F\u0151egyh\u00e1zmegye<\/p>\n\n\n\n<p>Szent Erzs\u00e9bet Karit\u00e1sz K\u00f6zpont<\/p>\n\n\n\n<p class=\"has-background\" style=\"background-color:#cacaca\">Sz\u00e9khely:&nbsp;<a href=\"https:\/\/www.google.com\/maps\/search\/1067+Budapest,+Hunyadi+t%C3%A9r+3?entry=gmail&amp;source=g\">1067 Budapest, Hunyadi t\u00e9r 3<\/a>. f\u00e9lemelet 1.<\/p>\n\n\n\n<p class=\"has-background\" style=\"background-color:#cacaca\">Telefon: +36-1-351-1977<\/p>\n\n\n\n<p class=\"has-background\" style=\"background-color:#cacaca\">Mobil: +36-30-592-1483<\/p>\n\n\n\n<p class=\"has-background\" style=\"background-color:#cacaca\">E-mail:&nbsp;<a href=\"mailto:szenterzsebet@karitaszkozpont.hu\" target=\"_blank\" rel=\"noreferrer noopener\">szenterzsebet@karitaszkozpont.hu<\/a><\/p>\n\n\n\n<p class=\"has-background\" style=\"background-color:#cacaca\">Honlap:&nbsp;<a href=\"http:\/\/www.karitaszkp.hu\/\" target=\"_blank\" rel=\"noreferrer noopener\">www.karitaszkp.hu<\/a><\/p>\n\n\n\n<p class=\"has-background\" style=\"background-color:#cacaca\">A kor\u00e1bbi egypercesek itt \u00e9rhet\u0151k el:&nbsp;<a href=\"https:\/\/karitaszegypercesek.blogspot.com\/\" target=\"_blank\" rel=\"noreferrer noopener\">https:\/\/karitaszegypercesek.blogspot.com\/<\/a><\/p>\n","protected":false},"excerpt":{"rendered":"<p>121. Els\u0151\u00e1ldoz\u00e1sok napja \u201e\u00c9n vagyok a mennyb\u0151l al\u00e1sz\u00e1llott \u00e9l\u0151 keny\u00e9r. Aki ebb\u0151l a keny\u00e9rb\u0151l eszik, \u00f6r\u00f6kk\u00e9 \u00e9l.\u201d (Jn 6,51) Kedves Karit\u00e1sz \u00d6nk\u00e9ntesek, Munkat\u00e1rsak, Testv\u00e9rek az \u00darban! Urunk mennybemenetel\u00e9nek f\u0151\u00fcnnepe, hagyom\u00e1nyosan az els\u0151\u00e1ldoz\u00e1sok napja is. Ha szabad ennyi szem\u00e9lyeset \u00edrnom, hadd osszam meg \u00f6r\u00f6m\u00f6met, hogy Bern\u00e1t kisfiam (9 \u00e9ves) is ezen a sz\u00e9p \u00fcnnepnapon veszi mag\u00e1hoz &hellip; <\/p>\n<p class=\"link-more\"><a href=\"https:\/\/karitaszkozpont.hu\/?p=1239\" class=\"more-link\">Continue reading<span class=\"screen-reader-text\"> &#8222;121. Karit\u00e1sz Egyperces&#8221;<\/span><\/a><\/p>\n","protected":false},"author":1,"featured_media":563,"comment_status":"open","ping_status":"open","sticky":false,"template":"","format":"standard","meta":[],"categories":[8],"tags":[],"yoast_head":"<!-- This site is optimized with the Yoast SEO plugin v20.1 - https:\/\/yoast.com\/wordpress\/plugins\/seo\/ -->\n<title>121. Karit\u00e1sz Egyperces - Szent Erzs\u00e9bet Karit\u00e1sz K\u00f6zpont<\/title>\n<meta name=\"robots\" content=\"index, follow, max-snippet:-1, max-image-preview:large, max-video-preview:-1\" \/>\n<link rel=\"canonical\" href=\"https:\/\/karitaszkozpont.hu\/?p=1239\" \/>\n<meta property=\"og:locale\" content=\"hu_HU\" \/>\n<meta property=\"og:type\" content=\"article\" \/>\n<meta property=\"og:title\" content=\"121. Karit\u00e1sz Egyperces - Szent Erzs\u00e9bet Karit\u00e1sz K\u00f6zpont\" \/>\n<meta property=\"og:description\" content=\"121. Els\u0151\u00e1ldoz\u00e1sok napja \u201e\u00c9n vagyok a mennyb\u0151l al\u00e1sz\u00e1llott \u00e9l\u0151 keny\u00e9r. Aki ebb\u0151l a keny\u00e9rb\u0151l eszik, \u00f6r\u00f6kk\u00e9 \u00e9l.\u201d (Jn 6,51) Kedves Karit\u00e1sz \u00d6nk\u00e9ntesek, Munkat\u00e1rsak, Testv\u00e9rek az \u00darban! Urunk mennybemenetel\u00e9nek f\u0151\u00fcnnepe, hagyom\u00e1nyosan az els\u0151\u00e1ldoz\u00e1sok napja is. Ha szabad ennyi szem\u00e9lyeset \u00edrnom, hadd osszam meg \u00f6r\u00f6m\u00f6met, hogy Bern\u00e1t kisfiam (9 \u00e9ves) is ezen a sz\u00e9p \u00fcnnepnapon veszi mag\u00e1hoz &hellip; Continue reading &quot;121. Karit\u00e1sz Egyperces&quot;\" \/>\n<meta property=\"og:url\" content=\"https:\/\/karitaszkozpont.hu\/?p=1239\" \/>\n<meta property=\"og:site_name\" content=\"Szent Erzs\u00e9bet Karit\u00e1sz K\u00f6zpont\" \/>\n<meta property=\"article:published_time\" content=\"2021-05-18T19:41:07+00:00\" \/>\n<meta property=\"article:modified_time\" content=\"2021-05-18T19:41:08+00:00\" \/>\n<meta property=\"og:image\" content=\"https:\/\/karitaszkozpont.hu\/wp-content\/uploads\/2019\/07\/egyperceslogo.jpg\" \/>\n\t<meta property=\"og:image:width\" content=\"2300\" \/>\n\t<meta property=\"og:image:height\" content=\"1528\" \/>\n\t<meta property=\"og:image:type\" content=\"image\/jpeg\" \/>\n<meta name=\"author\" content=\"Karit\u00e1sz K\u00f6zpont\" \/>\n<meta name=\"twitter:card\" content=\"summary_large_image\" \/>\n<meta name=\"twitter:label1\" content=\"Szerz\u0151:\" \/>\n\t<meta name=\"twitter:data1\" content=\"Karit\u00e1sz K\u00f6zpont\" \/>\n\t<meta name=\"twitter:label2\" content=\"Becs\u00fclt olvas\u00e1si id\u0151\" \/>\n\t<meta name=\"twitter:data2\" content=\"3 perc\" \/>\n<script type=\"application\/ld+json\" class=\"yoast-schema-graph\">{\"@context\":\"https:\/\/schema.org\",\"@graph\":[{\"@type\":\"Article\",\"@id\":\"https:\/\/karitaszkozpont.hu\/?p=1239#article\",\"isPartOf\":{\"@id\":\"https:\/\/karitaszkozpont.hu\/?p=1239\"},\"author\":{\"name\":\"Karit\u00e1sz K\u00f6zpont\",\"@id\":\"https:\/\/karitaszkozpont.hu\/#\/schema\/person\/0d9c28244c111914ea13bb1248775e57\"},\"headline\":\"121. Karit\u00e1sz Egyperces\",\"datePublished\":\"2021-05-18T19:41:07+00:00\",\"dateModified\":\"2021-05-18T19:41:08+00:00\",\"mainEntityOfPage\":{\"@id\":\"https:\/\/karitaszkozpont.hu\/?p=1239\"},\"wordCount\":1100,\"commentCount\":0,\"publisher\":{\"@id\":\"https:\/\/karitaszkozpont.hu\/#organization\"},\"articleSection\":[\"Egypercesek\"],\"inLanguage\":\"hu\",\"potentialAction\":[{\"@type\":\"CommentAction\",\"name\":\"Comment\",\"target\":[\"https:\/\/karitaszkozpont.hu\/?p=1239#respond\"]}]},{\"@type\":\"WebPage\",\"@id\":\"https:\/\/karitaszkozpont.hu\/?p=1239\",\"url\":\"https:\/\/karitaszkozpont.hu\/?p=1239\",\"name\":\"121. Karit\u00e1sz Egyperces - Szent Erzs\u00e9bet Karit\u00e1sz K\u00f6zpont\",\"isPartOf\":{\"@id\":\"https:\/\/karitaszkozpont.hu\/#website\"},\"datePublished\":\"2021-05-18T19:41:07+00:00\",\"dateModified\":\"2021-05-18T19:41:08+00:00\",\"breadcrumb\":{\"@id\":\"https:\/\/karitaszkozpont.hu\/?p=1239#breadcrumb\"},\"inLanguage\":\"hu\",\"potentialAction\":[{\"@type\":\"ReadAction\",\"target\":[\"https:\/\/karitaszkozpont.hu\/?p=1239\"]}]},{\"@type\":\"BreadcrumbList\",\"@id\":\"https:\/\/karitaszkozpont.hu\/?p=1239#breadcrumb\",\"itemListElement\":[{\"@type\":\"ListItem\",\"position\":1,\"name\":\"Kezd\u0151lap\",\"item\":\"https:\/\/karitaszkozpont.hu\/\"},{\"@type\":\"ListItem\",\"position\":2,\"name\":\"121. Karit\u00e1sz Egyperces\"}]},{\"@type\":\"WebSite\",\"@id\":\"https:\/\/karitaszkozpont.hu\/#website\",\"url\":\"https:\/\/karitaszkozpont.hu\/\",\"name\":\"Szent Erzs\u00e9bet Karit\u00e1sz K\u00f6zpont\",\"description\":\"Esztergom-Budapesti F\u0151egyh\u00e1zmegye\",\"publisher\":{\"@id\":\"https:\/\/karitaszkozpont.hu\/#organization\"},\"potentialAction\":[{\"@type\":\"SearchAction\",\"target\":{\"@type\":\"EntryPoint\",\"urlTemplate\":\"https:\/\/karitaszkozpont.hu\/?s={search_term_string}\"},\"query-input\":\"required name=search_term_string\"}],\"inLanguage\":\"hu\"},{\"@type\":\"Organization\",\"@id\":\"https:\/\/karitaszkozpont.hu\/#organization\",\"name\":\"Szent Erzs\u00e9bet Karit\u00e1sz K\u00f6zpont\",\"url\":\"https:\/\/karitaszkozpont.hu\/\",\"logo\":{\"@type\":\"ImageObject\",\"inLanguage\":\"hu\",\"@id\":\"https:\/\/karitaszkozpont.hu\/#\/schema\/logo\/image\/\",\"url\":\"https:\/\/karitaszkp.hu\/wp-content\/uploads\/2019\/06\/cropped-logo-arnyekos-1.png\",\"contentUrl\":\"https:\/\/karitaszkp.hu\/wp-content\/uploads\/2019\/06\/cropped-logo-arnyekos-1.png\",\"width\":240,\"height\":247,\"caption\":\"Szent Erzs\u00e9bet Karit\u00e1sz K\u00f6zpont\"},\"image\":{\"@id\":\"https:\/\/karitaszkozpont.hu\/#\/schema\/logo\/image\/\"}},{\"@type\":\"Person\",\"@id\":\"https:\/\/karitaszkozpont.hu\/#\/schema\/person\/0d9c28244c111914ea13bb1248775e57\",\"name\":\"Karit\u00e1sz K\u00f6zpont\",\"image\":{\"@type\":\"ImageObject\",\"inLanguage\":\"hu\",\"@id\":\"https:\/\/karitaszkozpont.hu\/#\/schema\/person\/image\/\",\"url\":\"https:\/\/secure.gravatar.com\/avatar\/1274acd7c62f3cac92d2b38aad20c71b?s=96&d=mm&r=g\",\"contentUrl\":\"https:\/\/secure.gravatar.com\/avatar\/1274acd7c62f3cac92d2b38aad20c71b?s=96&d=mm&r=g\",\"caption\":\"Karit\u00e1sz K\u00f6zpont\"},\"url\":\"https:\/\/karitaszkozpont.hu\/?author=1\"}]}<\/script>\n<!-- \/ Yoast SEO plugin. -->","yoast_head_json":{"title":"121. Karit\u00e1sz Egyperces - Szent Erzs\u00e9bet Karit\u00e1sz K\u00f6zpont","robots":{"index":"index","follow":"follow","max-snippet":"max-snippet:-1","max-image-preview":"max-image-preview:large","max-video-preview":"max-video-preview:-1"},"canonical":"https:\/\/karitaszkozpont.hu\/?p=1239","og_locale":"hu_HU","og_type":"article","og_title":"121. Karit\u00e1sz Egyperces - Szent Erzs\u00e9bet Karit\u00e1sz K\u00f6zpont","og_description":"121. Els\u0151\u00e1ldoz\u00e1sok napja \u201e\u00c9n vagyok a mennyb\u0151l al\u00e1sz\u00e1llott \u00e9l\u0151 keny\u00e9r. Aki ebb\u0151l a keny\u00e9rb\u0151l eszik, \u00f6r\u00f6kk\u00e9 \u00e9l.\u201d (Jn 6,51) Kedves Karit\u00e1sz \u00d6nk\u00e9ntesek, Munkat\u00e1rsak, Testv\u00e9rek az \u00darban! Urunk mennybemenetel\u00e9nek f\u0151\u00fcnnepe, hagyom\u00e1nyosan az els\u0151\u00e1ldoz\u00e1sok napja is. Ha szabad ennyi szem\u00e9lyeset \u00edrnom, hadd osszam meg \u00f6r\u00f6m\u00f6met, hogy Bern\u00e1t kisfiam (9 \u00e9ves) is ezen a sz\u00e9p \u00fcnnepnapon veszi mag\u00e1hoz &hellip; Continue reading \"121. Karit\u00e1sz Egyperces\"","og_url":"https:\/\/karitaszkozpont.hu\/?p=1239","og_site_name":"Szent Erzs\u00e9bet Karit\u00e1sz K\u00f6zpont","article_published_time":"2021-05-18T19:41:07+00:00","article_modified_time":"2021-05-18T19:41:08+00:00","og_image":[{"width":2300,"height":1528,"url":"https:\/\/karitaszkozpont.hu\/wp-content\/uploads\/2019\/07\/egyperceslogo.jpg","type":"image\/jpeg"}],"author":"Karit\u00e1sz K\u00f6zpont","twitter_card":"summary_large_image","twitter_misc":{"Szerz\u0151:":"Karit\u00e1sz K\u00f6zpont","Becs\u00fclt olvas\u00e1si id\u0151":"3 perc"},"schema":{"@context":"https:\/\/schema.org","@graph":[{"@type":"Article","@id":"https:\/\/karitaszkozpont.hu\/?p=1239#article","isPartOf":{"@id":"https:\/\/karitaszkozpont.hu\/?p=1239"},"author":{"name":"Karit\u00e1sz K\u00f6zpont","@id":"https:\/\/karitaszkozpont.hu\/#\/schema\/person\/0d9c28244c111914ea13bb1248775e57"},"headline":"121. Karit\u00e1sz Egyperces","datePublished":"2021-05-18T19:41:07+00:00","dateModified":"2021-05-18T19:41:08+00:00","mainEntityOfPage":{"@id":"https:\/\/karitaszkozpont.hu\/?p=1239"},"wordCount":1100,"commentCount":0,"publisher":{"@id":"https:\/\/karitaszkozpont.hu\/#organization"},"articleSection":["Egypercesek"],"inLanguage":"hu","potentialAction":[{"@type":"CommentAction","name":"Comment","target":["https:\/\/karitaszkozpont.hu\/?p=1239#respond"]}]},{"@type":"WebPage","@id":"https:\/\/karitaszkozpont.hu\/?p=1239","url":"https:\/\/karitaszkozpont.hu\/?p=1239","name":"121. Karit\u00e1sz Egyperces - Szent Erzs\u00e9bet Karit\u00e1sz K\u00f6zpont","isPartOf":{"@id":"https:\/\/karitaszkozpont.hu\/#website"},"datePublished":"2021-05-18T19:41:07+00:00","dateModified":"2021-05-18T19:41:08+00:00","breadcrumb":{"@id":"https:\/\/karitaszkozpont.hu\/?p=1239#breadcrumb"},"inLanguage":"hu","potentialAction":[{"@type":"ReadAction","target":["https:\/\/karitaszkozpont.hu\/?p=1239"]}]},{"@type":"BreadcrumbList","@id":"https:\/\/karitaszkozpont.hu\/?p=1239#breadcrumb","itemListElement":[{"@type":"ListItem","position":1,"name":"Kezd\u0151lap","item":"https:\/\/karitaszkozpont.hu\/"},{"@type":"ListItem","position":2,"name":"121. Karit\u00e1sz Egyperces"}]},{"@type":"WebSite","@id":"https:\/\/karitaszkozpont.hu\/#website","url":"https:\/\/karitaszkozpont.hu\/","name":"Szent Erzs\u00e9bet Karit\u00e1sz K\u00f6zpont","description":"Esztergom-Budapesti F\u0151egyh\u00e1zmegye","publisher":{"@id":"https:\/\/karitaszkozpont.hu\/#organization"},"potentialAction":[{"@type":"SearchAction","target":{"@type":"EntryPoint","urlTemplate":"https:\/\/karitaszkozpont.hu\/?s={search_term_string}"},"query-input":"required name=search_term_string"}],"inLanguage":"hu"},{"@type":"Organization","@id":"https:\/\/karitaszkozpont.hu\/#organization","name":"Szent Erzs\u00e9bet Karit\u00e1sz K\u00f6zpont","url":"https:\/\/karitaszkozpont.hu\/","logo":{"@type":"ImageObject","inLanguage":"hu","@id":"https:\/\/karitaszkozpont.hu\/#\/schema\/logo\/image\/","url":"https:\/\/karitaszkp.hu\/wp-content\/uploads\/2019\/06\/cropped-logo-arnyekos-1.png","contentUrl":"https:\/\/karitaszkp.hu\/wp-content\/uploads\/2019\/06\/cropped-logo-arnyekos-1.png","width":240,"height":247,"caption":"Szent Erzs\u00e9bet Karit\u00e1sz K\u00f6zpont"},"image":{"@id":"https:\/\/karitaszkozpont.hu\/#\/schema\/logo\/image\/"}},{"@type":"Person","@id":"https:\/\/karitaszkozpont.hu\/#\/schema\/person\/0d9c28244c111914ea13bb1248775e57","name":"Karit\u00e1sz K\u00f6zpont","image":{"@type":"ImageObject","inLanguage":"hu","@id":"https:\/\/karitaszkozpont.hu\/#\/schema\/person\/image\/","url":"https:\/\/secure.gravatar.com\/avatar\/1274acd7c62f3cac92d2b38aad20c71b?s=96&d=mm&r=g","contentUrl":"https:\/\/secure.gravatar.com\/avatar\/1274acd7c62f3cac92d2b38aad20c71b?s=96&d=mm&r=g","caption":"Karit\u00e1sz K\u00f6zpont"},"url":"https:\/\/karitaszkozpont.hu\/?author=1"}]}},"_links":{"self":[{"href":"https:\/\/karitaszkozpont.hu\/index.php?rest_route=\/wp\/v2\/posts\/1239"}],"collection":[{"href":"https:\/\/karitaszkozpont.hu\/index.php?rest_route=\/wp\/v2\/posts"}],"about":[{"href":"https:\/\/karitaszkozpont.hu\/index.php?rest_route=\/wp\/v2\/types\/post"}],"author":[{"embeddable":true,"href":"https:\/\/karitaszkozpont.hu\/index.php?rest_route=\/wp\/v2\/users\/1"}],"replies":[{"embeddable":true,"href":"https:\/\/karitaszkozpont.hu\/index.php?rest_route=%2Fwp%2Fv2%2Fcomments&post=1239"}],"version-history":[{"count":1,"href":"https:\/\/karitaszkozpont.hu\/index.php?rest_route=\/wp\/v2\/posts\/1239\/revisions"}],"predecessor-version":[{"id":1240,"href":"https:\/\/karitaszkozpont.hu\/index.php?rest_route=\/wp\/v2\/posts\/1239\/revisions\/1240"}],"wp:featuredmedia":[{"embeddable":true,"href":"https:\/\/karitaszkozpont.hu\/index.php?rest_route=\/wp\/v2\/media\/563"}],"wp:attachment":[{"href":"https:\/\/karitaszkozpont.hu\/index.php?rest_route=%2Fwp%2Fv2%2Fmedia&parent=1239"}],"wp:term":[{"taxonomy":"category","embeddable":true,"href":"https:\/\/karitaszkozpont.hu\/index.php?rest_route=%2Fwp%2Fv2%2Fcategories&post=1239"},{"taxonomy":"post_tag","embeddable":true,"href":"https:\/\/karitaszkozpont.hu\/index.php?rest_route=%2Fwp%2Fv2%2Ftags&post=1239"}],"curies":[{"name":"wp","href":"https:\/\/api.w.org\/{rel}","templated":true}]}}