{"id":1229,"date":"2021-05-14T17:05:17","date_gmt":"2021-05-14T15:05:17","guid":{"rendered":"http:\/\/karitaszkp.hu\/?p=1229"},"modified":"2021-05-14T17:05:18","modified_gmt":"2021-05-14T15:05:18","slug":"a-szolgalo-szeretetet-nem-gyozheti-le-a-virus","status":"publish","type":"post","link":"https:\/\/karitaszkozpont.hu\/?p=1229","title":{"rendered":"A szolg\u00e1l\u00f3 szeretetet nem gy\u0151zheti le a v\u00edrus! \u2026"},"content":{"rendered":"\n<p class=\"has-white-color has-vivid-red-background-color has-text-color has-background has-large-font-size\"><strong><em>A szolg\u00e1l\u00f3 szeretetet nem gy\u0151zheti le a v\u00edrus! \u2026<\/em><\/strong><\/p>\n\n\n\n<p><strong><em>&#8222;Az \u00e9let egyik sz\u00e9ps\u00e9ge az, hogy b\u00e1r sokmindent elvesz\u00edthetsz, de azt sosem, amit te adt\u00e1l m\u00e1soknak. Amint ezt meg\u00e9rted, r\u00e1j\u00f6ssz, hogy \u00e9leted val\u00f3di min\u0151s\u00e9ge azok sz\u00edvdobban\u00e1s\u00e1ban rejlik, akik h\u00e1l\u00e1sak az\u00e9rt, hogy te l\u00e9tezel.\u201d (ismeretlen)<\/em><\/strong><\/p>\n\n\n\n<p>Az Esztergom &#8211; baj\u00f3ti Karit\u00e1sz R\u00e9gi\u00f3ban is v\u00e1gytunk arra, hogy a 2021 \u00e9vet v\u00edrusmentesen kezdhess\u00fck, de az \u00e9let m\u00e1sk\u00e9nt \u00edrta az \u00e9vkezd\u00e9s\u00fcnket. Azt tapasztaltam, hogy a f\u00e9lelem \u00e9s a bizonytalans\u00e1g minden\u00fctt aggodalmat keltett a karit\u00e1szvezet\u0151k sz\u00edv\u00e9ben. Hi\u00e1nyoznak a szem\u00e9lyes kibesz\u00e9l\u0151 tal\u00e1lkoz\u00e1sok, ahol minden vezet\u0151 megosztja a probl\u00e9m\u00e1j\u00e1t seg\u00edts\u00e9get k\u00e9rve a megold\u00e1sra, vagy lelkesen elbesz\u00e9li \u00f6r\u00f6mteli szolg\u00e1lat\u00e1t meger\u0151s\u00edtve mindannyiunkat a tev\u00e9keny szeretet\u00fckkel. Hi\u00e1ny\u00e1t \u00e9rezz\u00fck a meger\u0151s\u00edt\u0151 \u00e9s \u00f6sszetart\u00f3 lelkigyakorlatoknak, tov\u00e1bbk\u00e9pz\u00e9seknek.<\/p>\n\n\n\n<p>Kor\u00e1bbi \u00e9vekben csoportjainkban, kar\u00e1csony ut\u00e1n m\u00e1r \u00edrtuk a k\u00f6vetkez\u0151 \u00e9v terveit \u00e9s lend\u00fcletet vett a szervez\u00e9si munka a programok megval\u00f3s\u00edt\u00e1s\u00e1hoz. A j\u00e1rv\u00e1ny miatt sajnos id\u00e9n ezid\u00e1ig mind meghi\u00fasult. A csal\u00e1dokban a munkahelyek elveszt\u00e9se a mindennapi l\u00e9tfenntart\u00e1s bizonytalans\u00e1ga id\u0151sek kiszolg\u00e1ltatotts\u00e1ga nagy feladatot adott Karit\u00e1sz \u00f6nk\u00e9nteseinknek.\u00a0<\/p>\n\n\n\n<div class=\"is-layout-flex wp-container-5 wp-block-columns\">\n<div class=\"is-layout-flow wp-block-column\" style=\"flex-basis:100%\">\n<div class=\"is-layout-flow wp-block-group\"><div class=\"wp-block-group__inner-container\">\n<div class=\"is-layout-flex wp-container-2 wp-block-columns\">\n<div class=\"is-layout-flow wp-block-column\" style=\"flex-basis:100%\">\n<div class=\"wp-block-envira-envira-gallery\"><div id=\"envira-gallery-wrap-1236\" class=\"envira-gallery-wrap envira-gallery-theme-base envira-lightbox-theme-base\" itemscope itemtype=\"https:\/\/schema.org\/ImageGallery\"><div data-row-height=\"150\" data-gallery-theme=\"normal\" id=\"envira-gallery-1236\" class=\"envira-gallery-public envira-gallery-justified-public envira-gallery-0-columns envira-clear enviratope envira-gallery-css-animations\" data-envira-columns=\"0\"><div id=\"envira-gallery-item-1230\" class=\"envira-gallery-item enviratope-item envira-gallery-item-1 envira-lazy-load\" style=\"padding-left: 1px; padding-bottom: 1px; padding-right: 1px;\"  itemscope itemtype=\"https:\/\/schema.org\/ImageObject\"><div class=\"envira-gallery-item-inner\"><div class=\"envira-gallery-position-overlay  envira-gallery-top-left\"><\/div><div class=\"envira-gallery-position-overlay  envira-gallery-top-right\"><\/div><div class=\"envira-gallery-position-overlay  envira-gallery-bottom-left\"><\/div><div class=\"envira-gallery-position-overlay  envira-gallery-bottom-right\"><\/div><a href=\"http:\/\/karitaszkp.hu\/wp-content\/uploads\/2021\/05\/20210303-E-karitasz-kozp.-kukoricaszalami-Beres-csepp-scaled.jpg\" class=\"envira-gallery-1236 envira-gallery-link\" rel=\"enviragallery1236\" title=\"20210303-E-karitasz-kozp.-kukoricaszalami-Beres-csepp\" data-envira-caption=\"20210303-E-karitasz-kozp.-kukoricaszalami-Beres-csepp\" data-envira-retina=\"\" data-thumbnail=\"\"  itemprop=\"contentUrl\"><img id=\"envira-gallery-image-1230\" class=\"envira-gallery-image envira-gallery-image-1 envira-normal envira-lazy\" data-envira-index=\"1\" src=\"https:\/\/karitaszkozpont.hu\/wp-content\/uploads\/2021\/05\/20210303-E-karitasz-kozp.-kukoricaszalami-Beres-csepp-770x1024-640x480.jpg\" data-envira-src=\"https:\/\/karitaszkozpont.hu\/wp-content\/uploads\/2021\/05\/20210303-E-karitasz-kozp.-kukoricaszalami-Beres-csepp-770x1024-640x480.jpg\" data-envira-gallery-id=\"1236\" data-envira-item-id=\"1230\" data-envira-caption=\"20210303-E-karitasz-kozp.-kukoricaszalami-Beres-csepp\" alt=\"\" title=\"20210303-E-karitasz-kozp.-kukoricaszalami-Beres-csepp\"  itemprop=\"thumbnailUrl\" data-envira-srcset=\"https:\/\/karitaszkozpont.hu\/wp-content\/uploads\/2021\/05\/20210303-E-karitasz-kozp.-kukoricaszalami-Beres-csepp-770x1024-640x480.jpg 400w,https:\/\/karitaszkozpont.hu\/wp-content\/uploads\/2021\/05\/20210303-E-karitasz-kozp.-kukoricaszalami-Beres-csepp-770x1024-640x480.jpg 2x\" data-envira-width=\"226\" data-envira-height=\"300\" srcset=\"data:image\/gif;base64,R0lGODlhAQABAIAAAP\/\/\/\/\/\/\/yH5BAEKAAEALAAAAAABAAEAAAICTAEAOw==\" data-safe-src=\"data:image\/gif;base64,R0lGODlhAQABAIAAAP\/\/\/\/\/\/\/yH5BAEKAAEALAAAAAABAAEAAAICTAEAOw==\" \/><\/a><\/div><\/div><div id=\"envira-gallery-item-1231\" class=\"envira-gallery-item enviratope-item envira-gallery-item-2 envira-lazy-load\" style=\"padding-left: 1px; padding-bottom: 1px; padding-right: 1px;\"  itemscope itemtype=\"https:\/\/schema.org\/ImageObject\"><div class=\"envira-gallery-item-inner\"><div class=\"envira-gallery-position-overlay  envira-gallery-top-left\"><\/div><div class=\"envira-gallery-position-overlay  envira-gallery-top-right\"><\/div><div class=\"envira-gallery-position-overlay  envira-gallery-bottom-left\"><\/div><div class=\"envira-gallery-position-overlay  envira-gallery-bottom-right\"><\/div><a href=\"http:\/\/karitaszkp.hu\/wp-content\/uploads\/2021\/05\/20210330-Esztergom-kozpont-adomany-oszt.-scaled.jpg\" class=\"envira-gallery-1236 envira-gallery-link\" rel=\"enviragallery1236\" title=\"20210330-Esztergom-kozpont-adomany-oszt.\" data-envira-caption=\"20210330-Esztergom-kozpont-adomany-oszt.\" data-envira-retina=\"\" data-thumbnail=\"\"  itemprop=\"contentUrl\"><img id=\"envira-gallery-image-1231\" class=\"envira-gallery-image envira-gallery-image-2 envira-normal envira-lazy\" data-envira-index=\"2\" src=\"https:\/\/karitaszkozpont.hu\/wp-content\/uploads\/2021\/05\/20210330-Esztergom-kozpont-adomany-oszt.-770x1024-640x480.jpg\" data-envira-src=\"https:\/\/karitaszkozpont.hu\/wp-content\/uploads\/2021\/05\/20210330-Esztergom-kozpont-adomany-oszt.-770x1024-640x480.jpg\" data-envira-gallery-id=\"1236\" data-envira-item-id=\"1231\" data-envira-caption=\"20210330-Esztergom-kozpont-adomany-oszt.\" alt=\"\" title=\"20210330-Esztergom-kozpont-adomany-oszt.\"  itemprop=\"thumbnailUrl\" data-envira-srcset=\"https:\/\/karitaszkozpont.hu\/wp-content\/uploads\/2021\/05\/20210330-Esztergom-kozpont-adomany-oszt.-770x1024-640x480.jpg 400w,https:\/\/karitaszkozpont.hu\/wp-content\/uploads\/2021\/05\/20210330-Esztergom-kozpont-adomany-oszt.-770x1024-640x480.jpg 2x\" data-envira-width=\"226\" data-envira-height=\"300\" srcset=\"data:image\/gif;base64,R0lGODlhAQABAIAAAP\/\/\/\/\/\/\/yH5BAEKAAEALAAAAAABAAEAAAICTAEAOw==\" data-safe-src=\"data:image\/gif;base64,R0lGODlhAQABAIAAAP\/\/\/\/\/\/\/yH5BAEKAAEALAAAAAABAAEAAAICTAEAOw==\" \/><\/a><\/div><\/div><div id=\"envira-gallery-item-1232\" class=\"envira-gallery-item enviratope-item envira-gallery-item-3 envira-lazy-load\" style=\"padding-left: 1px; padding-bottom: 1px; padding-right: 1px;\"  itemscope itemtype=\"https:\/\/schema.org\/ImageObject\"><div class=\"envira-gallery-item-inner\"><div class=\"envira-gallery-position-overlay  envira-gallery-top-left\"><\/div><div class=\"envira-gallery-position-overlay  envira-gallery-top-right\"><\/div><div class=\"envira-gallery-position-overlay  envira-gallery-bottom-left\"><\/div><div class=\"envira-gallery-position-overlay  envira-gallery-bottom-right\"><\/div><a href=\"http:\/\/karitaszkp.hu\/wp-content\/uploads\/2021\/05\/20210311-Egyetemista-latogatasa-1-scaled.jpg\" class=\"envira-gallery-1236 envira-gallery-link\" rel=\"enviragallery1236\" title=\"20210311-Egyetemista-latogatasa-1\" data-envira-caption=\"20210311-Egyetemista-latogatasa-1\" data-envira-retina=\"\" data-thumbnail=\"\"  itemprop=\"contentUrl\"><img id=\"envira-gallery-image-1232\" class=\"envira-gallery-image envira-gallery-image-3 envira-normal envira-lazy\" data-envira-index=\"3\" src=\"https:\/\/karitaszkozpont.hu\/wp-content\/uploads\/2021\/05\/20210311-Egyetemista-latogatasa-1-1024x770-640x480.jpg\" data-envira-src=\"https:\/\/karitaszkozpont.hu\/wp-content\/uploads\/2021\/05\/20210311-Egyetemista-latogatasa-1-1024x770-640x480.jpg\" data-envira-gallery-id=\"1236\" data-envira-item-id=\"1232\" data-envira-caption=\"20210311-Egyetemista-latogatasa-1\" alt=\"\" title=\"20210311-Egyetemista-latogatasa-1\"  itemprop=\"thumbnailUrl\" data-envira-srcset=\"https:\/\/karitaszkozpont.hu\/wp-content\/uploads\/2021\/05\/20210311-Egyetemista-latogatasa-1-1024x770-640x480.jpg 400w,https:\/\/karitaszkozpont.hu\/wp-content\/uploads\/2021\/05\/20210311-Egyetemista-latogatasa-1-1024x770-640x480.jpg 2x\" data-envira-width=\"300\" data-envira-height=\"226\" srcset=\"data:image\/gif;base64,R0lGODlhAQABAIAAAP\/\/\/\/\/\/\/yH5BAEKAAEALAAAAAABAAEAAAICTAEAOw==\" data-safe-src=\"data:image\/gif;base64,R0lGODlhAQABAIAAAP\/\/\/\/\/\/\/yH5BAEKAAEALAAAAAABAAEAAAICTAEAOw==\" \/><\/a><\/div><\/div><div id=\"envira-gallery-item-1233\" class=\"envira-gallery-item enviratope-item envira-gallery-item-4 envira-lazy-load\" style=\"padding-left: 1px; padding-bottom: 1px; padding-right: 1px;\"  itemscope itemtype=\"https:\/\/schema.org\/ImageObject\"><div class=\"envira-gallery-item-inner\"><div class=\"envira-gallery-position-overlay  envira-gallery-top-left\"><\/div><div class=\"envira-gallery-position-overlay  envira-gallery-top-right\"><\/div><div class=\"envira-gallery-position-overlay  envira-gallery-bottom-left\"><\/div><div class=\"envira-gallery-position-overlay  envira-gallery-bottom-right\"><\/div><a href=\"http:\/\/karitaszkp.hu\/wp-content\/uploads\/2021\/05\/20210403-vetomagatadas-Sarisap-2.jpg\" class=\"envira-gallery-1236 envira-gallery-link\" rel=\"enviragallery1236\" title=\"20210403-vetomagatadas-Sarisap-2\" data-envira-caption=\"20210403-vetomagatadas-Sarisap-2\" data-envira-retina=\"\" data-thumbnail=\"\"  itemprop=\"contentUrl\"><img id=\"envira-gallery-image-1233\" class=\"envira-gallery-image envira-gallery-image-4 envira-normal envira-lazy\" data-envira-index=\"4\" src=\"https:\/\/karitaszkozpont.hu\/wp-content\/uploads\/2021\/05\/20210403-vetomagatadas-Sarisap-2-809x1024-640x480.jpg\" data-envira-src=\"https:\/\/karitaszkozpont.hu\/wp-content\/uploads\/2021\/05\/20210403-vetomagatadas-Sarisap-2-809x1024-640x480.jpg\" data-envira-gallery-id=\"1236\" data-envira-item-id=\"1233\" data-envira-caption=\"20210403-vetomagatadas-Sarisap-2\" alt=\"\" title=\"20210403-vetomagatadas-Sarisap-2\"  itemprop=\"thumbnailUrl\" data-envira-srcset=\"https:\/\/karitaszkozpont.hu\/wp-content\/uploads\/2021\/05\/20210403-vetomagatadas-Sarisap-2-809x1024-640x480.jpg 400w,https:\/\/karitaszkozpont.hu\/wp-content\/uploads\/2021\/05\/20210403-vetomagatadas-Sarisap-2-809x1024-640x480.jpg 2x\" data-envira-width=\"237\" data-envira-height=\"300\" srcset=\"data:image\/gif;base64,R0lGODlhAQABAIAAAP\/\/\/\/\/\/\/yH5BAEKAAEALAAAAAABAAEAAAICTAEAOw==\" data-safe-src=\"data:image\/gif;base64,R0lGODlhAQABAIAAAP\/\/\/\/\/\/\/yH5BAEKAAEALAAAAAABAAEAAAICTAEAOw==\" \/><\/a><\/div><\/div><div id=\"envira-gallery-item-1234\" class=\"envira-gallery-item enviratope-item envira-gallery-item-5 envira-lazy-load\" style=\"padding-left: 1px; padding-bottom: 1px; padding-right: 1px;\"  itemscope itemtype=\"https:\/\/schema.org\/ImageObject\"><div class=\"envira-gallery-item-inner\"><div class=\"envira-gallery-position-overlay  envira-gallery-top-left\"><\/div><div class=\"envira-gallery-position-overlay  envira-gallery-top-right\"><\/div><div class=\"envira-gallery-position-overlay  envira-gallery-bottom-left\"><\/div><div class=\"envira-gallery-position-overlay  envira-gallery-bottom-right\"><\/div><a href=\"http:\/\/karitaszkp.hu\/wp-content\/uploads\/2021\/05\/Piliscsev-Husveti-elelmiszergyujtes.jpg\" class=\"envira-gallery-1236 envira-gallery-link\" rel=\"enviragallery1236\" title=\"Piliscsev-Husveti-elelmiszergyujtes\" data-envira-caption=\"Piliscsev-Husveti-elelmiszergyujtes\" data-envira-retina=\"\" data-thumbnail=\"\"  itemprop=\"contentUrl\"><img id=\"envira-gallery-image-1234\" class=\"envira-gallery-image envira-gallery-image-5 envira-normal envira-lazy\" data-envira-index=\"5\" src=\"https:\/\/karitaszkozpont.hu\/wp-content\/uploads\/2021\/05\/Piliscsev-Husveti-elelmiszergyujtes-768x1024-640x480.jpg\" data-envira-src=\"https:\/\/karitaszkozpont.hu\/wp-content\/uploads\/2021\/05\/Piliscsev-Husveti-elelmiszergyujtes-768x1024-640x480.jpg\" data-envira-gallery-id=\"1236\" data-envira-item-id=\"1234\" data-envira-caption=\"Piliscsev-Husveti-elelmiszergyujtes\" alt=\"\" title=\"Piliscsev-Husveti-elelmiszergyujtes\"  itemprop=\"thumbnailUrl\" data-envira-srcset=\"https:\/\/karitaszkozpont.hu\/wp-content\/uploads\/2021\/05\/Piliscsev-Husveti-elelmiszergyujtes-768x1024-640x480.jpg 400w,https:\/\/karitaszkozpont.hu\/wp-content\/uploads\/2021\/05\/Piliscsev-Husveti-elelmiszergyujtes-768x1024-640x480.jpg 2x\" data-envira-width=\"225\" data-envira-height=\"300\" srcset=\"data:image\/gif;base64,R0lGODlhAQABAIAAAP\/\/\/\/\/\/\/yH5BAEKAAEALAAAAAABAAEAAAICTAEAOw==\" data-safe-src=\"data:image\/gif;base64,R0lGODlhAQABAIAAAP\/\/\/\/\/\/\/yH5BAEKAAEALAAAAAABAAEAAAICTAEAOw==\" \/><\/a><\/div><\/div><div id=\"envira-gallery-item-1235\" class=\"envira-gallery-item enviratope-item envira-gallery-item-6 envira-lazy-load\" style=\"padding-left: 1px; padding-bottom: 1px; padding-right: 1px;\"  itemscope itemtype=\"https:\/\/schema.org\/ImageObject\"><div class=\"envira-gallery-item-inner\"><div class=\"envira-gallery-position-overlay  envira-gallery-top-left\"><\/div><div class=\"envira-gallery-position-overlay  envira-gallery-top-right\"><\/div><div class=\"envira-gallery-position-overlay  envira-gallery-bottom-left\"><\/div><div class=\"envira-gallery-position-overlay  envira-gallery-bottom-right\"><\/div><a href=\"http:\/\/karitaszkp.hu\/wp-content\/uploads\/2021\/05\/2021-03-vetomag-atadas-Tokod-2.jpg\" class=\"envira-gallery-1236 envira-gallery-link\" rel=\"enviragallery1236\" title=\"2021-03-vetomag-atadas-Tokod-2\" data-envira-caption=\"2021-03-vetomag-atadas-Tokod-2\" data-envira-retina=\"\" data-thumbnail=\"\"  itemprop=\"contentUrl\"><img id=\"envira-gallery-image-1235\" class=\"envira-gallery-image envira-gallery-image-6 envira-normal envira-lazy\" data-envira-index=\"6\" src=\"https:\/\/karitaszkozpont.hu\/wp-content\/uploads\/2021\/05\/2021-03-vetomag-atadas-Tokod-2-640x480.jpg\" data-envira-src=\"https:\/\/karitaszkozpont.hu\/wp-content\/uploads\/2021\/05\/2021-03-vetomag-atadas-Tokod-2-640x480.jpg\" data-envira-gallery-id=\"1236\" data-envira-item-id=\"1235\" data-envira-caption=\"2021-03-vetomag-atadas-Tokod-2\" alt=\"\" title=\"2021-03-vetomag-atadas-Tokod-2\"  itemprop=\"thumbnailUrl\" data-envira-srcset=\"https:\/\/karitaszkozpont.hu\/wp-content\/uploads\/2021\/05\/2021-03-vetomag-atadas-Tokod-2-640x480.jpg 400w,https:\/\/karitaszkozpont.hu\/wp-content\/uploads\/2021\/05\/2021-03-vetomag-atadas-Tokod-2-640x480.jpg 2x\" data-envira-width=\"216\" data-envira-height=\"300\" srcset=\"data:image\/gif;base64,R0lGODlhAQABAIAAAP\/\/\/\/\/\/\/yH5BAEKAAEALAAAAAABAAEAAAICTAEAOw==\" data-safe-src=\"data:image\/gif;base64,R0lGODlhAQABAIAAAP\/\/\/\/\/\/\/yH5BAEKAAEALAAAAAABAAEAAAICTAEAOw==\" \/><\/a><\/div><\/div><\/div><\/div><noscript><img src=\"https:\/\/karitaszkozpont.hu\/wp-content\/uploads\/2021\/05\/20210303-E-karitasz-kozp.-kukoricaszalami-Beres-csepp-scaled.jpg\" alt=\"\" \/><img src=\"https:\/\/karitaszkozpont.hu\/wp-content\/uploads\/2021\/05\/20210330-Esztergom-kozpont-adomany-oszt.-scaled.jpg\" alt=\"\" \/><img src=\"https:\/\/karitaszkozpont.hu\/wp-content\/uploads\/2021\/05\/20210311-Egyetemista-latogatasa-1-scaled.jpg\" alt=\"\" \/><img src=\"https:\/\/karitaszkozpont.hu\/wp-content\/uploads\/2021\/05\/20210403-vetomagatadas-Sarisap-2.jpg\" alt=\"\" \/><img src=\"https:\/\/karitaszkozpont.hu\/wp-content\/uploads\/2021\/05\/Piliscsev-Husveti-elelmiszergyujtes.jpg\" alt=\"\" \/><img src=\"https:\/\/karitaszkozpont.hu\/wp-content\/uploads\/2021\/05\/2021-03-vetomag-atadas-Tokod-2.jpg\" alt=\"\" \/><\/noscript><\/div>\n<\/div>\n<\/div>\n<\/div><\/div>\n<\/div>\n<\/div>\n\n\n\n<p>Az \u00e9ter hull\u00e1m\u00e1n ig\u00e9nybe vett\u00fcnk minden eszk\u00f6zt, hogy lelkileg seg\u00edts\u00fck, b\u00e1tor\u00edtsuk, t\u00e1mogassuk egym\u00e1st. K\u00f6sz\u00f6nj\u00fck, hogy ebben is nagy seg\u00edts\u00e9g\u00fcnkre voltak a Szent Erzs\u00e9bet Karit\u00e1sz K\u00f6zpont \u00e1ltal szervezett Online lelkinapok melyeket Ft. Professzor Laurinyecz Mih\u00e1ly \u00e9s Ft. Michels Antal aty\u00e1k tartottak.<\/p>\n\n\n\n<p>Fontosak sz\u00e1munkra \u00e9s h\u00e1l\u00e1sak vagyunk Csorba G\u00e1bor karit\u00e1sz igazgat\u00f3nak, mindig aktu\u00e1lis egyperces gondolatai\u00e9rt. A lelki adom\u00e1nyok mellett M\u00e1rton Andrea szakmai irodavezet\u0151nek k\u00f6sz\u00f6nj\u00fck, hogy figyelme van arra, hogy a vid\u00e9ki r\u00e9gi\u00f3ba is \u00e9rkezzenek az \u00c9lelmiszerbankt\u00f3l, Katolikus Karit\u00e1szt\u00f3l \u00e9s az Egyh\u00e1zmegyei Karit\u00e1szt\u00f3l kapott k\u00fcl\u00f6nf\u00e9le adom\u00e1nyok. \u00cdgy a telep\u00fcl\u00e9seink r\u00e1szorultjai is r\u00e9szes\u00fcltek kukoricakonzerv, \u00e1fonya lekv\u00e1r, szal\u00e1mi adom\u00e1nyb\u00f3l.<\/p>\n\n\n\n<p>Az Orsz\u00e1gos \u00e9s a Szent Erzs\u00e9bet Karit\u00e1sz K\u00f6zpont \u00e1ltal n\u00e9h\u00e1ny telep\u00fcl\u00e9sre nagyobb mennyis\u00e9g\u0171 B\u00e9res cseppet is kaptunk. Tov\u00e1bb\u00e1 sz\u00e1jmaszkot, gumikeszty\u0171t \u00e9s fert\u0151tlen\u00edt\u0151szereket. H\u00fasv\u00e9tra a K\u00f6zpont saj\u00e1t forr\u00e1s\u00e1b\u00f3l 10 csomag tart\u00f3s \u00e9lelmiszert, csokol\u00e1d\u00e9t juttatott a R\u00e9gi\u00f3 K\u00f6zpont \u00e1ltal felkarolt csal\u00e1dok r\u00e9sz\u00e9re.&nbsp;<\/p>\n\n\n\n<p>K\u00f6sz\u00f6nj\u00fck Moln\u00e1r Alajos aty\u00e1nak a csomagok kieg\u00e9sz\u00edt\u00e9sre k\u00fcld\u00f6tt adom\u00e1nyt.<\/p>\n\n\n\n<p>A pand\u00e9mia miatt a templomokban id\u00e9n sem tudtak a h\u00edvek tal\u00e1lkozni \u00edgy sajnos sok helyen a nagyb\u00f6jti \u00e9lelmiszergy\u0171jt\u00e9s is elmaradt. Igaz volt kev\u00e9s tartal\u00e9kjuk a csoportoknak, de ez nem bizonyult elegend\u0151nek. Ahogy a Gondvisel\u0151re b\u00edztuk a helyzet\u00fcnket, j\u00f6ttek a j\u00f3 h\u00edrek, hogy t\u00f6bb telep\u00fcl\u00e9sen nagy az \u00f6sszefog\u00e1s a civilszervezetekkel \u00e9s az \u00f6nkorm\u00e1nyzatokkal a neh\u00e9z helyzetben l\u00e9v\u0151k\u00e9rt. \u00cdgy t\u00f6rt\u00e9nt ez Nyerges\u00fajfalun ahol az \u00f6nkorm\u00e1nyzat t\u00e1mogat\u00e1s\u00e1val a karit\u00e1szmunkat\u00e1rsak k\u00f6zel 80 adag egyt\u00e1l \u00e9telt k\u00e9sz\u00edtettek \u00e9s a j\u00e1rv\u00e1ny\u00fcgyi el\u0151\u00edr\u00e1soknak megfelel\u0151en osztottak sz\u00e9t. Ezenk\u00edv\u00fcl 50 csal\u00e1dnak siker\u00fclt \u00e9lelmiszert is juttatni.<\/p>\n\n\n\n<p>Az Esztergom-Szentgy\u00f6rgymez\u0151 a h\u00edveik adom\u00e1ny\u00e1b\u00f3l \u00e9s karit\u00e1szcsoport&nbsp; utols\u00f3 tartal\u00e9k\u00e1b\u00f3l v\u00e1s\u00e1rolva&nbsp; \u00e9s kieg\u00e9sz\u00edtve sonk\u00e1val, kal\u00e1ccsal, \u00e9dess\u00e9ggel, k\u00f6zel 14 kg csomagot vittek H\u00fasv\u00e9tkor 16 r\u00e1szorul\u00f3 csal\u00e1dhoz.&nbsp;&nbsp;<\/p>\n\n\n\n<p>Piliscs\u00e9ven, ahol legfiatalabb a karit\u00e1szcsoportunk az internetes kommunik\u00e1ci\u00f3s eszk\u00f6z seg\u00edts\u00e9g\u00e9vel lelem\u00e9nyesen gy\u0171jtik \u00e9s k\u00edn\u00e1lj\u00e1k az adom\u00e1nyokat. Itt is jutott a csomagba f\u00fcst\u00f6lt kolb\u00e1sz, h\u00fasv\u00e9ti kal\u00e1cs, \u00e9dess\u00e9gek \u00e9s term\u00e9szetesen a f\u0151z\u00e9s alapanyagai 16 csal\u00e1d \u00f6r\u00f6m\u00e9re.&nbsp;<\/p>\n\n\n\n<p>L\u00e1batlanr\u00f3l, S\u00fctt\u0151r\u0151l, Tokodr\u00f3l, T\u00e1tr\u00f3l, Pilismar\u00f3tr\u00f3l is j\u00f6tt az \u00f6r\u00f6mteli h\u00edr, hogy t\u00f6bb csal\u00e1dnak tudtak \u00e9lelmiszer csomagot otthonukba eljuttatni. \u00cdgy a Felt\u00e1madt Krisztus \u00f6r\u00f6me mellett az asztalt is \u00fcnnepiv\u00e9 tehett\u00e9k a csal\u00e1dok.&nbsp;<\/p>\n\n\n\n<p>Id\u00e9n is, mint minden \u00e9vben, a Katolikus Karit\u00e1sz \u00e1ltal szervezett \u201eZ\u00f6ldell\u0151 kertek\u201d akci\u00f3ban a R\u00e9gi\u00f3nk is r\u00e9szt vesz. \u00d6r\u00f6mmel fogadt\u00e1k a r\u00e1szorul\u00f3 csal\u00e1dok, ahol nem hagyott al\u00e1bb a kert\u00e9szked\u00e9si kedv. \u00cdgy ha az id\u0151j\u00e1r\u00e1s megengedi \u00e9s a j\u00f3 Isten \u00e1ld\u00e1sa is hozz\u00e1j\u00e1rul, b\u0151s\u00e9ges term\u00e9s fog 57 csal\u00e1d asztal\u00e1ra ker\u00fclni. Tov\u00e1bb\u00e1 a Szent Erzs\u00e9bet Karit\u00e1sz K\u00f6zpont t\u00e1mogat\u00e1s\u00e1val tov\u00e1bbi 100 csal\u00e1d vesz r\u00e9sz Bajn\u00e1n a \u201eZ\u00f6ldell\u0151 kertek\u201d programba\u201d.&nbsp;<\/p>\n\n\n\n<p>Minden r\u00e1szorul\u00f3 nev\u00e9ben k\u00f6sz\u00f6n\u00f6m a nagylelk\u0171 adom\u00e1nyokat.&nbsp;<\/p>\n\n\n\n<p>H\u00e1l\u00e1t adok a gondvisel\u0151 Isten szeretet\u00e9\u00e9rt minden munkat\u00e1rsam\u00e9rt, hogy megtartotta \u00e9ps\u00e9gben \u0151ket erre a nemes feladat v\u00e9gz\u00e9sre.<\/p>\n\n\n\n<p>K\u00f6sz\u00f6n\u00f6m a f\u00e1radoz\u00e1sukat az \u00f6nzetlens\u00e9g\u00fcket \u00e9s a kock\u00e1zat v\u00e1llal\u00e1sukat.<\/p>\n\n\n\n<p>K\u00e9rem a Sz\u0171zanya p\u00e1rtfog\u00e1s\u00e1t \u00e9s Szent Erzs\u00e9bet k\u00f6zbenj\u00e1r\u00e1s\u00e1t a tov\u00e1bbi \u00e9let\u00fckre munk\u00e1jukra.<\/p>\n\n\n\n<p>. Ferenczy Rudolfn\u00e9 \u00c9va&nbsp;<\/p>\n\n\n\n<p>R\u00e9gi\u00f3vezet\u0151<\/p>\n","protected":false},"excerpt":{"rendered":"<p>A szolg\u00e1l\u00f3 szeretetet nem gy\u0151zheti le a v\u00edrus! \u2026 &#8222;Az \u00e9let egyik sz\u00e9ps\u00e9ge az, hogy b\u00e1r sokmindent elvesz\u00edthetsz, de azt sosem, amit te adt\u00e1l m\u00e1soknak. Amint ezt meg\u00e9rted, r\u00e1j\u00f6ssz, hogy \u00e9leted val\u00f3di min\u0151s\u00e9ge azok sz\u00edvdobban\u00e1s\u00e1ban rejlik, akik h\u00e1l\u00e1sak az\u00e9rt, hogy te l\u00e9tezel.\u201d (ismeretlen) Az Esztergom &#8211; baj\u00f3ti Karit\u00e1sz R\u00e9gi\u00f3ban is v\u00e1gytunk arra, hogy a 2021 &hellip; <\/p>\n<p class=\"link-more\"><a href=\"https:\/\/karitaszkozpont.hu\/?p=1229\" class=\"more-link\">Continue reading<span class=\"screen-reader-text\"> &#8222;A szolg\u00e1l\u00f3 szeretetet nem gy\u0151zheti le a v\u00edrus! \u2026&#8221;<\/span><\/a><\/p>\n","protected":false},"author":1,"featured_media":1232,"comment_status":"open","ping_status":"open","sticky":false,"template":"","format":"standard","meta":[],"categories":[4],"tags":[],"yoast_head":"<!-- This site is optimized with the Yoast SEO plugin v20.1 - https:\/\/yoast.com\/wordpress\/plugins\/seo\/ -->\n<title>A szolg\u00e1l\u00f3 szeretetet nem gy\u0151zheti le a v\u00edrus! \u2026 - Szent Erzs\u00e9bet Karit\u00e1sz K\u00f6zpont<\/title>\n<meta name=\"robots\" content=\"index, follow, max-snippet:-1, max-image-preview:large, max-video-preview:-1\" \/>\n<link rel=\"canonical\" href=\"https:\/\/karitaszkozpont.hu\/?p=1229\" \/>\n<meta property=\"og:locale\" content=\"hu_HU\" \/>\n<meta property=\"og:type\" content=\"article\" \/>\n<meta property=\"og:title\" content=\"A szolg\u00e1l\u00f3 szeretetet nem gy\u0151zheti le a v\u00edrus! \u2026 - Szent Erzs\u00e9bet Karit\u00e1sz K\u00f6zpont\" \/>\n<meta property=\"og:description\" content=\"A szolg\u00e1l\u00f3 szeretetet nem gy\u0151zheti le a v\u00edrus! \u2026 &#8222;Az \u00e9let egyik sz\u00e9ps\u00e9ge az, hogy b\u00e1r sokmindent elvesz\u00edthetsz, de azt sosem, amit te adt\u00e1l m\u00e1soknak. Amint ezt meg\u00e9rted, r\u00e1j\u00f6ssz, hogy \u00e9leted val\u00f3di min\u0151s\u00e9ge azok sz\u00edvdobban\u00e1s\u00e1ban rejlik, akik h\u00e1l\u00e1sak az\u00e9rt, hogy te l\u00e9tezel.\u201d (ismeretlen) Az Esztergom &#8211; baj\u00f3ti Karit\u00e1sz R\u00e9gi\u00f3ban is v\u00e1gytunk arra, hogy a 2021 &hellip; Continue reading &quot;A szolg\u00e1l\u00f3 szeretetet nem gy\u0151zheti le a v\u00edrus! \u2026&quot;\" \/>\n<meta property=\"og:url\" content=\"https:\/\/karitaszkozpont.hu\/?p=1229\" \/>\n<meta property=\"og:site_name\" content=\"Szent Erzs\u00e9bet Karit\u00e1sz K\u00f6zpont\" \/>\n<meta property=\"article:published_time\" content=\"2021-05-14T15:05:17+00:00\" \/>\n<meta property=\"article:modified_time\" content=\"2021-05-14T15:05:18+00:00\" \/>\n<meta property=\"og:image\" content=\"https:\/\/karitaszkozpont.hu\/wp-content\/uploads\/2021\/05\/20210311-Egyetemista-latogatasa-1-scaled.jpg\" \/>\n\t<meta property=\"og:image:width\" content=\"2560\" \/>\n\t<meta property=\"og:image:height\" content=\"1924\" \/>\n\t<meta property=\"og:image:type\" content=\"image\/jpeg\" \/>\n<meta name=\"author\" content=\"Karit\u00e1sz K\u00f6zpont\" \/>\n<meta name=\"twitter:card\" content=\"summary_large_image\" \/>\n<meta name=\"twitter:label1\" content=\"Szerz\u0151:\" \/>\n\t<meta name=\"twitter:data1\" content=\"Karit\u00e1sz K\u00f6zpont\" \/>\n\t<meta name=\"twitter:label2\" content=\"Becs\u00fclt olvas\u00e1si id\u0151\" \/>\n\t<meta name=\"twitter:data2\" content=\"3 perc\" \/>\n<script type=\"application\/ld+json\" class=\"yoast-schema-graph\">{\"@context\":\"https:\/\/schema.org\",\"@graph\":[{\"@type\":\"Article\",\"@id\":\"https:\/\/karitaszkozpont.hu\/?p=1229#article\",\"isPartOf\":{\"@id\":\"https:\/\/karitaszkozpont.hu\/?p=1229\"},\"author\":{\"name\":\"Karit\u00e1sz K\u00f6zpont\",\"@id\":\"https:\/\/karitaszkozpont.hu\/#\/schema\/person\/0d9c28244c111914ea13bb1248775e57\"},\"headline\":\"A szolg\u00e1l\u00f3 szeretetet nem gy\u0151zheti le a v\u00edrus! \u2026\",\"datePublished\":\"2021-05-14T15:05:17+00:00\",\"dateModified\":\"2021-05-14T15:05:18+00:00\",\"mainEntityOfPage\":{\"@id\":\"https:\/\/karitaszkozpont.hu\/?p=1229\"},\"wordCount\":990,\"commentCount\":0,\"publisher\":{\"@id\":\"https:\/\/karitaszkozpont.hu\/#organization\"},\"articleSection\":[\"H\u00edrek\"],\"inLanguage\":\"hu\",\"potentialAction\":[{\"@type\":\"CommentAction\",\"name\":\"Comment\",\"target\":[\"https:\/\/karitaszkozpont.hu\/?p=1229#respond\"]}]},{\"@type\":\"WebPage\",\"@id\":\"https:\/\/karitaszkozpont.hu\/?p=1229\",\"url\":\"https:\/\/karitaszkozpont.hu\/?p=1229\",\"name\":\"A szolg\u00e1l\u00f3 szeretetet nem gy\u0151zheti le a v\u00edrus! \u2026 - Szent Erzs\u00e9bet Karit\u00e1sz K\u00f6zpont\",\"isPartOf\":{\"@id\":\"https:\/\/karitaszkozpont.hu\/#website\"},\"datePublished\":\"2021-05-14T15:05:17+00:00\",\"dateModified\":\"2021-05-14T15:05:18+00:00\",\"breadcrumb\":{\"@id\":\"https:\/\/karitaszkozpont.hu\/?p=1229#breadcrumb\"},\"inLanguage\":\"hu\",\"potentialAction\":[{\"@type\":\"ReadAction\",\"target\":[\"https:\/\/karitaszkozpont.hu\/?p=1229\"]}]},{\"@type\":\"BreadcrumbList\",\"@id\":\"https:\/\/karitaszkozpont.hu\/?p=1229#breadcrumb\",\"itemListElement\":[{\"@type\":\"ListItem\",\"position\":1,\"name\":\"Kezd\u0151lap\",\"item\":\"https:\/\/karitaszkozpont.hu\/\"},{\"@type\":\"ListItem\",\"position\":2,\"name\":\"A szolg\u00e1l\u00f3 szeretetet nem gy\u0151zheti le a v\u00edrus! \u2026\"}]},{\"@type\":\"WebSite\",\"@id\":\"https:\/\/karitaszkozpont.hu\/#website\",\"url\":\"https:\/\/karitaszkozpont.hu\/\",\"name\":\"Szent Erzs\u00e9bet Karit\u00e1sz K\u00f6zpont\",\"description\":\"Esztergom-Budapesti F\u0151egyh\u00e1zmegye\",\"publisher\":{\"@id\":\"https:\/\/karitaszkozpont.hu\/#organization\"},\"potentialAction\":[{\"@type\":\"SearchAction\",\"target\":{\"@type\":\"EntryPoint\",\"urlTemplate\":\"https:\/\/karitaszkozpont.hu\/?s={search_term_string}\"},\"query-input\":\"required name=search_term_string\"}],\"inLanguage\":\"hu\"},{\"@type\":\"Organization\",\"@id\":\"https:\/\/karitaszkozpont.hu\/#organization\",\"name\":\"Szent Erzs\u00e9bet Karit\u00e1sz K\u00f6zpont\",\"url\":\"https:\/\/karitaszkozpont.hu\/\",\"logo\":{\"@type\":\"ImageObject\",\"inLanguage\":\"hu\",\"@id\":\"https:\/\/karitaszkozpont.hu\/#\/schema\/logo\/image\/\",\"url\":\"https:\/\/karitaszkp.hu\/wp-content\/uploads\/2019\/06\/cropped-logo-arnyekos-1.png\",\"contentUrl\":\"https:\/\/karitaszkp.hu\/wp-content\/uploads\/2019\/06\/cropped-logo-arnyekos-1.png\",\"width\":240,\"height\":247,\"caption\":\"Szent Erzs\u00e9bet Karit\u00e1sz K\u00f6zpont\"},\"image\":{\"@id\":\"https:\/\/karitaszkozpont.hu\/#\/schema\/logo\/image\/\"}},{\"@type\":\"Person\",\"@id\":\"https:\/\/karitaszkozpont.hu\/#\/schema\/person\/0d9c28244c111914ea13bb1248775e57\",\"name\":\"Karit\u00e1sz K\u00f6zpont\",\"image\":{\"@type\":\"ImageObject\",\"inLanguage\":\"hu\",\"@id\":\"https:\/\/karitaszkozpont.hu\/#\/schema\/person\/image\/\",\"url\":\"https:\/\/secure.gravatar.com\/avatar\/1274acd7c62f3cac92d2b38aad20c71b?s=96&d=mm&r=g\",\"contentUrl\":\"https:\/\/secure.gravatar.com\/avatar\/1274acd7c62f3cac92d2b38aad20c71b?s=96&d=mm&r=g\",\"caption\":\"Karit\u00e1sz K\u00f6zpont\"},\"url\":\"https:\/\/karitaszkozpont.hu\/?author=1\"}]}<\/script>\n<!-- \/ Yoast SEO plugin. -->","yoast_head_json":{"title":"A szolg\u00e1l\u00f3 szeretetet nem gy\u0151zheti le a v\u00edrus! \u2026 - Szent Erzs\u00e9bet Karit\u00e1sz K\u00f6zpont","robots":{"index":"index","follow":"follow","max-snippet":"max-snippet:-1","max-image-preview":"max-image-preview:large","max-video-preview":"max-video-preview:-1"},"canonical":"https:\/\/karitaszkozpont.hu\/?p=1229","og_locale":"hu_HU","og_type":"article","og_title":"A szolg\u00e1l\u00f3 szeretetet nem gy\u0151zheti le a v\u00edrus! \u2026 - Szent Erzs\u00e9bet Karit\u00e1sz K\u00f6zpont","og_description":"A szolg\u00e1l\u00f3 szeretetet nem gy\u0151zheti le a v\u00edrus! \u2026 &#8222;Az \u00e9let egyik sz\u00e9ps\u00e9ge az, hogy b\u00e1r sokmindent elvesz\u00edthetsz, de azt sosem, amit te adt\u00e1l m\u00e1soknak. Amint ezt meg\u00e9rted, r\u00e1j\u00f6ssz, hogy \u00e9leted val\u00f3di min\u0151s\u00e9ge azok sz\u00edvdobban\u00e1s\u00e1ban rejlik, akik h\u00e1l\u00e1sak az\u00e9rt, hogy te l\u00e9tezel.\u201d (ismeretlen) Az Esztergom &#8211; baj\u00f3ti Karit\u00e1sz R\u00e9gi\u00f3ban is v\u00e1gytunk arra, hogy a 2021 &hellip; Continue reading \"A szolg\u00e1l\u00f3 szeretetet nem gy\u0151zheti le a v\u00edrus! \u2026\"","og_url":"https:\/\/karitaszkozpont.hu\/?p=1229","og_site_name":"Szent Erzs\u00e9bet Karit\u00e1sz K\u00f6zpont","article_published_time":"2021-05-14T15:05:17+00:00","article_modified_time":"2021-05-14T15:05:18+00:00","og_image":[{"width":2560,"height":1924,"url":"https:\/\/karitaszkozpont.hu\/wp-content\/uploads\/2021\/05\/20210311-Egyetemista-latogatasa-1-scaled.jpg","type":"image\/jpeg"}],"author":"Karit\u00e1sz K\u00f6zpont","twitter_card":"summary_large_image","twitter_misc":{"Szerz\u0151:":"Karit\u00e1sz K\u00f6zpont","Becs\u00fclt olvas\u00e1si id\u0151":"3 perc"},"schema":{"@context":"https:\/\/schema.org","@graph":[{"@type":"Article","@id":"https:\/\/karitaszkozpont.hu\/?p=1229#article","isPartOf":{"@id":"https:\/\/karitaszkozpont.hu\/?p=1229"},"author":{"name":"Karit\u00e1sz K\u00f6zpont","@id":"https:\/\/karitaszkozpont.hu\/#\/schema\/person\/0d9c28244c111914ea13bb1248775e57"},"headline":"A szolg\u00e1l\u00f3 szeretetet nem gy\u0151zheti le a v\u00edrus! \u2026","datePublished":"2021-05-14T15:05:17+00:00","dateModified":"2021-05-14T15:05:18+00:00","mainEntityOfPage":{"@id":"https:\/\/karitaszkozpont.hu\/?p=1229"},"wordCount":990,"commentCount":0,"publisher":{"@id":"https:\/\/karitaszkozpont.hu\/#organization"},"articleSection":["H\u00edrek"],"inLanguage":"hu","potentialAction":[{"@type":"CommentAction","name":"Comment","target":["https:\/\/karitaszkozpont.hu\/?p=1229#respond"]}]},{"@type":"WebPage","@id":"https:\/\/karitaszkozpont.hu\/?p=1229","url":"https:\/\/karitaszkozpont.hu\/?p=1229","name":"A szolg\u00e1l\u00f3 szeretetet nem gy\u0151zheti le a v\u00edrus! \u2026 - Szent Erzs\u00e9bet Karit\u00e1sz K\u00f6zpont","isPartOf":{"@id":"https:\/\/karitaszkozpont.hu\/#website"},"datePublished":"2021-05-14T15:05:17+00:00","dateModified":"2021-05-14T15:05:18+00:00","breadcrumb":{"@id":"https:\/\/karitaszkozpont.hu\/?p=1229#breadcrumb"},"inLanguage":"hu","potentialAction":[{"@type":"ReadAction","target":["https:\/\/karitaszkozpont.hu\/?p=1229"]}]},{"@type":"BreadcrumbList","@id":"https:\/\/karitaszkozpont.hu\/?p=1229#breadcrumb","itemListElement":[{"@type":"ListItem","position":1,"name":"Kezd\u0151lap","item":"https:\/\/karitaszkozpont.hu\/"},{"@type":"ListItem","position":2,"name":"A szolg\u00e1l\u00f3 szeretetet nem gy\u0151zheti le a v\u00edrus! \u2026"}]},{"@type":"WebSite","@id":"https:\/\/karitaszkozpont.hu\/#website","url":"https:\/\/karitaszkozpont.hu\/","name":"Szent Erzs\u00e9bet Karit\u00e1sz K\u00f6zpont","description":"Esztergom-Budapesti F\u0151egyh\u00e1zmegye","publisher":{"@id":"https:\/\/karitaszkozpont.hu\/#organization"},"potentialAction":[{"@type":"SearchAction","target":{"@type":"EntryPoint","urlTemplate":"https:\/\/karitaszkozpont.hu\/?s={search_term_string}"},"query-input":"required name=search_term_string"}],"inLanguage":"hu"},{"@type":"Organization","@id":"https:\/\/karitaszkozpont.hu\/#organization","name":"Szent Erzs\u00e9bet Karit\u00e1sz K\u00f6zpont","url":"https:\/\/karitaszkozpont.hu\/","logo":{"@type":"ImageObject","inLanguage":"hu","@id":"https:\/\/karitaszkozpont.hu\/#\/schema\/logo\/image\/","url":"https:\/\/karitaszkp.hu\/wp-content\/uploads\/2019\/06\/cropped-logo-arnyekos-1.png","contentUrl":"https:\/\/karitaszkp.hu\/wp-content\/uploads\/2019\/06\/cropped-logo-arnyekos-1.png","width":240,"height":247,"caption":"Szent Erzs\u00e9bet Karit\u00e1sz K\u00f6zpont"},"image":{"@id":"https:\/\/karitaszkozpont.hu\/#\/schema\/logo\/image\/"}},{"@type":"Person","@id":"https:\/\/karitaszkozpont.hu\/#\/schema\/person\/0d9c28244c111914ea13bb1248775e57","name":"Karit\u00e1sz K\u00f6zpont","image":{"@type":"ImageObject","inLanguage":"hu","@id":"https:\/\/karitaszkozpont.hu\/#\/schema\/person\/image\/","url":"https:\/\/secure.gravatar.com\/avatar\/1274acd7c62f3cac92d2b38aad20c71b?s=96&d=mm&r=g","contentUrl":"https:\/\/secure.gravatar.com\/avatar\/1274acd7c62f3cac92d2b38aad20c71b?s=96&d=mm&r=g","caption":"Karit\u00e1sz K\u00f6zpont"},"url":"https:\/\/karitaszkozpont.hu\/?author=1"}]}},"_links":{"self":[{"href":"https:\/\/karitaszkozpont.hu\/index.php?rest_route=\/wp\/v2\/posts\/1229"}],"collection":[{"href":"https:\/\/karitaszkozpont.hu\/index.php?rest_route=\/wp\/v2\/posts"}],"about":[{"href":"https:\/\/karitaszkozpont.hu\/index.php?rest_route=\/wp\/v2\/types\/post"}],"author":[{"embeddable":true,"href":"https:\/\/karitaszkozpont.hu\/index.php?rest_route=\/wp\/v2\/users\/1"}],"replies":[{"embeddable":true,"href":"https:\/\/karitaszkozpont.hu\/index.php?rest_route=%2Fwp%2Fv2%2Fcomments&post=1229"}],"version-history":[{"count":1,"href":"https:\/\/karitaszkozpont.hu\/index.php?rest_route=\/wp\/v2\/posts\/1229\/revisions"}],"predecessor-version":[{"id":1237,"href":"https:\/\/karitaszkozpont.hu\/index.php?rest_route=\/wp\/v2\/posts\/1229\/revisions\/1237"}],"wp:featuredmedia":[{"embeddable":true,"href":"https:\/\/karitaszkozpont.hu\/index.php?rest_route=\/wp\/v2\/media\/1232"}],"wp:attachment":[{"href":"https:\/\/karitaszkozpont.hu\/index.php?rest_route=%2Fwp%2Fv2%2Fmedia&parent=1229"}],"wp:term":[{"taxonomy":"category","embeddable":true,"href":"https:\/\/karitaszkozpont.hu\/index.php?rest_route=%2Fwp%2Fv2%2Fcategories&post=1229"},{"taxonomy":"post_tag","embeddable":true,"href":"https:\/\/karitaszkozpont.hu\/index.php?rest_route=%2Fwp%2Fv2%2Ftags&post=1229"}],"curies":[{"name":"wp","href":"https:\/\/api.w.org\/{rel}","templated":true}]}}