{"id":1218,"date":"2021-05-14T16:55:41","date_gmt":"2021-05-14T14:55:41","guid":{"rendered":"http:\/\/karitaszkp.hu\/?p=1218"},"modified":"2021-05-14T16:55:43","modified_gmt":"2021-05-14T14:55:43","slug":"jubileumot-unnepelt-a-rakosfalvai-karitasz-csoport","status":"publish","type":"post","link":"https:\/\/karitaszkozpont.hu\/?p=1218","title":{"rendered":"Jubileumot \u00fcnnepelt a r\u00e1kosfalvai karit\u00e1sz csoport"},"content":{"rendered":"\n<p class=\"has-white-color has-vivid-red-background-color has-text-color has-background has-large-font-size\"><strong>Jubileumot \u00fcnnepelt a r\u00e1kosfalvai karit\u00e1sz csoport<\/strong><\/p>\n\n\n\n<p>2021. m\u00e1jus 8-\u00e1n az esti szentmis\u00e9ben \u00fcnnep\u00e9lyesen eml\u00e9kezett meg a r\u00e1kosfalvai Szent Istv\u00e1n pl\u00e9b\u00e1nia karit\u00e1sz csoportja megalakul\u00e1s\u00e1nak 30. \u00e9vfordul\u00f3j\u00e1r\u00f3l. Az \u00f6sszej\u00f6vetel val\u00f3j\u00e1ban a 31. \u00e9vfordul\u00f3n ker\u00fclt megrendez\u00e9sre, mivel a tavaly a j\u00e1rv\u00e1ny\u00fcgyi korl\u00e1toz\u00e1sok nem tett\u00e9k lehet\u0151v\u00e9 a tal\u00e1lkoz\u00e1st.<\/p>\n\n\n\n<p>A h\u00e1laad\u00f3 szentmis\u00e9t Ft. Kocsis Istv\u00e1n atya mutatta be, \u0151 volt a pl\u00e9b\u00e1nos, akinek a szolg\u00e1lata idej\u00e9n a csoport 31 \u00e9ve alakult. A szentmis\u00e9n koncelebr\u00e1lt a jelenlegi pl\u00e9b\u00e1nos, Ft. F\u00fcl\u00f6p \u00c1kos atya, aki a szentbesz\u00e9det is mondta, \u00e9s Ft. \u00c9csy G\u00e1bor orsz\u00e1gos karit\u00e1sz igazgat\u00f3 atya is, valamint jelen volt az olt\u00e1rn\u00e1l Csorba G\u00e1bor \u00e1lland\u00f3 diak\u00f3nus, az Esztergom-Budapesti F\u0151egyh\u00e1zmegye Szent Erzs\u00e9bet Karit\u00e1sz K\u00f6zpont igazgat\u00f3ja is.<\/p>\n\n\n\n<div class=\"wp-block-envira-envira-gallery\"><div id=\"envira-gallery-wrap-1227\" class=\"envira-gallery-wrap envira-gallery-theme-base envira-lightbox-theme-base\" itemscope itemtype=\"https:\/\/schema.org\/ImageGallery\"><div data-row-height=\"150\" data-gallery-theme=\"normal\" id=\"envira-gallery-1227\" class=\"envira-gallery-public envira-gallery-justified-public envira-gallery-0-columns envira-clear enviratope envira-gallery-css-animations\" data-envira-columns=\"0\"><div id=\"envira-gallery-item-1219\" class=\"envira-gallery-item enviratope-item envira-gallery-item-1 envira-lazy-load\" style=\"padding-left: 1px; padding-bottom: 1px; padding-right: 1px;\"  itemscope itemtype=\"https:\/\/schema.org\/ImageObject\"><div class=\"envira-gallery-item-inner\"><div class=\"envira-gallery-position-overlay  envira-gallery-top-left\"><\/div><div class=\"envira-gallery-position-overlay  envira-gallery-top-right\"><\/div><div class=\"envira-gallery-position-overlay  envira-gallery-bottom-left\"><\/div><div class=\"envira-gallery-position-overlay  envira-gallery-bottom-right\"><\/div><a href=\"http:\/\/karitaszkp.hu\/wp-content\/uploads\/2021\/05\/02.jpg\" class=\"envira-gallery-1227 envira-gallery-link\" rel=\"enviragallery1227\" title=\"02\" data-envira-caption=\"02\" data-envira-retina=\"\" data-thumbnail=\"\"  itemprop=\"contentUrl\"><img id=\"envira-gallery-image-1219\" class=\"envira-gallery-image envira-gallery-image-1 envira-normal envira-lazy\" data-envira-index=\"1\" src=\"https:\/\/karitaszkozpont.hu\/wp-content\/uploads\/2021\/05\/02-640x480.jpg\" data-envira-src=\"https:\/\/karitaszkozpont.hu\/wp-content\/uploads\/2021\/05\/02-640x480.jpg\" data-envira-gallery-id=\"1227\" data-envira-item-id=\"1219\" data-envira-caption=\"02\" alt=\"\" title=\"02\"  itemprop=\"thumbnailUrl\" data-envira-srcset=\"https:\/\/karitaszkozpont.hu\/wp-content\/uploads\/2021\/05\/02-640x480.jpg 400w,https:\/\/karitaszkozpont.hu\/wp-content\/uploads\/2021\/05\/02-640x480.jpg 2x\" data-envira-width=\"300\" data-envira-height=\"218\" srcset=\"data:image\/gif;base64,R0lGODlhAQABAIAAAP\/\/\/\/\/\/\/yH5BAEKAAEALAAAAAABAAEAAAICTAEAOw==\" data-safe-src=\"data:image\/gif;base64,R0lGODlhAQABAIAAAP\/\/\/\/\/\/\/yH5BAEKAAEALAAAAAABAAEAAAICTAEAOw==\" \/><\/a><\/div><\/div><div id=\"envira-gallery-item-1220\" class=\"envira-gallery-item enviratope-item envira-gallery-item-2 envira-lazy-load\" style=\"padding-left: 1px; padding-bottom: 1px; padding-right: 1px;\"  itemscope itemtype=\"https:\/\/schema.org\/ImageObject\"><div class=\"envira-gallery-item-inner\"><div class=\"envira-gallery-position-overlay  envira-gallery-top-left\"><\/div><div class=\"envira-gallery-position-overlay  envira-gallery-top-right\"><\/div><div class=\"envira-gallery-position-overlay  envira-gallery-bottom-left\"><\/div><div class=\"envira-gallery-position-overlay  envira-gallery-bottom-right\"><\/div><a href=\"http:\/\/karitaszkp.hu\/wp-content\/uploads\/2021\/05\/08.jpg\" class=\"envira-gallery-1227 envira-gallery-link\" rel=\"enviragallery1227\" title=\"08\" data-envira-caption=\"08\" data-envira-retina=\"\" data-thumbnail=\"\"  itemprop=\"contentUrl\"><img id=\"envira-gallery-image-1220\" class=\"envira-gallery-image envira-gallery-image-2 envira-normal envira-lazy\" data-envira-index=\"2\" src=\"https:\/\/karitaszkozpont.hu\/wp-content\/uploads\/2021\/05\/08-1024x670-640x480.jpg\" data-envira-src=\"https:\/\/karitaszkozpont.hu\/wp-content\/uploads\/2021\/05\/08-1024x670-640x480.jpg\" data-envira-gallery-id=\"1227\" data-envira-item-id=\"1220\" data-envira-caption=\"08\" alt=\"\" title=\"08\"  itemprop=\"thumbnailUrl\" data-envira-srcset=\"https:\/\/karitaszkozpont.hu\/wp-content\/uploads\/2021\/05\/08-1024x670-640x480.jpg 400w,https:\/\/karitaszkozpont.hu\/wp-content\/uploads\/2021\/05\/08-1024x670-640x480.jpg 2x\" data-envira-width=\"300\" data-envira-height=\"196\" srcset=\"data:image\/gif;base64,R0lGODlhAQABAIAAAP\/\/\/\/\/\/\/yH5BAEKAAEALAAAAAABAAEAAAICTAEAOw==\" data-safe-src=\"data:image\/gif;base64,R0lGODlhAQABAIAAAP\/\/\/\/\/\/\/yH5BAEKAAEALAAAAAABAAEAAAICTAEAOw==\" \/><\/a><\/div><\/div><div id=\"envira-gallery-item-1221\" class=\"envira-gallery-item enviratope-item envira-gallery-item-3 envira-lazy-load\" style=\"padding-left: 1px; padding-bottom: 1px; padding-right: 1px;\"  itemscope itemtype=\"https:\/\/schema.org\/ImageObject\"><div class=\"envira-gallery-item-inner\"><div class=\"envira-gallery-position-overlay  envira-gallery-top-left\"><\/div><div class=\"envira-gallery-position-overlay  envira-gallery-top-right\"><\/div><div class=\"envira-gallery-position-overlay  envira-gallery-bottom-left\"><\/div><div class=\"envira-gallery-position-overlay  envira-gallery-bottom-right\"><\/div><a href=\"http:\/\/karitaszkp.hu\/wp-content\/uploads\/2021\/05\/07.jpg\" class=\"envira-gallery-1227 envira-gallery-link\" rel=\"enviragallery1227\" title=\"07\" data-envira-caption=\"07\" data-envira-retina=\"\" data-thumbnail=\"\"  itemprop=\"contentUrl\"><img id=\"envira-gallery-image-1221\" class=\"envira-gallery-image envira-gallery-image-3 envira-normal envira-lazy\" data-envira-index=\"3\" src=\"https:\/\/karitaszkozpont.hu\/wp-content\/uploads\/2021\/05\/07-640x480.jpg\" data-envira-src=\"https:\/\/karitaszkozpont.hu\/wp-content\/uploads\/2021\/05\/07-640x480.jpg\" data-envira-gallery-id=\"1227\" data-envira-item-id=\"1221\" data-envira-caption=\"07\" alt=\"\" title=\"07\"  itemprop=\"thumbnailUrl\" data-envira-srcset=\"https:\/\/karitaszkozpont.hu\/wp-content\/uploads\/2021\/05\/07-640x480.jpg 400w,https:\/\/karitaszkozpont.hu\/wp-content\/uploads\/2021\/05\/07-640x480.jpg 2x\" data-envira-width=\"300\" data-envira-height=\"218\" srcset=\"data:image\/gif;base64,R0lGODlhAQABAIAAAP\/\/\/\/\/\/\/yH5BAEKAAEALAAAAAABAAEAAAICTAEAOw==\" data-safe-src=\"data:image\/gif;base64,R0lGODlhAQABAIAAAP\/\/\/\/\/\/\/yH5BAEKAAEALAAAAAABAAEAAAICTAEAOw==\" \/><\/a><\/div><\/div><div id=\"envira-gallery-item-1222\" class=\"envira-gallery-item enviratope-item envira-gallery-item-4 envira-lazy-load\" style=\"padding-left: 1px; padding-bottom: 1px; padding-right: 1px;\"  itemscope itemtype=\"https:\/\/schema.org\/ImageObject\"><div class=\"envira-gallery-item-inner\"><div class=\"envira-gallery-position-overlay  envira-gallery-top-left\"><\/div><div class=\"envira-gallery-position-overlay  envira-gallery-top-right\"><\/div><div class=\"envira-gallery-position-overlay  envira-gallery-bottom-left\"><\/div><div class=\"envira-gallery-position-overlay  envira-gallery-bottom-right\"><\/div><a href=\"http:\/\/karitaszkp.hu\/wp-content\/uploads\/2021\/05\/06.jpg\" class=\"envira-gallery-1227 envira-gallery-link\" rel=\"enviragallery1227\" title=\"06\" data-envira-caption=\"06\" data-envira-retina=\"\" data-thumbnail=\"\"  itemprop=\"contentUrl\"><img id=\"envira-gallery-image-1222\" class=\"envira-gallery-image envira-gallery-image-4 envira-normal envira-lazy\" data-envira-index=\"4\" src=\"https:\/\/karitaszkozpont.hu\/wp-content\/uploads\/2021\/05\/06-640x480.jpg\" data-envira-src=\"https:\/\/karitaszkozpont.hu\/wp-content\/uploads\/2021\/05\/06-640x480.jpg\" data-envira-gallery-id=\"1227\" data-envira-item-id=\"1222\" data-envira-caption=\"06\" alt=\"\" title=\"06\"  itemprop=\"thumbnailUrl\" data-envira-srcset=\"https:\/\/karitaszkozpont.hu\/wp-content\/uploads\/2021\/05\/06-640x480.jpg 400w,https:\/\/karitaszkozpont.hu\/wp-content\/uploads\/2021\/05\/06-640x480.jpg 2x\" data-envira-width=\"300\" data-envira-height=\"184\" srcset=\"data:image\/gif;base64,R0lGODlhAQABAIAAAP\/\/\/\/\/\/\/yH5BAEKAAEALAAAAAABAAEAAAICTAEAOw==\" data-safe-src=\"data:image\/gif;base64,R0lGODlhAQABAIAAAP\/\/\/\/\/\/\/yH5BAEKAAEALAAAAAABAAEAAAICTAEAOw==\" \/><\/a><\/div><\/div><div id=\"envira-gallery-item-1223\" class=\"envira-gallery-item enviratope-item envira-gallery-item-5 envira-lazy-load\" style=\"padding-left: 1px; padding-bottom: 1px; padding-right: 1px;\"  itemscope itemtype=\"https:\/\/schema.org\/ImageObject\"><div class=\"envira-gallery-item-inner\"><div class=\"envira-gallery-position-overlay  envira-gallery-top-left\"><\/div><div class=\"envira-gallery-position-overlay  envira-gallery-top-right\"><\/div><div class=\"envira-gallery-position-overlay  envira-gallery-bottom-left\"><\/div><div class=\"envira-gallery-position-overlay  envira-gallery-bottom-right\"><\/div><a href=\"http:\/\/karitaszkp.hu\/wp-content\/uploads\/2021\/05\/04.jpg\" class=\"envira-gallery-1227 envira-gallery-link\" rel=\"enviragallery1227\" title=\"04\" data-envira-caption=\"04\" data-envira-retina=\"\" data-thumbnail=\"\"  itemprop=\"contentUrl\"><img id=\"envira-gallery-image-1223\" class=\"envira-gallery-image envira-gallery-image-5 envira-normal envira-lazy\" data-envira-index=\"5\" src=\"https:\/\/karitaszkozpont.hu\/wp-content\/uploads\/2021\/05\/04-640x480.jpg\" data-envira-src=\"https:\/\/karitaszkozpont.hu\/wp-content\/uploads\/2021\/05\/04-640x480.jpg\" data-envira-gallery-id=\"1227\" data-envira-item-id=\"1223\" data-envira-caption=\"04\" alt=\"\" title=\"04\"  itemprop=\"thumbnailUrl\" data-envira-srcset=\"https:\/\/karitaszkozpont.hu\/wp-content\/uploads\/2021\/05\/04-640x480.jpg 400w,https:\/\/karitaszkozpont.hu\/wp-content\/uploads\/2021\/05\/04-640x480.jpg 2x\" data-envira-width=\"300\" data-envira-height=\"186\" srcset=\"data:image\/gif;base64,R0lGODlhAQABAIAAAP\/\/\/\/\/\/\/yH5BAEKAAEALAAAAAABAAEAAAICTAEAOw==\" data-safe-src=\"data:image\/gif;base64,R0lGODlhAQABAIAAAP\/\/\/\/\/\/\/yH5BAEKAAEALAAAAAABAAEAAAICTAEAOw==\" \/><\/a><\/div><\/div><div id=\"envira-gallery-item-1224\" class=\"envira-gallery-item enviratope-item envira-gallery-item-6 envira-lazy-load\" style=\"padding-left: 1px; padding-bottom: 1px; padding-right: 1px;\"  itemscope itemtype=\"https:\/\/schema.org\/ImageObject\"><div class=\"envira-gallery-item-inner\"><div class=\"envira-gallery-position-overlay  envira-gallery-top-left\"><\/div><div class=\"envira-gallery-position-overlay  envira-gallery-top-right\"><\/div><div class=\"envira-gallery-position-overlay  envira-gallery-bottom-left\"><\/div><div class=\"envira-gallery-position-overlay  envira-gallery-bottom-right\"><\/div><a href=\"http:\/\/karitaszkp.hu\/wp-content\/uploads\/2021\/05\/01.jpg\" class=\"envira-gallery-1227 envira-gallery-link\" rel=\"enviragallery1227\" title=\"01\" data-envira-caption=\"01\" data-envira-retina=\"\" data-thumbnail=\"\"  itemprop=\"contentUrl\"><img id=\"envira-gallery-image-1224\" class=\"envira-gallery-image envira-gallery-image-6 envira-normal envira-lazy\" data-envira-index=\"6\" src=\"https:\/\/karitaszkozpont.hu\/wp-content\/uploads\/2021\/05\/01-640x480.jpg\" data-envira-src=\"https:\/\/karitaszkozpont.hu\/wp-content\/uploads\/2021\/05\/01-640x480.jpg\" data-envira-gallery-id=\"1227\" data-envira-item-id=\"1224\" data-envira-caption=\"01\" alt=\"\" title=\"01\"  itemprop=\"thumbnailUrl\" data-envira-srcset=\"https:\/\/karitaszkozpont.hu\/wp-content\/uploads\/2021\/05\/01-640x480.jpg 400w,https:\/\/karitaszkozpont.hu\/wp-content\/uploads\/2021\/05\/01-640x480.jpg 2x\" data-envira-width=\"300\" data-envira-height=\"200\" srcset=\"data:image\/gif;base64,R0lGODlhAQABAIAAAP\/\/\/\/\/\/\/yH5BAEKAAEALAAAAAABAAEAAAICTAEAOw==\" data-safe-src=\"data:image\/gif;base64,R0lGODlhAQABAIAAAP\/\/\/\/\/\/\/yH5BAEKAAEALAAAAAABAAEAAAICTAEAOw==\" \/><\/a><\/div><\/div><div id=\"envira-gallery-item-1225\" class=\"envira-gallery-item enviratope-item envira-gallery-item-7 envira-lazy-load\" style=\"padding-left: 1px; padding-bottom: 1px; padding-right: 1px;\"  itemscope itemtype=\"https:\/\/schema.org\/ImageObject\"><div class=\"envira-gallery-item-inner\"><div class=\"envira-gallery-position-overlay  envira-gallery-top-left\"><\/div><div class=\"envira-gallery-position-overlay  envira-gallery-top-right\"><\/div><div class=\"envira-gallery-position-overlay  envira-gallery-bottom-left\"><\/div><div class=\"envira-gallery-position-overlay  envira-gallery-bottom-right\"><\/div><a href=\"http:\/\/karitaszkp.hu\/wp-content\/uploads\/2021\/05\/05.jpg\" class=\"envira-gallery-1227 envira-gallery-link\" rel=\"enviragallery1227\" title=\"05\" data-envira-caption=\"05\" data-envira-retina=\"\" data-thumbnail=\"\"  itemprop=\"contentUrl\"><img id=\"envira-gallery-image-1225\" class=\"envira-gallery-image envira-gallery-image-7 envira-normal envira-lazy\" data-envira-index=\"7\" src=\"https:\/\/karitaszkozpont.hu\/wp-content\/uploads\/2021\/05\/05-640x480.jpg\" data-envira-src=\"https:\/\/karitaszkozpont.hu\/wp-content\/uploads\/2021\/05\/05-640x480.jpg\" data-envira-gallery-id=\"1227\" data-envira-item-id=\"1225\" data-envira-caption=\"05\" alt=\"\" title=\"05\"  itemprop=\"thumbnailUrl\" data-envira-srcset=\"https:\/\/karitaszkozpont.hu\/wp-content\/uploads\/2021\/05\/05-640x480.jpg 400w,https:\/\/karitaszkozpont.hu\/wp-content\/uploads\/2021\/05\/05-640x480.jpg 2x\" data-envira-width=\"300\" data-envira-height=\"202\" srcset=\"data:image\/gif;base64,R0lGODlhAQABAIAAAP\/\/\/\/\/\/\/yH5BAEKAAEALAAAAAABAAEAAAICTAEAOw==\" data-safe-src=\"data:image\/gif;base64,R0lGODlhAQABAIAAAP\/\/\/\/\/\/\/yH5BAEKAAEALAAAAAABAAEAAAICTAEAOw==\" \/><\/a><\/div><\/div><div id=\"envira-gallery-item-1226\" class=\"envira-gallery-item enviratope-item envira-gallery-item-8 envira-lazy-load\" style=\"padding-left: 1px; padding-bottom: 1px; padding-right: 1px;\"  itemscope itemtype=\"https:\/\/schema.org\/ImageObject\"><div class=\"envira-gallery-item-inner\"><div class=\"envira-gallery-position-overlay  envira-gallery-top-left\"><\/div><div class=\"envira-gallery-position-overlay  envira-gallery-top-right\"><\/div><div class=\"envira-gallery-position-overlay  envira-gallery-bottom-left\"><\/div><div class=\"envira-gallery-position-overlay  envira-gallery-bottom-right\"><\/div><a href=\"http:\/\/karitaszkp.hu\/wp-content\/uploads\/2021\/05\/03.jpg\" class=\"envira-gallery-1227 envira-gallery-link\" rel=\"enviragallery1227\" title=\"03\" data-envira-caption=\"03\" data-envira-retina=\"\" data-thumbnail=\"\"  itemprop=\"contentUrl\"><img id=\"envira-gallery-image-1226\" class=\"envira-gallery-image envira-gallery-image-8 envira-normal envira-lazy\" data-envira-index=\"8\" src=\"https:\/\/karitaszkozpont.hu\/wp-content\/uploads\/2021\/05\/03-640x480.jpg\" data-envira-src=\"https:\/\/karitaszkozpont.hu\/wp-content\/uploads\/2021\/05\/03-640x480.jpg\" data-envira-gallery-id=\"1227\" data-envira-item-id=\"1226\" data-envira-caption=\"03\" alt=\"\" title=\"03\"  itemprop=\"thumbnailUrl\" data-envira-srcset=\"https:\/\/karitaszkozpont.hu\/wp-content\/uploads\/2021\/05\/03-640x480.jpg 400w,https:\/\/karitaszkozpont.hu\/wp-content\/uploads\/2021\/05\/03-640x480.jpg 2x\" data-envira-width=\"300\" data-envira-height=\"210\" srcset=\"data:image\/gif;base64,R0lGODlhAQABAIAAAP\/\/\/\/\/\/\/yH5BAEKAAEALAAAAAABAAEAAAICTAEAOw==\" data-safe-src=\"data:image\/gif;base64,R0lGODlhAQABAIAAAP\/\/\/\/\/\/\/yH5BAEKAAEALAAAAAABAAEAAAICTAEAOw==\" \/><\/a><\/div><\/div><\/div><\/div><noscript><img src=\"https:\/\/karitaszkozpont.hu\/wp-content\/uploads\/2021\/05\/02.jpg\" alt=\"\" \/><img src=\"https:\/\/karitaszkozpont.hu\/wp-content\/uploads\/2021\/05\/08.jpg\" alt=\"\" \/><img src=\"https:\/\/karitaszkozpont.hu\/wp-content\/uploads\/2021\/05\/07.jpg\" alt=\"\" \/><img src=\"https:\/\/karitaszkozpont.hu\/wp-content\/uploads\/2021\/05\/06.jpg\" alt=\"\" \/><img src=\"https:\/\/karitaszkozpont.hu\/wp-content\/uploads\/2021\/05\/04.jpg\" alt=\"\" \/><img src=\"https:\/\/karitaszkozpont.hu\/wp-content\/uploads\/2021\/05\/01.jpg\" alt=\"\" \/><img src=\"https:\/\/karitaszkozpont.hu\/wp-content\/uploads\/2021\/05\/05.jpg\" alt=\"\" \/><img src=\"https:\/\/karitaszkozpont.hu\/wp-content\/uploads\/2021\/05\/03.jpg\" alt=\"\" \/><\/noscript><\/div>\n\n\n\n<p>A jubileumi \u00fcnneps\u00e9g keret\u00e9ben P\u00e1lmain\u00e9 Lakatos Enik\u0151, aki 10 \u00e9ven \u00e1t vezette a pl\u00e9b\u00e1niai karit\u00e1sz csoportot, \u00e9s emellett a r\u00e1kosvid\u00e9ki r\u00e9gi\u00f3 vezet\u00e9s\u00e9t is ell\u00e1tja, \u00fcnnep\u00e9lyesen \u00e1tadta a Pl\u00e9b\u00e1niai karit\u00e1szcsoport &nbsp;vezet\u00e9s feladat\u00e1t P\u00e1sztor M\u00e1ri\u00e1nak.<\/p>\n\n\n\n<p>M\u00e1ria 5 \u00e9ve k\u00f6lt\u00f6z\u00f6tt Kolozsv\u00e1rr\u00f3l Budapestre, kor\u00e1bban pedag\u00f3gusk\u00e9nt dolgozott, \u00e9s P\u00e1lmain\u00e9 Lakatos Enik\u0151 munk\u00e1j\u00e1t seg\u00edtette az elm\u00falt 3 \u00e9vben m\u00e1r.<\/p>\n\n\n\n<p>Enik\u0151t\u0151l b\u00facs\u00fazott a csoport, de a karit\u00e1sz r\u00e9gi\u00f3vezet\u00e9s\u00e9t tov\u00e1bbra is v\u00e1llalta, \u00edgy nagy tapasztalat\u00e1val ezent\u00fal is fogja seg\u00edteni a r\u00e1kosfalvai Szent Istv\u00e1n pl\u00e9b\u00e1nia karit\u00e1sz csoportj\u00e1nak tev\u00e9kenys\u00e9g\u00e9t.<\/p>\n\n\n\n<p>H\u00e1l\u00e1t adunk az elm\u00falt 31 \u00e9v karit\u00e1sz munk\u00e1j\u00e1nak gy\u00fcm\u00f6lcsei\u00e9rt, \u00e9s Isten \u00e1ld\u00e1s\u00e1t k\u00e9rj\u00fck a tov\u00e1bbi szolg\u00e1lathoz Enik\u0151nek, M\u00e1ri\u00e1nak \u00e9s a r\u00e1kosfalvai Szent Istv\u00e1n pl\u00e9b\u00e1niai karit\u00e1sz minden csoporttagj\u00e1nak! &nbsp;<\/p>\n\n\n\n<p>Fot\u00f3: Szab\u00f3 Csaba<\/p>\n","protected":false},"excerpt":{"rendered":"<p>Jubileumot \u00fcnnepelt a r\u00e1kosfalvai karit\u00e1sz csoport 2021. m\u00e1jus 8-\u00e1n az esti szentmis\u00e9ben \u00fcnnep\u00e9lyesen eml\u00e9kezett meg a r\u00e1kosfalvai Szent Istv\u00e1n pl\u00e9b\u00e1nia karit\u00e1sz csoportja megalakul\u00e1s\u00e1nak 30. \u00e9vfordul\u00f3j\u00e1r\u00f3l. Az \u00f6sszej\u00f6vetel val\u00f3j\u00e1ban a 31. \u00e9vfordul\u00f3n ker\u00fclt megrendez\u00e9sre, mivel a tavaly a j\u00e1rv\u00e1ny\u00fcgyi korl\u00e1toz\u00e1sok nem tett\u00e9k lehet\u0151v\u00e9 a tal\u00e1lkoz\u00e1st. A h\u00e1laad\u00f3 szentmis\u00e9t Ft. Kocsis Istv\u00e1n atya mutatta be, \u0151 volt &hellip; <\/p>\n<p class=\"link-more\"><a href=\"https:\/\/karitaszkozpont.hu\/?p=1218\" class=\"more-link\">Continue reading<span class=\"screen-reader-text\"> &#8222;Jubileumot \u00fcnnepelt a r\u00e1kosfalvai karit\u00e1sz csoport&#8221;<\/span><\/a><\/p>\n","protected":false},"author":1,"featured_media":1220,"comment_status":"open","ping_status":"open","sticky":false,"template":"","format":"standard","meta":[],"categories":[4],"tags":[],"yoast_head":"<!-- This site is optimized with the Yoast SEO plugin v20.1 - https:\/\/yoast.com\/wordpress\/plugins\/seo\/ -->\n<title>Jubileumot \u00fcnnepelt a r\u00e1kosfalvai karit\u00e1sz csoport - Szent Erzs\u00e9bet Karit\u00e1sz K\u00f6zpont<\/title>\n<meta name=\"robots\" content=\"index, follow, max-snippet:-1, max-image-preview:large, max-video-preview:-1\" \/>\n<link rel=\"canonical\" href=\"https:\/\/karitaszkozpont.hu\/?p=1218\" \/>\n<meta property=\"og:locale\" content=\"hu_HU\" \/>\n<meta property=\"og:type\" content=\"article\" \/>\n<meta property=\"og:title\" content=\"Jubileumot \u00fcnnepelt a r\u00e1kosfalvai karit\u00e1sz csoport - Szent Erzs\u00e9bet Karit\u00e1sz K\u00f6zpont\" \/>\n<meta property=\"og:description\" content=\"Jubileumot \u00fcnnepelt a r\u00e1kosfalvai karit\u00e1sz csoport 2021. m\u00e1jus 8-\u00e1n az esti szentmis\u00e9ben \u00fcnnep\u00e9lyesen eml\u00e9kezett meg a r\u00e1kosfalvai Szent Istv\u00e1n pl\u00e9b\u00e1nia karit\u00e1sz csoportja megalakul\u00e1s\u00e1nak 30. \u00e9vfordul\u00f3j\u00e1r\u00f3l. Az \u00f6sszej\u00f6vetel val\u00f3j\u00e1ban a 31. \u00e9vfordul\u00f3n ker\u00fclt megrendez\u00e9sre, mivel a tavaly a j\u00e1rv\u00e1ny\u00fcgyi korl\u00e1toz\u00e1sok nem tett\u00e9k lehet\u0151v\u00e9 a tal\u00e1lkoz\u00e1st. A h\u00e1laad\u00f3 szentmis\u00e9t Ft. Kocsis Istv\u00e1n atya mutatta be, \u0151 volt &hellip; Continue reading &quot;Jubileumot \u00fcnnepelt a r\u00e1kosfalvai karit\u00e1sz csoport&quot;\" \/>\n<meta property=\"og:url\" content=\"https:\/\/karitaszkozpont.hu\/?p=1218\" \/>\n<meta property=\"og:site_name\" content=\"Szent Erzs\u00e9bet Karit\u00e1sz K\u00f6zpont\" \/>\n<meta property=\"article:published_time\" content=\"2021-05-14T14:55:41+00:00\" \/>\n<meta property=\"article:modified_time\" content=\"2021-05-14T14:55:43+00:00\" \/>\n<meta property=\"og:image\" content=\"https:\/\/karitaszkozpont.hu\/wp-content\/uploads\/2021\/05\/08.jpg\" \/>\n\t<meta property=\"og:image:width\" content=\"1500\" \/>\n\t<meta property=\"og:image:height\" content=\"982\" \/>\n\t<meta property=\"og:image:type\" content=\"image\/jpeg\" \/>\n<meta name=\"author\" content=\"Karit\u00e1sz K\u00f6zpont\" \/>\n<meta name=\"twitter:card\" content=\"summary_large_image\" \/>\n<meta name=\"twitter:label1\" content=\"Szerz\u0151:\" \/>\n\t<meta name=\"twitter:data1\" content=\"Karit\u00e1sz K\u00f6zpont\" \/>\n\t<meta name=\"twitter:label2\" content=\"Becs\u00fclt olvas\u00e1si id\u0151\" \/>\n\t<meta name=\"twitter:data2\" content=\"1 perc\" \/>\n<script type=\"application\/ld+json\" class=\"yoast-schema-graph\">{\"@context\":\"https:\/\/schema.org\",\"@graph\":[{\"@type\":\"Article\",\"@id\":\"https:\/\/karitaszkozpont.hu\/?p=1218#article\",\"isPartOf\":{\"@id\":\"https:\/\/karitaszkozpont.hu\/?p=1218\"},\"author\":{\"name\":\"Karit\u00e1sz K\u00f6zpont\",\"@id\":\"https:\/\/karitaszkozpont.hu\/#\/schema\/person\/0d9c28244c111914ea13bb1248775e57\"},\"headline\":\"Jubileumot \u00fcnnepelt a r\u00e1kosfalvai karit\u00e1sz csoport\",\"datePublished\":\"2021-05-14T14:55:41+00:00\",\"dateModified\":\"2021-05-14T14:55:43+00:00\",\"mainEntityOfPage\":{\"@id\":\"https:\/\/karitaszkozpont.hu\/?p=1218\"},\"wordCount\":364,\"commentCount\":0,\"publisher\":{\"@id\":\"https:\/\/karitaszkozpont.hu\/#organization\"},\"articleSection\":[\"H\u00edrek\"],\"inLanguage\":\"hu\",\"potentialAction\":[{\"@type\":\"CommentAction\",\"name\":\"Comment\",\"target\":[\"https:\/\/karitaszkozpont.hu\/?p=1218#respond\"]}]},{\"@type\":\"WebPage\",\"@id\":\"https:\/\/karitaszkozpont.hu\/?p=1218\",\"url\":\"https:\/\/karitaszkozpont.hu\/?p=1218\",\"name\":\"Jubileumot \u00fcnnepelt a r\u00e1kosfalvai karit\u00e1sz csoport - Szent Erzs\u00e9bet Karit\u00e1sz K\u00f6zpont\",\"isPartOf\":{\"@id\":\"https:\/\/karitaszkozpont.hu\/#website\"},\"datePublished\":\"2021-05-14T14:55:41+00:00\",\"dateModified\":\"2021-05-14T14:55:43+00:00\",\"breadcrumb\":{\"@id\":\"https:\/\/karitaszkozpont.hu\/?p=1218#breadcrumb\"},\"inLanguage\":\"hu\",\"potentialAction\":[{\"@type\":\"ReadAction\",\"target\":[\"https:\/\/karitaszkozpont.hu\/?p=1218\"]}]},{\"@type\":\"BreadcrumbList\",\"@id\":\"https:\/\/karitaszkozpont.hu\/?p=1218#breadcrumb\",\"itemListElement\":[{\"@type\":\"ListItem\",\"position\":1,\"name\":\"Kezd\u0151lap\",\"item\":\"https:\/\/karitaszkozpont.hu\/\"},{\"@type\":\"ListItem\",\"position\":2,\"name\":\"Jubileumot \u00fcnnepelt a r\u00e1kosfalvai karit\u00e1sz csoport\"}]},{\"@type\":\"WebSite\",\"@id\":\"https:\/\/karitaszkozpont.hu\/#website\",\"url\":\"https:\/\/karitaszkozpont.hu\/\",\"name\":\"Szent Erzs\u00e9bet Karit\u00e1sz K\u00f6zpont\",\"description\":\"Esztergom-Budapesti F\u0151egyh\u00e1zmegye\",\"publisher\":{\"@id\":\"https:\/\/karitaszkozpont.hu\/#organization\"},\"potentialAction\":[{\"@type\":\"SearchAction\",\"target\":{\"@type\":\"EntryPoint\",\"urlTemplate\":\"https:\/\/karitaszkozpont.hu\/?s={search_term_string}\"},\"query-input\":\"required name=search_term_string\"}],\"inLanguage\":\"hu\"},{\"@type\":\"Organization\",\"@id\":\"https:\/\/karitaszkozpont.hu\/#organization\",\"name\":\"Szent Erzs\u00e9bet Karit\u00e1sz K\u00f6zpont\",\"url\":\"https:\/\/karitaszkozpont.hu\/\",\"logo\":{\"@type\":\"ImageObject\",\"inLanguage\":\"hu\",\"@id\":\"https:\/\/karitaszkozpont.hu\/#\/schema\/logo\/image\/\",\"url\":\"https:\/\/karitaszkp.hu\/wp-content\/uploads\/2019\/06\/cropped-logo-arnyekos-1.png\",\"contentUrl\":\"https:\/\/karitaszkp.hu\/wp-content\/uploads\/2019\/06\/cropped-logo-arnyekos-1.png\",\"width\":240,\"height\":247,\"caption\":\"Szent Erzs\u00e9bet Karit\u00e1sz K\u00f6zpont\"},\"image\":{\"@id\":\"https:\/\/karitaszkozpont.hu\/#\/schema\/logo\/image\/\"}},{\"@type\":\"Person\",\"@id\":\"https:\/\/karitaszkozpont.hu\/#\/schema\/person\/0d9c28244c111914ea13bb1248775e57\",\"name\":\"Karit\u00e1sz K\u00f6zpont\",\"image\":{\"@type\":\"ImageObject\",\"inLanguage\":\"hu\",\"@id\":\"https:\/\/karitaszkozpont.hu\/#\/schema\/person\/image\/\",\"url\":\"https:\/\/secure.gravatar.com\/avatar\/1274acd7c62f3cac92d2b38aad20c71b?s=96&d=mm&r=g\",\"contentUrl\":\"https:\/\/secure.gravatar.com\/avatar\/1274acd7c62f3cac92d2b38aad20c71b?s=96&d=mm&r=g\",\"caption\":\"Karit\u00e1sz K\u00f6zpont\"},\"url\":\"https:\/\/karitaszkozpont.hu\/?author=1\"}]}<\/script>\n<!-- \/ Yoast SEO plugin. -->","yoast_head_json":{"title":"Jubileumot \u00fcnnepelt a r\u00e1kosfalvai karit\u00e1sz csoport - Szent Erzs\u00e9bet Karit\u00e1sz K\u00f6zpont","robots":{"index":"index","follow":"follow","max-snippet":"max-snippet:-1","max-image-preview":"max-image-preview:large","max-video-preview":"max-video-preview:-1"},"canonical":"https:\/\/karitaszkozpont.hu\/?p=1218","og_locale":"hu_HU","og_type":"article","og_title":"Jubileumot \u00fcnnepelt a r\u00e1kosfalvai karit\u00e1sz csoport - Szent Erzs\u00e9bet Karit\u00e1sz K\u00f6zpont","og_description":"Jubileumot \u00fcnnepelt a r\u00e1kosfalvai karit\u00e1sz csoport 2021. m\u00e1jus 8-\u00e1n az esti szentmis\u00e9ben \u00fcnnep\u00e9lyesen eml\u00e9kezett meg a r\u00e1kosfalvai Szent Istv\u00e1n pl\u00e9b\u00e1nia karit\u00e1sz csoportja megalakul\u00e1s\u00e1nak 30. \u00e9vfordul\u00f3j\u00e1r\u00f3l. Az \u00f6sszej\u00f6vetel val\u00f3j\u00e1ban a 31. \u00e9vfordul\u00f3n ker\u00fclt megrendez\u00e9sre, mivel a tavaly a j\u00e1rv\u00e1ny\u00fcgyi korl\u00e1toz\u00e1sok nem tett\u00e9k lehet\u0151v\u00e9 a tal\u00e1lkoz\u00e1st. A h\u00e1laad\u00f3 szentmis\u00e9t Ft. Kocsis Istv\u00e1n atya mutatta be, \u0151 volt &hellip; Continue reading \"Jubileumot \u00fcnnepelt a r\u00e1kosfalvai karit\u00e1sz csoport\"","og_url":"https:\/\/karitaszkozpont.hu\/?p=1218","og_site_name":"Szent Erzs\u00e9bet Karit\u00e1sz K\u00f6zpont","article_published_time":"2021-05-14T14:55:41+00:00","article_modified_time":"2021-05-14T14:55:43+00:00","og_image":[{"width":1500,"height":982,"url":"https:\/\/karitaszkozpont.hu\/wp-content\/uploads\/2021\/05\/08.jpg","type":"image\/jpeg"}],"author":"Karit\u00e1sz K\u00f6zpont","twitter_card":"summary_large_image","twitter_misc":{"Szerz\u0151:":"Karit\u00e1sz K\u00f6zpont","Becs\u00fclt olvas\u00e1si id\u0151":"1 perc"},"schema":{"@context":"https:\/\/schema.org","@graph":[{"@type":"Article","@id":"https:\/\/karitaszkozpont.hu\/?p=1218#article","isPartOf":{"@id":"https:\/\/karitaszkozpont.hu\/?p=1218"},"author":{"name":"Karit\u00e1sz K\u00f6zpont","@id":"https:\/\/karitaszkozpont.hu\/#\/schema\/person\/0d9c28244c111914ea13bb1248775e57"},"headline":"Jubileumot \u00fcnnepelt a r\u00e1kosfalvai karit\u00e1sz csoport","datePublished":"2021-05-14T14:55:41+00:00","dateModified":"2021-05-14T14:55:43+00:00","mainEntityOfPage":{"@id":"https:\/\/karitaszkozpont.hu\/?p=1218"},"wordCount":364,"commentCount":0,"publisher":{"@id":"https:\/\/karitaszkozpont.hu\/#organization"},"articleSection":["H\u00edrek"],"inLanguage":"hu","potentialAction":[{"@type":"CommentAction","name":"Comment","target":["https:\/\/karitaszkozpont.hu\/?p=1218#respond"]}]},{"@type":"WebPage","@id":"https:\/\/karitaszkozpont.hu\/?p=1218","url":"https:\/\/karitaszkozpont.hu\/?p=1218","name":"Jubileumot \u00fcnnepelt a r\u00e1kosfalvai karit\u00e1sz csoport - Szent Erzs\u00e9bet Karit\u00e1sz K\u00f6zpont","isPartOf":{"@id":"https:\/\/karitaszkozpont.hu\/#website"},"datePublished":"2021-05-14T14:55:41+00:00","dateModified":"2021-05-14T14:55:43+00:00","breadcrumb":{"@id":"https:\/\/karitaszkozpont.hu\/?p=1218#breadcrumb"},"inLanguage":"hu","potentialAction":[{"@type":"ReadAction","target":["https:\/\/karitaszkozpont.hu\/?p=1218"]}]},{"@type":"BreadcrumbList","@id":"https:\/\/karitaszkozpont.hu\/?p=1218#breadcrumb","itemListElement":[{"@type":"ListItem","position":1,"name":"Kezd\u0151lap","item":"https:\/\/karitaszkozpont.hu\/"},{"@type":"ListItem","position":2,"name":"Jubileumot \u00fcnnepelt a r\u00e1kosfalvai karit\u00e1sz csoport"}]},{"@type":"WebSite","@id":"https:\/\/karitaszkozpont.hu\/#website","url":"https:\/\/karitaszkozpont.hu\/","name":"Szent Erzs\u00e9bet Karit\u00e1sz K\u00f6zpont","description":"Esztergom-Budapesti F\u0151egyh\u00e1zmegye","publisher":{"@id":"https:\/\/karitaszkozpont.hu\/#organization"},"potentialAction":[{"@type":"SearchAction","target":{"@type":"EntryPoint","urlTemplate":"https:\/\/karitaszkozpont.hu\/?s={search_term_string}"},"query-input":"required name=search_term_string"}],"inLanguage":"hu"},{"@type":"Organization","@id":"https:\/\/karitaszkozpont.hu\/#organization","name":"Szent Erzs\u00e9bet Karit\u00e1sz K\u00f6zpont","url":"https:\/\/karitaszkozpont.hu\/","logo":{"@type":"ImageObject","inLanguage":"hu","@id":"https:\/\/karitaszkozpont.hu\/#\/schema\/logo\/image\/","url":"https:\/\/karitaszkp.hu\/wp-content\/uploads\/2019\/06\/cropped-logo-arnyekos-1.png","contentUrl":"https:\/\/karitaszkp.hu\/wp-content\/uploads\/2019\/06\/cropped-logo-arnyekos-1.png","width":240,"height":247,"caption":"Szent Erzs\u00e9bet Karit\u00e1sz K\u00f6zpont"},"image":{"@id":"https:\/\/karitaszkozpont.hu\/#\/schema\/logo\/image\/"}},{"@type":"Person","@id":"https:\/\/karitaszkozpont.hu\/#\/schema\/person\/0d9c28244c111914ea13bb1248775e57","name":"Karit\u00e1sz K\u00f6zpont","image":{"@type":"ImageObject","inLanguage":"hu","@id":"https:\/\/karitaszkozpont.hu\/#\/schema\/person\/image\/","url":"https:\/\/secure.gravatar.com\/avatar\/1274acd7c62f3cac92d2b38aad20c71b?s=96&d=mm&r=g","contentUrl":"https:\/\/secure.gravatar.com\/avatar\/1274acd7c62f3cac92d2b38aad20c71b?s=96&d=mm&r=g","caption":"Karit\u00e1sz K\u00f6zpont"},"url":"https:\/\/karitaszkozpont.hu\/?author=1"}]}},"_links":{"self":[{"href":"https:\/\/karitaszkozpont.hu\/index.php?rest_route=\/wp\/v2\/posts\/1218"}],"collection":[{"href":"https:\/\/karitaszkozpont.hu\/index.php?rest_route=\/wp\/v2\/posts"}],"about":[{"href":"https:\/\/karitaszkozpont.hu\/index.php?rest_route=\/wp\/v2\/types\/post"}],"author":[{"embeddable":true,"href":"https:\/\/karitaszkozpont.hu\/index.php?rest_route=\/wp\/v2\/users\/1"}],"replies":[{"embeddable":true,"href":"https:\/\/karitaszkozpont.hu\/index.php?rest_route=%2Fwp%2Fv2%2Fcomments&post=1218"}],"version-history":[{"count":1,"href":"https:\/\/karitaszkozpont.hu\/index.php?rest_route=\/wp\/v2\/posts\/1218\/revisions"}],"predecessor-version":[{"id":1228,"href":"https:\/\/karitaszkozpont.hu\/index.php?rest_route=\/wp\/v2\/posts\/1218\/revisions\/1228"}],"wp:featuredmedia":[{"embeddable":true,"href":"https:\/\/karitaszkozpont.hu\/index.php?rest_route=\/wp\/v2\/media\/1220"}],"wp:attachment":[{"href":"https:\/\/karitaszkozpont.hu\/index.php?rest_route=%2Fwp%2Fv2%2Fmedia&parent=1218"}],"wp:term":[{"taxonomy":"category","embeddable":true,"href":"https:\/\/karitaszkozpont.hu\/index.php?rest_route=%2Fwp%2Fv2%2Fcategories&post=1218"},{"taxonomy":"post_tag","embeddable":true,"href":"https:\/\/karitaszkozpont.hu\/index.php?rest_route=%2Fwp%2Fv2%2Ftags&post=1218"}],"curies":[{"name":"wp","href":"https:\/\/api.w.org\/{rel}","templated":true}]}}