{"id":1215,"date":"2021-05-09T09:12:48","date_gmt":"2021-05-09T07:12:48","guid":{"rendered":"http:\/\/karitaszkp.hu\/?p=1215"},"modified":"2021-05-09T09:12:49","modified_gmt":"2021-05-09T07:12:49","slug":"120-karitasz-egyperces","status":"publish","type":"post","link":"https:\/\/karitaszkozpont.hu\/?p=1215","title":{"rendered":"120. Karit\u00e1sz Egyperces"},"content":{"rendered":"\n<p class=\"has-white-color has-vivid-red-background-color has-text-color has-background has-large-font-size\"><strong>120. A szeretet parancsa<\/strong><\/p>\n\n\n\n<p class=\"has-background\" style=\"background-color:#cacaca\"><em>\u201e\u00daj parancsot adok nektek: Szeress\u00e9tek egym\u00e1st! Amint \u00e9n szerettelek benneteket, \u00fagy szeress\u00e9tek ti is egym\u00e1st.\u201d (Jn 13,34<\/em><em>)<\/em><\/p>\n\n\n\n<p>Kedves Karit\u00e1sz \u00d6nk\u00e9ntesek, Munkat\u00e1rsak, Testv\u00e9rek az \u00darban!<\/p>\n\n\n\n<p>Lehet-e parancsolni a szeretetet? Lehet-e parancsra szeretni vagy csak \u00f6nsz\u00e1ntunkb\u00f3l? Ha parancsra szeretn\u00e9nk, lehet-e az \u0151szinte? Hol van a szabad akartunk, ha csak parancsra engedelmesked\u00fcnk? Sok ilyen k\u00e9rd\u00e9s ker\u00fcl el\u0151 mindennapjainkban. Ehhez tartozik az is, hogy minek van Egyh\u00e1z, mi\u00e9rt kell egy szab\u00e1lyozott, int\u00e9zm\u00e9nyes\u00edtett k\u00f6z\u00f6ss\u00e9g tagj\u00e1nak lenni ahhoz, hogy Istennel kapcsolatban legy\u00fcnk? A szeretet parancsa, az Egyh\u00e1z ir\u00e1ny\u00edt\u00e1sa nem korl\u00e1tozza-e az \u00e9let\u00fcnket, nem ny\u00edrb\u00e1lja-e meg a szabads\u00e1gunkat?<\/p>\n\n\n\n<p>Minden v\u00e1lasz az ilyen \u00e9s ehhez hasonl\u00f3 k\u00e9rd\u00e9sekre Krisztus Urunk tan\u00edt\u00e1s\u00e1ra \u00e9s szem\u00e9lyes p\u00e9ld\u00e1j\u00e1ra mutat. \u0150 maga az Atya akarat\u00e1t teljes\u00edtette, egy vele a Szenth\u00e1roms\u00e1gban, \u0150 \u00e9s a Szenth\u00e1roms\u00e1g szem\u00e9lyei egy\u00fctt is \u00e9s k\u00fcl\u00f6n is, maga a Szeretet. A szeretet nem tulajdons\u00e1g, nem esetlegesen van, vagy nincs, hanem els\u0151sorban Isten maga, mint szem\u00e9ly, \u00f6ntudattal, akarattal, szabads\u00e1ggal. Ebb\u0151l a szeretetb\u0151l r\u00e9szes\u00fcl\u00fcnk mi emberek, akik az \u0150 k\u00e9pm\u00e1sai vagyunk, az \u0150 lelk\u00e9t hordozzuk.<\/p>\n\n\n\n<p>T\u0151le kaptuk az \u0150 isteni \u00e9let\u00e9ben val\u00f3 r\u00e9szesed\u00e9s lehet\u0151s\u00e9g\u00e9t, azaz az \u00fcdv\u00f6ss\u00e9get, amiben akkor r\u00e9szes\u00fcl\u00fcnk, ha az \u0150 legf\u0151bb szem\u00e9lyis\u00e9gjegy\u00e9t, a szeretetet meg\u00e9lj\u00fck, kibontakoztatjuk \u00e9s tan\u00fas\u00e1got tesz\u00fcnk r\u00f3la. A szeretet benn\u00fcnk meglev\u0151 k\u00e9pess\u00e9ge mindig egy m\u00e1sik szem\u00e9lyre ir\u00e1nyul, konkr\u00e9tan embert\u00e1rsainkra. Fel\u00e9j\u00fck, nekik, \u00e9rt\u00fck tudunk tan\u00fas\u00e1got&nbsp; tenni arr\u00f3l, hogy van benn\u00fcnk szeretet \u00e9s ez a szeretet mag\u00e1t\u00f3l a Teremt\u0151t\u0151l, Megv\u00e1lt\u00f3t\u00f3l ered.<\/p>\n\n\n\n<p><strong>Aki teh\u00e1t szeret, aki v\u00e9gzi a szeretet cselekedeteit, az k\u00f6zelebb van Istenhez, mint ak\u00e1r maga is gondoln\u00e1.<\/strong>&nbsp;Az Egyh\u00e1z megadja a szeretet kereteit, \u00fatjelz\u0151t\u00e1bl\u00e1it, biztos\u00edtja sz\u00e1munkra a Szeretet szents\u00e9geit, hogy eljussunk a szeretet teljess\u00e9g\u00e9be, az Istennel val\u00f3 teljes, szoros \u00e9s \u00f6r\u00f6k k\u00f6z\u00f6ss\u00e9gbe. Ez\u00e9rt van sz\u00fcks\u00e9g az Egyh\u00e1zra, amit maga az Isten alap\u00edtott az \u00dar J\u00e9zus szem\u00e9ly\u00e9ben.<\/p>\n\n\n\n<p><strong>Az\u00e9rt parancsolja nek\u00fcnk a szeretetet, hogy \u00e9let\u00fcnk legyen a szeretetben, \u00e9let\u00fcnk legyen Krisztusban, \u00e9let\u00fcnk legyen az \u00f6r\u00f6k boldogs\u00e1gban.<\/strong>&nbsp;Nem k\u00f6telez\u0151 szeretetben \u00e9lni, hiszen a szabad akaratunk megvan arra, hogy elutas\u00edtsuk Istent, elutas\u00edtsuk a szeretetet, de akkor az m\u00e1r nem nevezhet\u0151 \u00e9letnek, mert az csak l\u00e9tez\u00e9s, r\u00e1ad\u00e1sul szeretet n\u00e9lk\u00fcl. Ez a vil\u00e1g nem lenne m\u00e1s sz\u00e1munkra, mint a k\u00e1rhozat, az \u00f6r\u00f6k hal\u00e1l \u00e1llapota, a pokol.&nbsp;<strong>A szeretet parancsa teh\u00e1t az \u00e9let, a boldogs\u00e1g, az \u00fcdv\u00f6ss\u00e9g parancsa<\/strong>&nbsp;\u00e9s aki benne \u00e9l, erre t\u00f6rekszik, err\u0151l tesz tan\u00fas\u00e1got, ezt gyakorolja, az m\u00e1r most itt e f\u00f6ld\u00f6n megtapasztalja gy\u00fcm\u00f6lcseit. Nem csak \u00f6nmag\u00e1ban, hanem k\u00f6rnyezet\u00e9ben, a vil\u00e1gban is.&nbsp;<strong>Ez a karit\u00e1sz munk\u00e1nk c\u00e9lja \u00e9s l\u00e9nyege: tan\u00fas\u00e1got tenni a szeretet\u00e9r\u0151l, Istenr\u0151l, aki maga a Szeretet \u00e9s elk\u00eds\u00e9rni felabar\u00e1tainkat J\u00e9zushoz, hogy \u0151k is r\u00e9szes\u00fcljenek a boldogs\u00e1g egyetlen lehet\u0151s\u00e9g\u00e9ben.<\/strong><\/p>\n\n\n\n<p>Ahogy nem k\u00f6telez\u0151 leveg\u0151t venni, de ha nem tessz\u00fck, akkor meghalunk, \u00fagy szeretni se k\u00f6telez\u0151, de akkor meghalunk, m\u00e9gpedig \u00f6r\u00f6kre \u2013 ezt meg\u00e9rtheti a nem h\u00edv\u0151 ember is. \u00c9s ha meg\u00e9rti, \u00e9s hozz\u00e1 kapcsoljuk azt, hogy a szeretet maga az Isten \u00e9s \u0150 maga alap\u00edtotta az Egyh\u00e1zat, akkor m\u00e1r nagyon sokat tett\u00fcnk az\u00e9rt, hogy \u0151k is kedvet kapjanak a k\u00f6z\u00f6ss\u00e9g\u00fcnkh\u00f6z csatlakozni. Mi pedig fogadjuk be \u0151ket a szeretet tan\u00fas\u00e1gt\u00e9tel\u00e9vel! \u00cdgy bontakozik ki a szeretet \u00e9s n\u00f6vekszik egyh\u00e1zunk.<\/p>\n\n\n\n<p>Hirdet\u00e9sek:<\/p>\n\n\n\n<p>\u00b7&nbsp;&nbsp;&nbsp;&nbsp;&nbsp;&nbsp;&nbsp;&nbsp;&nbsp;A k\u00f6vetkez\u0151 karit\u00e1sz m\u0171sorunk a M\u00e1ria R\u00e1di\u00f3ban m\u00e1jus 12-\u00e9n 10.50 \u00f3rakor kezd\u0151dik.<\/p>\n\n\n\n<p>\u00b7&nbsp;&nbsp;&nbsp;&nbsp;&nbsp;&nbsp;&nbsp;&nbsp;&nbsp;Kor\u00e1bbi m\u0171soraink itt hallgathat\u00f3k meg:&nbsp;<a href=\"https:\/\/www.mariaradio.hu\/musor\/4814\/Tevekeny_Szeretet\" target=\"_blank\" rel=\"noreferrer noopener\">https:\/\/www.mariaradio.hu\/musor\/4814\/Tevekeny_Szeretet<\/a><\/p>\n\n\n\n<p>\u00b7&nbsp;&nbsp;&nbsp;&nbsp;&nbsp;&nbsp;&nbsp;&nbsp;&nbsp;Felh\u00edvom mindenki figyelm\u00e9t, hogy a facebook- \u00e9s weboldalunkon folyamatosan friss\u00fclnek a h\u00edreink.&nbsp;<a href=\"http:\/\/www.karitaszkp.hu\/\" target=\"_blank\" rel=\"noreferrer noopener\">www.karitaszkp.hu<\/a>&nbsp;,&nbsp;<a href=\"https:\/\/www.facebook.com\/szenterzsebetkaritaszkozpont\" target=\"_blank\" rel=\"noreferrer noopener\">Esztergom-Budapesti F\u0151egyh\u00e1zmegye Szent Erzs\u00e9bet Karit\u00e1sz K\u00f6zpont | Facebook<\/a><\/p>\n\n\n\n<p>\u00b7&nbsp;&nbsp;&nbsp;&nbsp;&nbsp;&nbsp;&nbsp;&nbsp;&nbsp;A Budapest-Belv\u00e1rosi Nagyboldogasszony F\u0151pl\u00e9b\u00e1nia karit\u00e1sz csoportja Gell\u00e9rt-hegyi s\u00e9t\u00e1t szervez m\u00e1jus 22-re, szombatra 10.00 \u00f3rai indul\u00e1ssal (kb. d\u00e9lig tart a program). Tal\u00e1lkoz\u00e1si hely: Belv\u00e1rosi templom f\u0151kapuja, Bp. V. ker. M\u00e1rc. 15. t\u00e9r. (az Ersz\u00e9bet-h\u00edd pesti h\u00eddf\u0151j\u00e9n\u00e9l). Rossz id\u0151 eset\u00e9n, a l\u00e9tsz\u00e1mt\u00f3l tessz\u00fck f\u00fcgg\u0151v\u00e9, hogy tartunk-e benti programot, vagy sem.<\/p>\n\n\n\n<p>\u00b7&nbsp;&nbsp;&nbsp;&nbsp;&nbsp;&nbsp;&nbsp;&nbsp;&nbsp;A Szent Erzs\u00e9bet Karit\u00e1sz K\u00f6zpont k\u00e9r\u00e9s\u00e9re f\u0151tisztelend\u0151 Feldhoffer Antal pl\u00e9b\u00e1nos atya minden els\u0151 h\u00e9tf\u0151n 15.30-kor karit\u00e1sz szentmis\u00e9t mutat be a 1035 Budapest, III. ker. K\u00f3rh\u00e1z u. 37. sz\u00e1m alatti Szent J\u00f3zsef templomban. Misesz\u00e1nd\u00e9k: \u00e9l\u0151 \u00e9s elhunyt karit\u00e1szosok\u00e9rt. A k\u00f6vetkez\u0151 alkalom j\u00fanius 7-\u00e9n lesz.<\/p>\n\n\n\n<p>\u00b7&nbsp;&nbsp;&nbsp;&nbsp;&nbsp;&nbsp;&nbsp;&nbsp;&nbsp;A j\u00fanius 7-i szentmise ut\u00e1n Mihalovics Zsigmondr\u00f3l, a Szent Erzs\u00e9bet Karit\u00e1sz K\u00f6zpont els\u0151 igazgat\u00f3j\u00e1r\u00f3l eml\u00e9kez\u00fcnk meg a 90 \u00e9ves alap\u00edt\u00e1s kapcs\u00e1n. Helysz\u00edn: 1035 Budapest, K\u00f3rh\u00e1z u. 37. Tervein k szerint on-line m\u00f3don is meg lehet hallgatni Csorba G\u00e1bor megeml\u00e9kez\u00e9s\u00e9t.<\/p>\n\n\n\n<p>Csorba G\u00e1bor<\/p>\n\n\n\n<p>\u00e1lland\u00f3 diak\u00f3nus, karit\u00e1sz igazgat\u00f3<\/p>\n\n\n\n<p>Esztergom-Budapesti F\u0151egyh\u00e1zmegye<\/p>\n\n\n\n<p>Szent Erzs\u00e9bet Karit\u00e1sz K\u00f6zpont<\/p>\n\n\n\n<p class=\"has-background\" style=\"background-color:#cacaca\">Sz\u00e9khely:&nbsp;<a href=\"https:\/\/www.google.com\/maps\/search\/1067+Budapest,+Hunyadi+t%C3%A9r+3?entry=gmail&amp;source=g\">1067 Budapest, Hunyadi t\u00e9r 3<\/a>. f\u00e9lemelet 1.<\/p>\n\n\n\n<p class=\"has-background\" style=\"background-color:#cacaca\">Telefon: +36-1-351-1977<\/p>\n\n\n\n<p class=\"has-background\" style=\"background-color:#cacaca\">Mobil: +36-30-592-1483<\/p>\n\n\n\n<p class=\"has-background\" style=\"background-color:#cacaca\">E-mail:&nbsp;<a href=\"mailto:szenterzsebet@karitaszkozpont.hu\" target=\"_blank\" rel=\"noreferrer noopener\">szenterzsebet@karitaszkozpont.hu<\/a><\/p>\n\n\n\n<p class=\"has-background\" style=\"background-color:#cacaca\">Honlap:&nbsp;<a href=\"http:\/\/www.karitaszkp.hu\/\" target=\"_blank\" rel=\"noreferrer noopener\">www.karitaszkp.hu<\/a><\/p>\n\n\n\n<p class=\"has-background\" style=\"background-color:#cacaca\">A kor\u00e1bbi egypercesek itt \u00e9rhet\u0151k el:&nbsp;<a href=\"https:\/\/karitaszegypercesek.blogspot.com\/\" target=\"_blank\" rel=\"noreferrer noopener\">https:\/\/karitaszegypercesek.blogspot.com\/<\/a><\/p>\n","protected":false},"excerpt":{"rendered":"<p>120. A szeretet parancsa \u201e\u00daj parancsot adok nektek: Szeress\u00e9tek egym\u00e1st! Amint \u00e9n szerettelek benneteket, \u00fagy szeress\u00e9tek ti is egym\u00e1st.\u201d (Jn 13,34) Kedves Karit\u00e1sz \u00d6nk\u00e9ntesek, Munkat\u00e1rsak, Testv\u00e9rek az \u00darban! Lehet-e parancsolni a szeretetet? Lehet-e parancsra szeretni vagy csak \u00f6nsz\u00e1ntunkb\u00f3l? Ha parancsra szeretn\u00e9nk, lehet-e az \u0151szinte? Hol van a szabad akartunk, ha csak parancsra engedelmesked\u00fcnk? Sok ilyen &hellip; <\/p>\n<p class=\"link-more\"><a href=\"https:\/\/karitaszkozpont.hu\/?p=1215\" class=\"more-link\">Continue reading<span class=\"screen-reader-text\"> &#8222;120. Karit\u00e1sz Egyperces&#8221;<\/span><\/a><\/p>\n","protected":false},"author":1,"featured_media":563,"comment_status":"open","ping_status":"open","sticky":false,"template":"","format":"standard","meta":[],"categories":[8],"tags":[],"yoast_head":"<!-- This site is optimized with the Yoast SEO plugin v20.1 - https:\/\/yoast.com\/wordpress\/plugins\/seo\/ -->\n<title>120. Karit\u00e1sz Egyperces - Szent Erzs\u00e9bet Karit\u00e1sz K\u00f6zpont<\/title>\n<meta name=\"robots\" content=\"index, follow, max-snippet:-1, max-image-preview:large, max-video-preview:-1\" \/>\n<link rel=\"canonical\" href=\"https:\/\/karitaszkozpont.hu\/?p=1215\" \/>\n<meta property=\"og:locale\" content=\"hu_HU\" \/>\n<meta property=\"og:type\" content=\"article\" \/>\n<meta property=\"og:title\" content=\"120. Karit\u00e1sz Egyperces - Szent Erzs\u00e9bet Karit\u00e1sz K\u00f6zpont\" \/>\n<meta property=\"og:description\" content=\"120. A szeretet parancsa \u201e\u00daj parancsot adok nektek: Szeress\u00e9tek egym\u00e1st! Amint \u00e9n szerettelek benneteket, \u00fagy szeress\u00e9tek ti is egym\u00e1st.\u201d (Jn 13,34) Kedves Karit\u00e1sz \u00d6nk\u00e9ntesek, Munkat\u00e1rsak, Testv\u00e9rek az \u00darban! Lehet-e parancsolni a szeretetet? Lehet-e parancsra szeretni vagy csak \u00f6nsz\u00e1ntunkb\u00f3l? Ha parancsra szeretn\u00e9nk, lehet-e az \u0151szinte? Hol van a szabad akartunk, ha csak parancsra engedelmesked\u00fcnk? Sok ilyen &hellip; Continue reading &quot;120. Karit\u00e1sz Egyperces&quot;\" \/>\n<meta property=\"og:url\" content=\"https:\/\/karitaszkozpont.hu\/?p=1215\" \/>\n<meta property=\"og:site_name\" content=\"Szent Erzs\u00e9bet Karit\u00e1sz K\u00f6zpont\" \/>\n<meta property=\"article:published_time\" content=\"2021-05-09T07:12:48+00:00\" \/>\n<meta property=\"article:modified_time\" content=\"2021-05-09T07:12:49+00:00\" \/>\n<meta property=\"og:image\" content=\"https:\/\/karitaszkozpont.hu\/wp-content\/uploads\/2019\/07\/egyperceslogo.jpg\" \/>\n\t<meta property=\"og:image:width\" content=\"2300\" \/>\n\t<meta property=\"og:image:height\" content=\"1528\" \/>\n\t<meta property=\"og:image:type\" content=\"image\/jpeg\" \/>\n<meta name=\"author\" content=\"Karit\u00e1sz K\u00f6zpont\" \/>\n<meta name=\"twitter:card\" content=\"summary_large_image\" \/>\n<meta name=\"twitter:label1\" content=\"Szerz\u0151:\" \/>\n\t<meta name=\"twitter:data1\" content=\"Karit\u00e1sz K\u00f6zpont\" \/>\n\t<meta name=\"twitter:label2\" content=\"Becs\u00fclt olvas\u00e1si id\u0151\" \/>\n\t<meta name=\"twitter:data2\" content=\"4 perc\" \/>\n<script type=\"application\/ld+json\" class=\"yoast-schema-graph\">{\"@context\":\"https:\/\/schema.org\",\"@graph\":[{\"@type\":\"Article\",\"@id\":\"https:\/\/karitaszkozpont.hu\/?p=1215#article\",\"isPartOf\":{\"@id\":\"https:\/\/karitaszkozpont.hu\/?p=1215\"},\"author\":{\"name\":\"Karit\u00e1sz K\u00f6zpont\",\"@id\":\"https:\/\/karitaszkozpont.hu\/#\/schema\/person\/0d9c28244c111914ea13bb1248775e57\"},\"headline\":\"120. Karit\u00e1sz Egyperces\",\"datePublished\":\"2021-05-09T07:12:48+00:00\",\"dateModified\":\"2021-05-09T07:12:49+00:00\",\"mainEntityOfPage\":{\"@id\":\"https:\/\/karitaszkozpont.hu\/?p=1215\"},\"wordCount\":1093,\"commentCount\":0,\"publisher\":{\"@id\":\"https:\/\/karitaszkozpont.hu\/#organization\"},\"articleSection\":[\"Egypercesek\"],\"inLanguage\":\"hu\",\"potentialAction\":[{\"@type\":\"CommentAction\",\"name\":\"Comment\",\"target\":[\"https:\/\/karitaszkozpont.hu\/?p=1215#respond\"]}]},{\"@type\":\"WebPage\",\"@id\":\"https:\/\/karitaszkozpont.hu\/?p=1215\",\"url\":\"https:\/\/karitaszkozpont.hu\/?p=1215\",\"name\":\"120. Karit\u00e1sz Egyperces - Szent Erzs\u00e9bet Karit\u00e1sz K\u00f6zpont\",\"isPartOf\":{\"@id\":\"https:\/\/karitaszkozpont.hu\/#website\"},\"datePublished\":\"2021-05-09T07:12:48+00:00\",\"dateModified\":\"2021-05-09T07:12:49+00:00\",\"breadcrumb\":{\"@id\":\"https:\/\/karitaszkozpont.hu\/?p=1215#breadcrumb\"},\"inLanguage\":\"hu\",\"potentialAction\":[{\"@type\":\"ReadAction\",\"target\":[\"https:\/\/karitaszkozpont.hu\/?p=1215\"]}]},{\"@type\":\"BreadcrumbList\",\"@id\":\"https:\/\/karitaszkozpont.hu\/?p=1215#breadcrumb\",\"itemListElement\":[{\"@type\":\"ListItem\",\"position\":1,\"name\":\"Kezd\u0151lap\",\"item\":\"https:\/\/karitaszkozpont.hu\/\"},{\"@type\":\"ListItem\",\"position\":2,\"name\":\"120. Karit\u00e1sz Egyperces\"}]},{\"@type\":\"WebSite\",\"@id\":\"https:\/\/karitaszkozpont.hu\/#website\",\"url\":\"https:\/\/karitaszkozpont.hu\/\",\"name\":\"Szent Erzs\u00e9bet Karit\u00e1sz K\u00f6zpont\",\"description\":\"Esztergom-Budapesti F\u0151egyh\u00e1zmegye\",\"publisher\":{\"@id\":\"https:\/\/karitaszkozpont.hu\/#organization\"},\"potentialAction\":[{\"@type\":\"SearchAction\",\"target\":{\"@type\":\"EntryPoint\",\"urlTemplate\":\"https:\/\/karitaszkozpont.hu\/?s={search_term_string}\"},\"query-input\":\"required name=search_term_string\"}],\"inLanguage\":\"hu\"},{\"@type\":\"Organization\",\"@id\":\"https:\/\/karitaszkozpont.hu\/#organization\",\"name\":\"Szent Erzs\u00e9bet Karit\u00e1sz K\u00f6zpont\",\"url\":\"https:\/\/karitaszkozpont.hu\/\",\"logo\":{\"@type\":\"ImageObject\",\"inLanguage\":\"hu\",\"@id\":\"https:\/\/karitaszkozpont.hu\/#\/schema\/logo\/image\/\",\"url\":\"https:\/\/karitaszkp.hu\/wp-content\/uploads\/2019\/06\/cropped-logo-arnyekos-1.png\",\"contentUrl\":\"https:\/\/karitaszkp.hu\/wp-content\/uploads\/2019\/06\/cropped-logo-arnyekos-1.png\",\"width\":240,\"height\":247,\"caption\":\"Szent Erzs\u00e9bet Karit\u00e1sz K\u00f6zpont\"},\"image\":{\"@id\":\"https:\/\/karitaszkozpont.hu\/#\/schema\/logo\/image\/\"}},{\"@type\":\"Person\",\"@id\":\"https:\/\/karitaszkozpont.hu\/#\/schema\/person\/0d9c28244c111914ea13bb1248775e57\",\"name\":\"Karit\u00e1sz K\u00f6zpont\",\"image\":{\"@type\":\"ImageObject\",\"inLanguage\":\"hu\",\"@id\":\"https:\/\/karitaszkozpont.hu\/#\/schema\/person\/image\/\",\"url\":\"https:\/\/secure.gravatar.com\/avatar\/1274acd7c62f3cac92d2b38aad20c71b?s=96&d=mm&r=g\",\"contentUrl\":\"https:\/\/secure.gravatar.com\/avatar\/1274acd7c62f3cac92d2b38aad20c71b?s=96&d=mm&r=g\",\"caption\":\"Karit\u00e1sz K\u00f6zpont\"},\"url\":\"https:\/\/karitaszkozpont.hu\/?author=1\"}]}<\/script>\n<!-- \/ Yoast SEO plugin. -->","yoast_head_json":{"title":"120. Karit\u00e1sz Egyperces - Szent Erzs\u00e9bet Karit\u00e1sz K\u00f6zpont","robots":{"index":"index","follow":"follow","max-snippet":"max-snippet:-1","max-image-preview":"max-image-preview:large","max-video-preview":"max-video-preview:-1"},"canonical":"https:\/\/karitaszkozpont.hu\/?p=1215","og_locale":"hu_HU","og_type":"article","og_title":"120. Karit\u00e1sz Egyperces - Szent Erzs\u00e9bet Karit\u00e1sz K\u00f6zpont","og_description":"120. A szeretet parancsa \u201e\u00daj parancsot adok nektek: Szeress\u00e9tek egym\u00e1st! Amint \u00e9n szerettelek benneteket, \u00fagy szeress\u00e9tek ti is egym\u00e1st.\u201d (Jn 13,34) Kedves Karit\u00e1sz \u00d6nk\u00e9ntesek, Munkat\u00e1rsak, Testv\u00e9rek az \u00darban! Lehet-e parancsolni a szeretetet? Lehet-e parancsra szeretni vagy csak \u00f6nsz\u00e1ntunkb\u00f3l? Ha parancsra szeretn\u00e9nk, lehet-e az \u0151szinte? Hol van a szabad akartunk, ha csak parancsra engedelmesked\u00fcnk? Sok ilyen &hellip; Continue reading \"120. Karit\u00e1sz Egyperces\"","og_url":"https:\/\/karitaszkozpont.hu\/?p=1215","og_site_name":"Szent Erzs\u00e9bet Karit\u00e1sz K\u00f6zpont","article_published_time":"2021-05-09T07:12:48+00:00","article_modified_time":"2021-05-09T07:12:49+00:00","og_image":[{"width":2300,"height":1528,"url":"https:\/\/karitaszkozpont.hu\/wp-content\/uploads\/2019\/07\/egyperceslogo.jpg","type":"image\/jpeg"}],"author":"Karit\u00e1sz K\u00f6zpont","twitter_card":"summary_large_image","twitter_misc":{"Szerz\u0151:":"Karit\u00e1sz K\u00f6zpont","Becs\u00fclt olvas\u00e1si id\u0151":"4 perc"},"schema":{"@context":"https:\/\/schema.org","@graph":[{"@type":"Article","@id":"https:\/\/karitaszkozpont.hu\/?p=1215#article","isPartOf":{"@id":"https:\/\/karitaszkozpont.hu\/?p=1215"},"author":{"name":"Karit\u00e1sz K\u00f6zpont","@id":"https:\/\/karitaszkozpont.hu\/#\/schema\/person\/0d9c28244c111914ea13bb1248775e57"},"headline":"120. Karit\u00e1sz Egyperces","datePublished":"2021-05-09T07:12:48+00:00","dateModified":"2021-05-09T07:12:49+00:00","mainEntityOfPage":{"@id":"https:\/\/karitaszkozpont.hu\/?p=1215"},"wordCount":1093,"commentCount":0,"publisher":{"@id":"https:\/\/karitaszkozpont.hu\/#organization"},"articleSection":["Egypercesek"],"inLanguage":"hu","potentialAction":[{"@type":"CommentAction","name":"Comment","target":["https:\/\/karitaszkozpont.hu\/?p=1215#respond"]}]},{"@type":"WebPage","@id":"https:\/\/karitaszkozpont.hu\/?p=1215","url":"https:\/\/karitaszkozpont.hu\/?p=1215","name":"120. Karit\u00e1sz Egyperces - Szent Erzs\u00e9bet Karit\u00e1sz K\u00f6zpont","isPartOf":{"@id":"https:\/\/karitaszkozpont.hu\/#website"},"datePublished":"2021-05-09T07:12:48+00:00","dateModified":"2021-05-09T07:12:49+00:00","breadcrumb":{"@id":"https:\/\/karitaszkozpont.hu\/?p=1215#breadcrumb"},"inLanguage":"hu","potentialAction":[{"@type":"ReadAction","target":["https:\/\/karitaszkozpont.hu\/?p=1215"]}]},{"@type":"BreadcrumbList","@id":"https:\/\/karitaszkozpont.hu\/?p=1215#breadcrumb","itemListElement":[{"@type":"ListItem","position":1,"name":"Kezd\u0151lap","item":"https:\/\/karitaszkozpont.hu\/"},{"@type":"ListItem","position":2,"name":"120. Karit\u00e1sz Egyperces"}]},{"@type":"WebSite","@id":"https:\/\/karitaszkozpont.hu\/#website","url":"https:\/\/karitaszkozpont.hu\/","name":"Szent Erzs\u00e9bet Karit\u00e1sz K\u00f6zpont","description":"Esztergom-Budapesti F\u0151egyh\u00e1zmegye","publisher":{"@id":"https:\/\/karitaszkozpont.hu\/#organization"},"potentialAction":[{"@type":"SearchAction","target":{"@type":"EntryPoint","urlTemplate":"https:\/\/karitaszkozpont.hu\/?s={search_term_string}"},"query-input":"required name=search_term_string"}],"inLanguage":"hu"},{"@type":"Organization","@id":"https:\/\/karitaszkozpont.hu\/#organization","name":"Szent Erzs\u00e9bet Karit\u00e1sz K\u00f6zpont","url":"https:\/\/karitaszkozpont.hu\/","logo":{"@type":"ImageObject","inLanguage":"hu","@id":"https:\/\/karitaszkozpont.hu\/#\/schema\/logo\/image\/","url":"https:\/\/karitaszkp.hu\/wp-content\/uploads\/2019\/06\/cropped-logo-arnyekos-1.png","contentUrl":"https:\/\/karitaszkp.hu\/wp-content\/uploads\/2019\/06\/cropped-logo-arnyekos-1.png","width":240,"height":247,"caption":"Szent Erzs\u00e9bet Karit\u00e1sz K\u00f6zpont"},"image":{"@id":"https:\/\/karitaszkozpont.hu\/#\/schema\/logo\/image\/"}},{"@type":"Person","@id":"https:\/\/karitaszkozpont.hu\/#\/schema\/person\/0d9c28244c111914ea13bb1248775e57","name":"Karit\u00e1sz K\u00f6zpont","image":{"@type":"ImageObject","inLanguage":"hu","@id":"https:\/\/karitaszkozpont.hu\/#\/schema\/person\/image\/","url":"https:\/\/secure.gravatar.com\/avatar\/1274acd7c62f3cac92d2b38aad20c71b?s=96&d=mm&r=g","contentUrl":"https:\/\/secure.gravatar.com\/avatar\/1274acd7c62f3cac92d2b38aad20c71b?s=96&d=mm&r=g","caption":"Karit\u00e1sz K\u00f6zpont"},"url":"https:\/\/karitaszkozpont.hu\/?author=1"}]}},"_links":{"self":[{"href":"https:\/\/karitaszkozpont.hu\/index.php?rest_route=\/wp\/v2\/posts\/1215"}],"collection":[{"href":"https:\/\/karitaszkozpont.hu\/index.php?rest_route=\/wp\/v2\/posts"}],"about":[{"href":"https:\/\/karitaszkozpont.hu\/index.php?rest_route=\/wp\/v2\/types\/post"}],"author":[{"embeddable":true,"href":"https:\/\/karitaszkozpont.hu\/index.php?rest_route=\/wp\/v2\/users\/1"}],"replies":[{"embeddable":true,"href":"https:\/\/karitaszkozpont.hu\/index.php?rest_route=%2Fwp%2Fv2%2Fcomments&post=1215"}],"version-history":[{"count":1,"href":"https:\/\/karitaszkozpont.hu\/index.php?rest_route=\/wp\/v2\/posts\/1215\/revisions"}],"predecessor-version":[{"id":1216,"href":"https:\/\/karitaszkozpont.hu\/index.php?rest_route=\/wp\/v2\/posts\/1215\/revisions\/1216"}],"wp:featuredmedia":[{"embeddable":true,"href":"https:\/\/karitaszkozpont.hu\/index.php?rest_route=\/wp\/v2\/media\/563"}],"wp:attachment":[{"href":"https:\/\/karitaszkozpont.hu\/index.php?rest_route=%2Fwp%2Fv2%2Fmedia&parent=1215"}],"wp:term":[{"taxonomy":"category","embeddable":true,"href":"https:\/\/karitaszkozpont.hu\/index.php?rest_route=%2Fwp%2Fv2%2Fcategories&post=1215"},{"taxonomy":"post_tag","embeddable":true,"href":"https:\/\/karitaszkozpont.hu\/index.php?rest_route=%2Fwp%2Fv2%2Ftags&post=1215"}],"curies":[{"name":"wp","href":"https:\/\/api.w.org\/{rel}","templated":true}]}}