{"id":1212,"date":"2021-05-03T09:02:44","date_gmt":"2021-05-03T07:02:44","guid":{"rendered":"http:\/\/karitaszkp.hu\/?p=1212"},"modified":"2021-05-03T09:02:45","modified_gmt":"2021-05-03T07:02:45","slug":"119-karitasz-egyperces","status":"publish","type":"post","link":"https:\/\/karitaszkozpont.hu\/?p=1212","title":{"rendered":"119. Karit\u00e1sz Egyperces"},"content":{"rendered":"\n<p class=\"has-white-color has-vivid-red-background-color has-text-color has-background has-large-font-size\"><strong>119. A munka szent tev\u00e9kenys\u00e9g<\/strong><\/p>\n\n\n\n<p class=\"has-background\" style=\"background-color:#cacaca\"><em>\u201eJ\u00e9zus azt mondta nekik: \u201eAty\u00e1m mindm\u00e1ig munk\u00e1lkodik, az\u00e9rt \u00e9n is munk\u00e1lkodom.\u201d (Jn 5,17)<\/em><\/p>\n\n\n\n<p>Kedves Karit\u00e1sz \u00d6nk\u00e9ntesek, Munkat\u00e1rsak, Testv\u00e9rek az \u00darban!<\/p>\n\n\n\n<p>A munka szent tev\u00e9kenys\u00e9g, mert szent az Isten \u00e9s mindaz szent, amit \u0150 m\u0171vel. Munk\u00e1ja volt a teremt\u00e9s, \u00e9s ez folytat\u00f3dik a vil\u00e1g gondvisel\u0151 ir\u00e1ny\u00edt\u00e1s\u00e1val, fenntart\u00e1s\u00e1val. \u0150 mindig munk\u00e1lkodik, ahogy az \u00dar mondta. Dolgozik \u00e9rt\u00fcnk \u00e9s benn\u00fcnk Szentlelk\u00e9vel. Munk\u00e1lkodik, hogy beteljes\u00fclj\u00f6n mindaz, ami a teremt\u00e9s \u00e9s az \u00e9let v\u00e9gs\u0151 c\u00e9lja<em>: \u201ehogy Isten legyen minden mindenben\u201d (1 Kor 15,28b).<\/em><\/p>\n\n\n\n<p>Munk\u00e1lkodik, hogy a gonosz l\u00e9lek, a rombol\u00f3, ellen\u00e1ll\u00f3, \u00f6sszezavar\u00f3, r\u00e1galmaz\u00f3 ne jusson v\u00e9gs\u0151 hatalomra. Akkor is munk\u00e1lkodik, amikor \u00e9bren vagyunk, amikor mi is vele munk\u00e1lkodunk, de akkor is, amikor pihen\u00fcnk. V\u00e9gs\u0151 soron \u0150 viszi gy\u0151zelemre a saj\u00e1t m\u0171v\u00e9t, amibe minket t\u00e1rs\u00e1ul h\u00edv \u00e9s fogad. Lehet\u0151s\u00e9get kaptunk, hogy Isten orsz\u00e1g\u00e1t vele \u00e9p\u00edts\u00fck \u00e9s lehet\u0151s\u00e9get kaptunk, hogy ezen munka siker\u00e9ben, a gy\u0151zelemben is r\u00e9szt kapjunk.<\/p>\n\n\n\n<p><strong>Mindazok, akik a&nbsp;<em>hit-rem\u00e9ny-szeretet<\/em>&nbsp;egys\u00e9g\u00e9ben, az Isteni er\u00e9nyekben kibontakoznak, egyre ink\u00e1bb, egyre szorosabb k\u00f6z\u00f6ss\u00e9gben lesznek Istennel.&nbsp;<\/strong>P\u00e9ldak\u00e9peink \u00e9s el\u0151fut\u00e1raink a szentek mind ezen az \u00faton, Isten \u00fatj\u00e1n j\u00e1rtak.<\/p>\n\n\n\n<p>Isten annyira megbecs\u00fcli a munk\u00e1t, a szolg\u00e1latot, hogy ilyen k\u00f6zegbe helyezte be mag\u00e1t az \u00dcdv\u00f6z\u00edt\u0151t is. Az \u00e1cs, mint csal\u00e1df\u0151, munk\u00e1j\u00e1val gondoskodott csal\u00e1dj\u00e1r\u00f3l, a r\u00e1b\u00edzottakr\u00f3l, a boldogs\u00e1gos Sz\u0171zany\u00e1r\u00f3l \u00e9s mag\u00e1r\u00f3l Isten Fi\u00e1r\u00f3l, akinek nevel\u0151 atyja volt. Nem egyed\u00fcl tette ezt Szent J\u00f3zsef, hanem Isten Lelk\u00e9nek erej\u00e9vel. \u00cdgy \u00e9s csak \u00edgy tudta v\u00e9ghez vinni a maga m\u0171v\u00e9t, ami val\u00f3j\u00e1ban Isten m\u0171ve vele \u00e9s \u00e1ltala. Isten nek\u00fcnk is seg\u00edt a munk\u00e1nkban.<\/p>\n\n\n\n<p>Mi is munk\u00e1lkodjunk \u00edgy, b\u00e1rhol, b\u00e1rmilyen helyzetben is \u00e9lunk! Isten ugyanis mindent tud \u00e9s l\u00e1t, \u00e9s semmi nem t\u00f6rt\u00e9nik az \u0150 akarata, enged\u00e9lye n\u00e9lk\u00fcl. Teh\u00e1t ott bontakozzunk ki, ahov\u00e1 a gondvisel\u00e9s helyezett minket! A kibontakoz\u00e1s l\u00e9nyeges r\u00e9sze, hogy szabad akaratunkat haszn\u00e1lva a j\u00f3ra, keress\u00fck \u00e9s tal\u00e1ljuk meg Isten sz\u00e1nd\u00e9k\u00e1t \u00e9s j\u00e1rjunk, dolgozzunk vele!<\/p>\n\n\n\n<p>Alak\u00edtsuk b\u00e1tran a k\u00f6r\u00fclm\u00e9nyeinket \u00fagy, hogy min\u00e9l hat\u00e9konyabb legyen a munk\u00e1nk! Dolgozzunk szabadon, bels\u0151 akarattal, ne k\u00e9nyszerb\u0151l! A szabads\u00e1gunk hat\u00e1ra az, hogy addig tart, am\u00edg saj\u00e1t magunk \u00e9s a m\u00e1sik ember k\u00e1r\u00e1ra, lelki \u00e9s testi k\u00e1r\u00e1ra nincsen a tev\u00e9kenys\u00e9g\u00fcnk.&nbsp;<strong>A munka \u00e9s a szolg\u00e1lat l\u00e9nyege, hogy mindig a Teremt\u0151 sz\u00e1nd\u00e9ka szerint m\u0171k\u00f6dj\u00fcnk. A c\u00e9l a szeretet v\u00e9gs\u0151 gy\u0151zelme, az \u00f6r\u00f6k boldogs\u00e1g \u00e9s a b\u00e9ke.<\/strong><\/p>\n\n\n\n<p>Minden tev\u00e9kenys\u00e9g\u00fcnk akkor \u00e9s addig \u00e9rt\u00e9kes, addig j\u00f3, am\u00edg ezt a c\u00e9lt, a szeretet szolg\u00e1lja. Karit\u00e1sz munk\u00e1nkkal is err\u0151l tesz\u00fcnk tan\u00fas\u00e1got, erre adunk p\u00e9ld\u00e1t, amikor \u00e1ldozattal, f\u00e1rads\u00e1gos munk\u00e1val dolgozunk m\u00e1sok\u00e9rt. Szent szolg\u00e1lat ez, szent emberek p\u00e9ld\u00e1j\u00e1t k\u00f6vetj\u00fck. Els\u0151sorban az \u00dar p\u00e9ld\u00e1j\u00e1t, azut\u00e1n Szent J\u00f3zsef\u00e9t \u00e9s minden szentt\u00e9t. \u00c9desany\u00e1nk munk\u00e1ja kiemelt a szeretet gy\u0151zelm\u00e9ben.&nbsp;<strong>Isten \u00e9ltessen minden \u00e9desany\u00e1t ezen szent szolg\u00e1latuk miatt!<\/strong>&nbsp;Any\u00e1k napj\u00e1nak \u00fcnnepe \u00e9s Munk\u00e1s Szent J\u00f3zsef \u00fcnnepe minden \u00e9vben k\u00f6zel van egym\u00e1shoz \u2013 nem v\u00e9letlen\u00fcl.&nbsp;<strong>Az anyai szeretet, \u00e9s csal\u00e1d\u00e9rt munk\u00e1lkod\u00f3 \u00e9desapa gondoss\u00e1ga megjelen\u00edti \u00e9s beteljes\u00edti a szeretetet a vil\u00e1gban. M\u00e1ria az Egyh\u00e1z anyja \u00e9s Szent J\u00f3zsef az Anyaszentegyh\u00e1z v\u00e9d\u0151szentje.<\/strong><\/p>\n\n\n\n<p>Ne felejts\u00fck azonban, hogy benn\u00fcnk \u00e9s \u00e1ltalunk az Isten munk\u00e1lkodik.&nbsp;<em>\u201eH\u00e1l\u00e1t adok neked mindenkor, mert te munk\u00e1lkodsz. Nevedben rem\u00e9nykedem, mert j\u00f3 vagy h\u00edveidhez.\u201d (Zsolt 52,11)<\/em><\/p>\n\n\n\n<p>Hirdet\u00e9sek:<\/p>\n\n\n\n<p>\u00b7&nbsp;&nbsp;&nbsp;&nbsp;&nbsp;&nbsp;&nbsp;&nbsp;&nbsp;A k\u00f6vetkez\u0151 karit\u00e1sz m\u0171sorunk a M\u00e1ria R\u00e1di\u00f3ban m\u00e1jus 12-\u00e9n 10.50 \u00f3rakor kezd\u0151dik.<\/p>\n\n\n\n<p>\u00b7&nbsp;&nbsp;&nbsp;&nbsp;&nbsp;&nbsp;&nbsp;&nbsp;&nbsp;Kor\u00e1bbi m\u0171soraink itt hallgathat\u00f3k meg:&nbsp;<a href=\"https:\/\/www.mariaradio.hu\/musor\/4814\/Tevekeny_Szeretet\" target=\"_blank\" rel=\"noreferrer noopener\">https:\/\/www.mariaradio.hu\/musor\/4814\/Tevekeny_Szeretet<\/a><\/p>\n\n\n\n<p>\u00b7&nbsp;&nbsp;&nbsp;&nbsp;&nbsp;&nbsp;&nbsp;&nbsp;&nbsp;Felh\u00edvom mindenki figyelm\u00e9t, hogy a facebook- \u00e9s weboldalunkon folyamatosan friss\u00fclnek a h\u00edreink.&nbsp;<a href=\"http:\/\/www.karitaszkp.hu\/\" target=\"_blank\" rel=\"noreferrer noopener\">www.karitaszkp.hu<\/a>&nbsp;,&nbsp;<a href=\"https:\/\/www.facebook.com\/szenterzsebetkaritaszkozpont\" target=\"_blank\" rel=\"noreferrer noopener\">Esztergom-Budapesti F\u0151egyh\u00e1zmegye Szent Erzs\u00e9bet Karit\u00e1sz K\u00f6zpont | Facebook<\/a><\/p>\n\n\n\n<p>\u00b7&nbsp;&nbsp;&nbsp;&nbsp;&nbsp;&nbsp;&nbsp;&nbsp;&nbsp;A Szent Erzs\u00e9bet Karit\u00e1sz K\u00f6zpont k\u00e9r\u00e9s\u00e9re f\u0151tisztelend\u0151 Feldhoffer Antal pl\u00e9b\u00e1nos atya minden els\u0151 h\u00e9tf\u0151n 15.30-kor karit\u00e1sz szentmis\u00e9t mutat be a 1035 Budapest, III. ker. K\u00f3rh\u00e1z u. 37. sz\u00e1m alatti Szent J\u00f3zsef templomban. Misesz\u00e1nd\u00e9k: \u00e9l\u0151 \u00e9s elhunyt karit\u00e1szosok\u00e9rt. A k\u00f6vetkez\u0151 alkalom m\u00e1jus 3-\u00e1n lesz.<\/p>\n\n\n\n<p>Csorba G\u00e1bor<\/p>\n\n\n\n<p>\u00e1lland\u00f3 diak\u00f3nus, karit\u00e1sz igazgat\u00f3<\/p>\n\n\n\n<p>Esztergom-Budapesti F\u0151egyh\u00e1zmegye<\/p>\n\n\n\n<p>Szent Erzs\u00e9bet Karit\u00e1sz K\u00f6zpont<\/p>\n\n\n\n<p class=\"has-background\" style=\"background-color:#cacaca\">Sz\u00e9khely:&nbsp;<a href=\"https:\/\/www.google.com\/maps\/search\/1067+Budapest,+Hunyadi+t%C3%A9r+3?entry=gmail&amp;source=g\">1067 Budapest, Hunyadi t\u00e9r 3<\/a>. f\u00e9lemelet 1.<\/p>\n\n\n\n<p class=\"has-background\" style=\"background-color:#cacaca\">Telefon: +36-1-351-1977<\/p>\n\n\n\n<p class=\"has-background\" style=\"background-color:#cacaca\">Mobil: +36-30-592-1483<\/p>\n\n\n\n<p class=\"has-background\" style=\"background-color:#cacaca\">E-mail:&nbsp;<a href=\"mailto:szenterzsebet@karitaszkozpont.hu\" target=\"_blank\" rel=\"noreferrer noopener\">szenterzsebet@karitaszkozpont.hu<\/a><\/p>\n\n\n\n<p class=\"has-background\" style=\"background-color:#cacaca\">Honlap:&nbsp;<a href=\"http:\/\/www.karitaszkp.hu\/\" target=\"_blank\" rel=\"noreferrer noopener\">www.karitaszkp.hu<\/a><\/p>\n\n\n\n<p class=\"has-background\" style=\"background-color:#cacaca\">A kor\u00e1bbi egypercesek itt \u00e9rhet\u0151k el:&nbsp;<a href=\"https:\/\/karitaszegypercesek.blogspot.com\/\" target=\"_blank\" rel=\"noreferrer noopener\">https:\/\/karitaszegypercesek.blogspot.com\/<\/a><\/p>\n","protected":false},"excerpt":{"rendered":"<p>119. A munka szent tev\u00e9kenys\u00e9g \u201eJ\u00e9zus azt mondta nekik: \u201eAty\u00e1m mindm\u00e1ig munk\u00e1lkodik, az\u00e9rt \u00e9n is munk\u00e1lkodom.\u201d (Jn 5,17) Kedves Karit\u00e1sz \u00d6nk\u00e9ntesek, Munkat\u00e1rsak, Testv\u00e9rek az \u00darban! A munka szent tev\u00e9kenys\u00e9g, mert szent az Isten \u00e9s mindaz szent, amit \u0150 m\u0171vel. Munk\u00e1ja volt a teremt\u00e9s, \u00e9s ez folytat\u00f3dik a vil\u00e1g gondvisel\u0151 ir\u00e1ny\u00edt\u00e1s\u00e1val, fenntart\u00e1s\u00e1val. \u0150 mindig munk\u00e1lkodik, ahogy &hellip; <\/p>\n<p class=\"link-more\"><a href=\"https:\/\/karitaszkozpont.hu\/?p=1212\" class=\"more-link\">Continue reading<span class=\"screen-reader-text\"> &#8222;119. Karit\u00e1sz Egyperces&#8221;<\/span><\/a><\/p>\n","protected":false},"author":1,"featured_media":563,"comment_status":"open","ping_status":"open","sticky":false,"template":"","format":"standard","meta":[],"categories":[8],"tags":[],"yoast_head":"<!-- This site is optimized with the Yoast SEO plugin v20.1 - https:\/\/yoast.com\/wordpress\/plugins\/seo\/ -->\n<title>119. Karit\u00e1sz Egyperces - Szent Erzs\u00e9bet Karit\u00e1sz K\u00f6zpont<\/title>\n<meta name=\"robots\" content=\"index, follow, max-snippet:-1, max-image-preview:large, max-video-preview:-1\" \/>\n<link rel=\"canonical\" href=\"https:\/\/karitaszkozpont.hu\/?p=1212\" \/>\n<meta property=\"og:locale\" content=\"hu_HU\" \/>\n<meta property=\"og:type\" content=\"article\" \/>\n<meta property=\"og:title\" content=\"119. Karit\u00e1sz Egyperces - Szent Erzs\u00e9bet Karit\u00e1sz K\u00f6zpont\" \/>\n<meta property=\"og:description\" content=\"119. A munka szent tev\u00e9kenys\u00e9g \u201eJ\u00e9zus azt mondta nekik: \u201eAty\u00e1m mindm\u00e1ig munk\u00e1lkodik, az\u00e9rt \u00e9n is munk\u00e1lkodom.\u201d (Jn 5,17) Kedves Karit\u00e1sz \u00d6nk\u00e9ntesek, Munkat\u00e1rsak, Testv\u00e9rek az \u00darban! A munka szent tev\u00e9kenys\u00e9g, mert szent az Isten \u00e9s mindaz szent, amit \u0150 m\u0171vel. Munk\u00e1ja volt a teremt\u00e9s, \u00e9s ez folytat\u00f3dik a vil\u00e1g gondvisel\u0151 ir\u00e1ny\u00edt\u00e1s\u00e1val, fenntart\u00e1s\u00e1val. \u0150 mindig munk\u00e1lkodik, ahogy &hellip; Continue reading &quot;119. Karit\u00e1sz Egyperces&quot;\" \/>\n<meta property=\"og:url\" content=\"https:\/\/karitaszkozpont.hu\/?p=1212\" \/>\n<meta property=\"og:site_name\" content=\"Szent Erzs\u00e9bet Karit\u00e1sz K\u00f6zpont\" \/>\n<meta property=\"article:published_time\" content=\"2021-05-03T07:02:44+00:00\" \/>\n<meta property=\"article:modified_time\" content=\"2021-05-03T07:02:45+00:00\" \/>\n<meta property=\"og:image\" content=\"https:\/\/karitaszkozpont.hu\/wp-content\/uploads\/2019\/07\/egyperceslogo.jpg\" \/>\n\t<meta property=\"og:image:width\" content=\"2300\" \/>\n\t<meta property=\"og:image:height\" content=\"1528\" \/>\n\t<meta property=\"og:image:type\" content=\"image\/jpeg\" \/>\n<meta name=\"author\" content=\"Karit\u00e1sz K\u00f6zpont\" \/>\n<meta name=\"twitter:card\" content=\"summary_large_image\" \/>\n<meta name=\"twitter:label1\" content=\"Szerz\u0151:\" \/>\n\t<meta name=\"twitter:data1\" content=\"Karit\u00e1sz K\u00f6zpont\" \/>\n\t<meta name=\"twitter:label2\" content=\"Becs\u00fclt olvas\u00e1si id\u0151\" \/>\n\t<meta name=\"twitter:data2\" content=\"3 perc\" \/>\n<script type=\"application\/ld+json\" class=\"yoast-schema-graph\">{\"@context\":\"https:\/\/schema.org\",\"@graph\":[{\"@type\":\"Article\",\"@id\":\"https:\/\/karitaszkozpont.hu\/?p=1212#article\",\"isPartOf\":{\"@id\":\"https:\/\/karitaszkozpont.hu\/?p=1212\"},\"author\":{\"name\":\"Karit\u00e1sz K\u00f6zpont\",\"@id\":\"https:\/\/karitaszkozpont.hu\/#\/schema\/person\/0d9c28244c111914ea13bb1248775e57\"},\"headline\":\"119. Karit\u00e1sz Egyperces\",\"datePublished\":\"2021-05-03T07:02:44+00:00\",\"dateModified\":\"2021-05-03T07:02:45+00:00\",\"mainEntityOfPage\":{\"@id\":\"https:\/\/karitaszkozpont.hu\/?p=1212\"},\"wordCount\":962,\"commentCount\":0,\"publisher\":{\"@id\":\"https:\/\/karitaszkozpont.hu\/#organization\"},\"articleSection\":[\"Egypercesek\"],\"inLanguage\":\"hu\",\"potentialAction\":[{\"@type\":\"CommentAction\",\"name\":\"Comment\",\"target\":[\"https:\/\/karitaszkozpont.hu\/?p=1212#respond\"]}]},{\"@type\":\"WebPage\",\"@id\":\"https:\/\/karitaszkozpont.hu\/?p=1212\",\"url\":\"https:\/\/karitaszkozpont.hu\/?p=1212\",\"name\":\"119. Karit\u00e1sz Egyperces - Szent Erzs\u00e9bet Karit\u00e1sz K\u00f6zpont\",\"isPartOf\":{\"@id\":\"https:\/\/karitaszkozpont.hu\/#website\"},\"datePublished\":\"2021-05-03T07:02:44+00:00\",\"dateModified\":\"2021-05-03T07:02:45+00:00\",\"breadcrumb\":{\"@id\":\"https:\/\/karitaszkozpont.hu\/?p=1212#breadcrumb\"},\"inLanguage\":\"hu\",\"potentialAction\":[{\"@type\":\"ReadAction\",\"target\":[\"https:\/\/karitaszkozpont.hu\/?p=1212\"]}]},{\"@type\":\"BreadcrumbList\",\"@id\":\"https:\/\/karitaszkozpont.hu\/?p=1212#breadcrumb\",\"itemListElement\":[{\"@type\":\"ListItem\",\"position\":1,\"name\":\"Kezd\u0151lap\",\"item\":\"https:\/\/karitaszkozpont.hu\/\"},{\"@type\":\"ListItem\",\"position\":2,\"name\":\"119. Karit\u00e1sz Egyperces\"}]},{\"@type\":\"WebSite\",\"@id\":\"https:\/\/karitaszkozpont.hu\/#website\",\"url\":\"https:\/\/karitaszkozpont.hu\/\",\"name\":\"Szent Erzs\u00e9bet Karit\u00e1sz K\u00f6zpont\",\"description\":\"Esztergom-Budapesti F\u0151egyh\u00e1zmegye\",\"publisher\":{\"@id\":\"https:\/\/karitaszkozpont.hu\/#organization\"},\"potentialAction\":[{\"@type\":\"SearchAction\",\"target\":{\"@type\":\"EntryPoint\",\"urlTemplate\":\"https:\/\/karitaszkozpont.hu\/?s={search_term_string}\"},\"query-input\":\"required name=search_term_string\"}],\"inLanguage\":\"hu\"},{\"@type\":\"Organization\",\"@id\":\"https:\/\/karitaszkozpont.hu\/#organization\",\"name\":\"Szent Erzs\u00e9bet Karit\u00e1sz K\u00f6zpont\",\"url\":\"https:\/\/karitaszkozpont.hu\/\",\"logo\":{\"@type\":\"ImageObject\",\"inLanguage\":\"hu\",\"@id\":\"https:\/\/karitaszkozpont.hu\/#\/schema\/logo\/image\/\",\"url\":\"https:\/\/karitaszkp.hu\/wp-content\/uploads\/2019\/06\/cropped-logo-arnyekos-1.png\",\"contentUrl\":\"https:\/\/karitaszkp.hu\/wp-content\/uploads\/2019\/06\/cropped-logo-arnyekos-1.png\",\"width\":240,\"height\":247,\"caption\":\"Szent Erzs\u00e9bet Karit\u00e1sz K\u00f6zpont\"},\"image\":{\"@id\":\"https:\/\/karitaszkozpont.hu\/#\/schema\/logo\/image\/\"}},{\"@type\":\"Person\",\"@id\":\"https:\/\/karitaszkozpont.hu\/#\/schema\/person\/0d9c28244c111914ea13bb1248775e57\",\"name\":\"Karit\u00e1sz K\u00f6zpont\",\"image\":{\"@type\":\"ImageObject\",\"inLanguage\":\"hu\",\"@id\":\"https:\/\/karitaszkozpont.hu\/#\/schema\/person\/image\/\",\"url\":\"https:\/\/secure.gravatar.com\/avatar\/1274acd7c62f3cac92d2b38aad20c71b?s=96&d=mm&r=g\",\"contentUrl\":\"https:\/\/secure.gravatar.com\/avatar\/1274acd7c62f3cac92d2b38aad20c71b?s=96&d=mm&r=g\",\"caption\":\"Karit\u00e1sz K\u00f6zpont\"},\"url\":\"https:\/\/karitaszkozpont.hu\/?author=1\"}]}<\/script>\n<!-- \/ Yoast SEO plugin. -->","yoast_head_json":{"title":"119. Karit\u00e1sz Egyperces - Szent Erzs\u00e9bet Karit\u00e1sz K\u00f6zpont","robots":{"index":"index","follow":"follow","max-snippet":"max-snippet:-1","max-image-preview":"max-image-preview:large","max-video-preview":"max-video-preview:-1"},"canonical":"https:\/\/karitaszkozpont.hu\/?p=1212","og_locale":"hu_HU","og_type":"article","og_title":"119. Karit\u00e1sz Egyperces - Szent Erzs\u00e9bet Karit\u00e1sz K\u00f6zpont","og_description":"119. A munka szent tev\u00e9kenys\u00e9g \u201eJ\u00e9zus azt mondta nekik: \u201eAty\u00e1m mindm\u00e1ig munk\u00e1lkodik, az\u00e9rt \u00e9n is munk\u00e1lkodom.\u201d (Jn 5,17) Kedves Karit\u00e1sz \u00d6nk\u00e9ntesek, Munkat\u00e1rsak, Testv\u00e9rek az \u00darban! A munka szent tev\u00e9kenys\u00e9g, mert szent az Isten \u00e9s mindaz szent, amit \u0150 m\u0171vel. Munk\u00e1ja volt a teremt\u00e9s, \u00e9s ez folytat\u00f3dik a vil\u00e1g gondvisel\u0151 ir\u00e1ny\u00edt\u00e1s\u00e1val, fenntart\u00e1s\u00e1val. \u0150 mindig munk\u00e1lkodik, ahogy &hellip; Continue reading \"119. Karit\u00e1sz Egyperces\"","og_url":"https:\/\/karitaszkozpont.hu\/?p=1212","og_site_name":"Szent Erzs\u00e9bet Karit\u00e1sz K\u00f6zpont","article_published_time":"2021-05-03T07:02:44+00:00","article_modified_time":"2021-05-03T07:02:45+00:00","og_image":[{"width":2300,"height":1528,"url":"https:\/\/karitaszkozpont.hu\/wp-content\/uploads\/2019\/07\/egyperceslogo.jpg","type":"image\/jpeg"}],"author":"Karit\u00e1sz K\u00f6zpont","twitter_card":"summary_large_image","twitter_misc":{"Szerz\u0151:":"Karit\u00e1sz K\u00f6zpont","Becs\u00fclt olvas\u00e1si id\u0151":"3 perc"},"schema":{"@context":"https:\/\/schema.org","@graph":[{"@type":"Article","@id":"https:\/\/karitaszkozpont.hu\/?p=1212#article","isPartOf":{"@id":"https:\/\/karitaszkozpont.hu\/?p=1212"},"author":{"name":"Karit\u00e1sz K\u00f6zpont","@id":"https:\/\/karitaszkozpont.hu\/#\/schema\/person\/0d9c28244c111914ea13bb1248775e57"},"headline":"119. Karit\u00e1sz Egyperces","datePublished":"2021-05-03T07:02:44+00:00","dateModified":"2021-05-03T07:02:45+00:00","mainEntityOfPage":{"@id":"https:\/\/karitaszkozpont.hu\/?p=1212"},"wordCount":962,"commentCount":0,"publisher":{"@id":"https:\/\/karitaszkozpont.hu\/#organization"},"articleSection":["Egypercesek"],"inLanguage":"hu","potentialAction":[{"@type":"CommentAction","name":"Comment","target":["https:\/\/karitaszkozpont.hu\/?p=1212#respond"]}]},{"@type":"WebPage","@id":"https:\/\/karitaszkozpont.hu\/?p=1212","url":"https:\/\/karitaszkozpont.hu\/?p=1212","name":"119. Karit\u00e1sz Egyperces - Szent Erzs\u00e9bet Karit\u00e1sz K\u00f6zpont","isPartOf":{"@id":"https:\/\/karitaszkozpont.hu\/#website"},"datePublished":"2021-05-03T07:02:44+00:00","dateModified":"2021-05-03T07:02:45+00:00","breadcrumb":{"@id":"https:\/\/karitaszkozpont.hu\/?p=1212#breadcrumb"},"inLanguage":"hu","potentialAction":[{"@type":"ReadAction","target":["https:\/\/karitaszkozpont.hu\/?p=1212"]}]},{"@type":"BreadcrumbList","@id":"https:\/\/karitaszkozpont.hu\/?p=1212#breadcrumb","itemListElement":[{"@type":"ListItem","position":1,"name":"Kezd\u0151lap","item":"https:\/\/karitaszkozpont.hu\/"},{"@type":"ListItem","position":2,"name":"119. Karit\u00e1sz Egyperces"}]},{"@type":"WebSite","@id":"https:\/\/karitaszkozpont.hu\/#website","url":"https:\/\/karitaszkozpont.hu\/","name":"Szent Erzs\u00e9bet Karit\u00e1sz K\u00f6zpont","description":"Esztergom-Budapesti F\u0151egyh\u00e1zmegye","publisher":{"@id":"https:\/\/karitaszkozpont.hu\/#organization"},"potentialAction":[{"@type":"SearchAction","target":{"@type":"EntryPoint","urlTemplate":"https:\/\/karitaszkozpont.hu\/?s={search_term_string}"},"query-input":"required name=search_term_string"}],"inLanguage":"hu"},{"@type":"Organization","@id":"https:\/\/karitaszkozpont.hu\/#organization","name":"Szent Erzs\u00e9bet Karit\u00e1sz K\u00f6zpont","url":"https:\/\/karitaszkozpont.hu\/","logo":{"@type":"ImageObject","inLanguage":"hu","@id":"https:\/\/karitaszkozpont.hu\/#\/schema\/logo\/image\/","url":"https:\/\/karitaszkp.hu\/wp-content\/uploads\/2019\/06\/cropped-logo-arnyekos-1.png","contentUrl":"https:\/\/karitaszkp.hu\/wp-content\/uploads\/2019\/06\/cropped-logo-arnyekos-1.png","width":240,"height":247,"caption":"Szent Erzs\u00e9bet Karit\u00e1sz K\u00f6zpont"},"image":{"@id":"https:\/\/karitaszkozpont.hu\/#\/schema\/logo\/image\/"}},{"@type":"Person","@id":"https:\/\/karitaszkozpont.hu\/#\/schema\/person\/0d9c28244c111914ea13bb1248775e57","name":"Karit\u00e1sz K\u00f6zpont","image":{"@type":"ImageObject","inLanguage":"hu","@id":"https:\/\/karitaszkozpont.hu\/#\/schema\/person\/image\/","url":"https:\/\/secure.gravatar.com\/avatar\/1274acd7c62f3cac92d2b38aad20c71b?s=96&d=mm&r=g","contentUrl":"https:\/\/secure.gravatar.com\/avatar\/1274acd7c62f3cac92d2b38aad20c71b?s=96&d=mm&r=g","caption":"Karit\u00e1sz K\u00f6zpont"},"url":"https:\/\/karitaszkozpont.hu\/?author=1"}]}},"_links":{"self":[{"href":"https:\/\/karitaszkozpont.hu\/index.php?rest_route=\/wp\/v2\/posts\/1212"}],"collection":[{"href":"https:\/\/karitaszkozpont.hu\/index.php?rest_route=\/wp\/v2\/posts"}],"about":[{"href":"https:\/\/karitaszkozpont.hu\/index.php?rest_route=\/wp\/v2\/types\/post"}],"author":[{"embeddable":true,"href":"https:\/\/karitaszkozpont.hu\/index.php?rest_route=\/wp\/v2\/users\/1"}],"replies":[{"embeddable":true,"href":"https:\/\/karitaszkozpont.hu\/index.php?rest_route=%2Fwp%2Fv2%2Fcomments&post=1212"}],"version-history":[{"count":1,"href":"https:\/\/karitaszkozpont.hu\/index.php?rest_route=\/wp\/v2\/posts\/1212\/revisions"}],"predecessor-version":[{"id":1213,"href":"https:\/\/karitaszkozpont.hu\/index.php?rest_route=\/wp\/v2\/posts\/1212\/revisions\/1213"}],"wp:featuredmedia":[{"embeddable":true,"href":"https:\/\/karitaszkozpont.hu\/index.php?rest_route=\/wp\/v2\/media\/563"}],"wp:attachment":[{"href":"https:\/\/karitaszkozpont.hu\/index.php?rest_route=%2Fwp%2Fv2%2Fmedia&parent=1212"}],"wp:term":[{"taxonomy":"category","embeddable":true,"href":"https:\/\/karitaszkozpont.hu\/index.php?rest_route=%2Fwp%2Fv2%2Fcategories&post=1212"},{"taxonomy":"post_tag","embeddable":true,"href":"https:\/\/karitaszkozpont.hu\/index.php?rest_route=%2Fwp%2Fv2%2Ftags&post=1212"}],"curies":[{"name":"wp","href":"https:\/\/api.w.org\/{rel}","templated":true}]}}