{"id":1201,"date":"2021-04-24T11:31:58","date_gmt":"2021-04-24T09:31:58","guid":{"rendered":"http:\/\/karitaszkp.hu\/?p=1201"},"modified":"2021-04-24T11:31:59","modified_gmt":"2021-04-24T09:31:59","slug":"118-karitasz-egyperces","status":"publish","type":"post","link":"https:\/\/karitaszkozpont.hu\/?p=1201","title":{"rendered":"118. Karit\u00e1sz Egyperces"},"content":{"rendered":"\n<p class=\"has-white-color has-vivid-red-background-color has-text-color has-background has-large-font-size\"><strong>118. Fiatal lelkek vagyunk<\/strong><\/p>\n\n\n\n<p class=\"has-background\" style=\"background-color:#cacaca\"><em>\u201e\u00d3, ifjak, l\u00e1nyok, gyermekek, az angyalsz\u00f3b\u00f3l \u00e9rtsetek,<\/em><\/p>\n\n\n\n<p class=\"has-background\" style=\"background-color:#cacaca\"><em>felt\u00e1madt Krisztus \u00e9rtetek, alleluja.\u201d (H\u00fasv\u00e9ti n\u00e9p\u00e9nek)<\/em><\/p>\n\n\n\n<p>Kedves Karit\u00e1sz \u00d6nk\u00e9ntesek, Munkat\u00e1rsak, Testv\u00e9rek az \u00darban!<\/p>\n\n\n\n<p><strong>Mi vagyunk az ifjak, a gyermekek, Isten gyermekei. \u0150 visszaadta nek\u00fcnk lelk\u00fcnk fiatals\u00e1g\u00e1t, boldogs\u00e1g\u00e1t, \u00f6r\u00f6m\u00e9t.&nbsp;<\/strong>H\u00fasv\u00e9t \u00fczenete az, hogy \u00f6r\u00f6k \u00e9let\u00fcnk van Krisztusban, azaz a lelk\u00fcnk fiatal marad. A test \u00f6regszik, az anyagi vil\u00e1g elm\u00falik, mi magunk is porr\u00e1 lesz\u00fcnk.<em>&nbsp;\u201eMinden elm\u00falik, csak a szeretet \u00e9s m\u0171vei nem\u201d<\/em>&nbsp;\u2013 tan\u00edtja a II. Vatik\u00e1ni Zsinat dokumentuma. Pontosan az\u00e9rt nem m\u00falik el, mert&nbsp;<em>\u201ea Szeretet maga Isten, \u00e9s aki a szeretetben marad, az Istenben marad \u00e9s Isten is \u0151benne.\u201d (1J\u00e1n 4,16)<\/em><\/p>\n\n\n\n<p><strong>Semmi m\u00e1s dolgunk nincsen, mint az, hogy err\u0151l tan\u00faskodjunk \u00e9let\u00fcnkkel, szavainkkal \u00e9s az ezzel \u00f6sszhangban lev\u0151 tetteinkel.&nbsp;<\/strong>Ennek a tan\u00fas\u00e1gt\u00e9telnek az egyik legfontosabb ter\u00fclet\u00e9n, Isten szeretet\u00e9nek a tev\u00e9keny, l\u00e1that\u00f3 szolg\u00e1lat\u00e1ban \u00e1llunk mi, karit\u00e1szosok. Csod\u00e1latos, felemel\u0151, megtisztel\u0151 megb\u00edzat\u00e1s ez. Az \u00dar maga h\u00edv arra az Egyh\u00e1z megb\u00edzats\u00e1s\u00e1n kereszt\u00fcl, hogy legy\u00fcnk tan\u00fai hal\u00e1l\u00e1nak \u00e9s felt\u00e1mad\u00e1s\u00e1nak.&nbsp;<strong>Arra h\u00edv, hogy j\u00f3tetteket vigy\u00fcnk v\u00e9gbe az \u0150 megb\u00edz\u00e1s\u00e1b\u00f3l.<\/strong><\/p>\n\n\n\n<p>Ez term\u00e9szetesen nem csak r\u00e1nk, hanem minden kereszt\u00e9ny emberre vonatkozik, de mi, ilyen \u00e9rtelemben&nbsp;<em>hivat\u00e1sosak<\/em>&nbsp;vagyunk,&nbsp;<em>Isten \u00f6nk\u00e9ntesei<\/em>. Ez nagy megtiszteltet\u00e9s, de nagy felel\u0151ss\u00e9g is. Fokozott a felel\u0151ss\u00e9g\u00fcnk, amikor felvessz\u00fck a piros karit\u00e1szos ruh\u00e1t, amikor kitessz\u00fck a z\u00e1szl\u00f3t, amikor az Egyh\u00e1z nev\u00e9ben j\u00e1runk el.<\/p>\n\n\n\n<p>Ez a mi misszi\u00f3s, evangeliz\u00e1ci\u00f3s m\u00f3dszer\u00fcnk: a&nbsp;j\u00f3tetteket nem kell magyar\u00e1zni, azok \u00f6nmaguk\u00e9rt besz\u00e9lnek, mindenki meg\u00e9rti \u0151ket. S\u0151t a szeretet forr\u00e1s\u00e1hoz vezetik azokat, akik ezt megtapasztalj\u00e1k. XVI. Benedek p\u00e1pa \u00edgy tan\u00edt minket:&nbsp;<em>\u201eA legnagyobb karitat\u00edv tev\u00e9kenys\u00e9g \u00e9ppen az evangeliz\u00e1ci\u00f3, azaz az Ige szolg\u00e1lata. Nincs j\u00f3t\u00e9konyabb, azaz karitat\u00edvabb cselekedet a felebar\u00e1t ir\u00e1nt, mint megt\u00f6rni Isten Ig\u00e9j\u00e9nek kenyer\u00e9t, az evang\u00e9lium j\u00f3 h\u00edr\u00e9nek r\u00e9szes\u00e9v\u00e9 tenni, bevezetni \u0151t az Istennel val\u00f3 kapcsolatba\u2026 A szeretet soha nincsen k\u00e9szen, nincs befejezve. Ebb\u0151l ered, hogy minden kereszt\u00e9nynek \u00e9s&nbsp;<\/em><em>legf\u0151k\u00e9ppen a karitat\u00edv tev\u00e9kenys\u00e9ggel foglalkoz\u00f3knak sz\u00fcks\u00e9ge van a hitre, az Istennel val\u00f3 tal\u00e1lkoz\u00e1sra Krisztusban\u201d.<\/em><\/p>\n\n\n\n<p>Munk\u00e1nkkal azt \u00fczenj\u00fck, hogy<em>&nbsp;\u201eNe a l\u00e1that\u00f3ra, hanem a l\u00e1thatatlanra ford\u00edtsuk a figyelm\u00fcnket. Mert a l\u00e1that\u00f3 muland\u00f3, de a l\u00e1thatatlan azonban \u00f6r\u00f6k.\u201d (2Kor 4,19)&nbsp;<\/em>\u00cdgy lesz a karit\u00e1sztev\u00e9kenys\u00e9g t\u00f6bb a szoci\u00e1lis ell\u00e1t\u00e1sn\u00e1l \u00e9s \u00edgy szolg\u00e1lhatunk boldogan, \u00edgy lelhetj\u00fck \u00f6r\u00f6m\u00fcnket a szeretetszolg\u00e1latban, ak\u00e1r szervezett form\u00e1ban, ak\u00e1r egy\u00e9nileg, k\u00f6rnyezet\u00fcnkben, csal\u00e1dunkban.<\/p>\n\n\n\n<p>\u00cdgy maradhatunk \u00f6r\u00f6k fiatalok \u00e9s \u00e9ppen ezt akarja a mi Mennyei Aty\u00e1n, Teremt\u0151nk, Gondvisel\u0151nk, Megv\u00e1lt\u00f3nk:&nbsp;<em>\u201e<\/em><em>Isten\u00fcnk, te \u00fagy akartad, hogy n\u00e9ped sz\u00fcntelen\u00fcl vigadozz\u00e9k, mert visszaadtad lelke fiatals\u00e1g\u00e1t. Engedd, hogy akik most a fogadott fi\u00fas\u00e1g dics\u0151s\u00e9g\u00e9nek \u00f6rvendeznek, a biztos rem\u00e9ny \u00f6r\u00f6m\u00e9vel v\u00e1rj\u00e1k a felt\u00e1mad\u00e1s napj\u00e1t.&#8221;&nbsp;&nbsp;(H\u00fasv\u00e9t harmadi vas\u00e1rnapj\u00e1nak kollekta k\u00f6ny\u00f6rg\u00e9se)<\/em><\/p>\n\n\n\n<p>Hirdet\u00e9sek:<\/p>\n\n\n\n<p>\u00b7&nbsp;&nbsp;&nbsp;&nbsp;&nbsp;&nbsp;&nbsp;&nbsp;&nbsp;A k\u00f6vetkez\u0151 karit\u00e1sz m\u0171sorunk a M\u00e1ria R\u00e1di\u00f3ban \u00e1prilis 28-\u00e1n 10.50 \u00f3rakor kezd\u0151dik.<\/p>\n\n\n\n<p>\u00b7&nbsp;&nbsp;&nbsp;&nbsp;&nbsp;&nbsp;&nbsp;&nbsp;&nbsp;Kor\u00e1bbi m\u0171soraink itt hallgathat\u00f3k meg:&nbsp;<a href=\"https:\/\/www.mariaradio.hu\/musor\/4814\/Tevekeny_Szeretet\" target=\"_blank\" rel=\"noreferrer noopener\">https:\/\/www.mariaradio.hu\/musor\/4814\/Tevekeny_Szeretet<\/a><\/p>\n\n\n\n<p>\u00b7&nbsp;&nbsp;&nbsp;&nbsp;&nbsp;&nbsp;&nbsp;&nbsp;&nbsp;Felh\u00edvom mindenki figyelm\u00e9t, hogy a facebook- \u00e9s weboldalunkon folyamatosan friss\u00fclnek a h\u00edreink.&nbsp;<a href=\"http:\/\/www.karitaszkp.hu\/\" target=\"_blank\" rel=\"noreferrer noopener\">www.karitaszkp.hu<\/a>&nbsp;,&nbsp;<a href=\"https:\/\/www.facebook.com\/szenterzsebetkaritaszkozpont\" target=\"_blank\" rel=\"noreferrer noopener\">Esztergom-Budapesti F\u0151egyh\u00e1zmegye Szent Erzs\u00e9bet Karit\u00e1sz K\u00f6zpont | Facebook<\/a><\/p>\n\n\n\n<p>\u00b7&nbsp;&nbsp;&nbsp;&nbsp;&nbsp;&nbsp;&nbsp;&nbsp;&nbsp;A Szent Erzs\u00e9bet Karit\u00e1sz K\u00f6zpont k\u00e9r\u00e9s\u00e9re f\u0151tisztelend\u0151 Feldhoffer Antal pl\u00e9b\u00e1nos atya minden els\u0151 h\u00e9tf\u0151n 15.30-kor karit\u00e1sz szentmis\u00e9t mutat be a 1035 Budapest, III. ker. K\u00f3rh\u00e1z u. 37. sz\u00e1m alatti Szent J\u00f3zsef templomban. Misesz\u00e1nd\u00e9k: \u00e9l\u0151 \u00e9s elhunyt karit\u00e1szosok\u00e9rt. A k\u00f6vetkez\u0151 alkalom m\u00e1jus 3-\u00e1n lesz.<\/p>\n\n\n\n<p>Csorba G\u00e1bor<\/p>\n\n\n\n<p>\u00e1lland\u00f3 diak\u00f3nus, karit\u00e1sz igazgat\u00f3<\/p>\n\n\n\n<p>Esztergom-Budapesti F\u0151egyh\u00e1zmegye<\/p>\n\n\n\n<p>Szent Erzs\u00e9bet Karit\u00e1sz K\u00f6zpont<\/p>\n\n\n\n<p class=\"has-background\" style=\"background-color:#cacaca\">Sz\u00e9khely:&nbsp;<a href=\"https:\/\/www.google.com\/maps\/search\/1067+Budapest,+Hunyadi+t%C3%A9r+3?entry=gmail&amp;source=g\">1067 Budapest, Hunyadi t\u00e9r 3<\/a>. f\u00e9lemelet 1.<\/p>\n\n\n\n<p class=\"has-background\" style=\"background-color:#cacaca\">Telefon: +36-1-351-1977<\/p>\n\n\n\n<p class=\"has-background\" style=\"background-color:#cacaca\">Mobil: +36-30-592-1483<\/p>\n\n\n\n<p class=\"has-background\" style=\"background-color:#cacaca\">E-mail:&nbsp;<a href=\"mailto:szenterzsebet@karitaszkozpont.hu\" target=\"_blank\" rel=\"noreferrer noopener\">szenterzsebet@karitaszkozpont.hu<\/a><\/p>\n\n\n\n<p class=\"has-background\" style=\"background-color:#cacaca\">Honlap:&nbsp;<a href=\"http:\/\/www.karitaszkp.hu\/\" target=\"_blank\" rel=\"noreferrer noopener\">www.karitaszkp.hu<\/a><\/p>\n\n\n\n<p class=\"has-background\" style=\"background-color:#cacaca\">A kor\u00e1bbi egypercesek itt \u00e9rhet\u0151k el:&nbsp;<a href=\"https:\/\/karitaszegypercesek.blogspot.com\/\" target=\"_blank\" rel=\"noreferrer noopener\">https:\/\/karitaszegypercesek.blogspot.com\/<\/a><\/p>\n","protected":false},"excerpt":{"rendered":"<p>118. Fiatal lelkek vagyunk \u201e\u00d3, ifjak, l\u00e1nyok, gyermekek, az angyalsz\u00f3b\u00f3l \u00e9rtsetek, felt\u00e1madt Krisztus \u00e9rtetek, alleluja.\u201d (H\u00fasv\u00e9ti n\u00e9p\u00e9nek) Kedves Karit\u00e1sz \u00d6nk\u00e9ntesek, Munkat\u00e1rsak, Testv\u00e9rek az \u00darban! Mi vagyunk az ifjak, a gyermekek, Isten gyermekei. \u0150 visszaadta nek\u00fcnk lelk\u00fcnk fiatals\u00e1g\u00e1t, boldogs\u00e1g\u00e1t, \u00f6r\u00f6m\u00e9t.&nbsp;H\u00fasv\u00e9t \u00fczenete az, hogy \u00f6r\u00f6k \u00e9let\u00fcnk van Krisztusban, azaz a lelk\u00fcnk fiatal marad. A test \u00f6regszik, az &hellip; <\/p>\n<p class=\"link-more\"><a href=\"https:\/\/karitaszkozpont.hu\/?p=1201\" class=\"more-link\">Continue reading<span class=\"screen-reader-text\"> &#8222;118. Karit\u00e1sz Egyperces&#8221;<\/span><\/a><\/p>\n","protected":false},"author":1,"featured_media":563,"comment_status":"open","ping_status":"open","sticky":false,"template":"","format":"standard","meta":[],"categories":[8],"tags":[],"yoast_head":"<!-- This site is optimized with the Yoast SEO plugin v20.1 - https:\/\/yoast.com\/wordpress\/plugins\/seo\/ -->\n<title>118. Karit\u00e1sz Egyperces - Szent Erzs\u00e9bet Karit\u00e1sz K\u00f6zpont<\/title>\n<meta name=\"robots\" content=\"index, follow, max-snippet:-1, max-image-preview:large, max-video-preview:-1\" \/>\n<link rel=\"canonical\" href=\"https:\/\/karitaszkozpont.hu\/?p=1201\" \/>\n<meta property=\"og:locale\" content=\"hu_HU\" \/>\n<meta property=\"og:type\" content=\"article\" \/>\n<meta property=\"og:title\" content=\"118. Karit\u00e1sz Egyperces - Szent Erzs\u00e9bet Karit\u00e1sz K\u00f6zpont\" \/>\n<meta property=\"og:description\" content=\"118. Fiatal lelkek vagyunk \u201e\u00d3, ifjak, l\u00e1nyok, gyermekek, az angyalsz\u00f3b\u00f3l \u00e9rtsetek, felt\u00e1madt Krisztus \u00e9rtetek, alleluja.\u201d (H\u00fasv\u00e9ti n\u00e9p\u00e9nek) Kedves Karit\u00e1sz \u00d6nk\u00e9ntesek, Munkat\u00e1rsak, Testv\u00e9rek az \u00darban! Mi vagyunk az ifjak, a gyermekek, Isten gyermekei. \u0150 visszaadta nek\u00fcnk lelk\u00fcnk fiatals\u00e1g\u00e1t, boldogs\u00e1g\u00e1t, \u00f6r\u00f6m\u00e9t.&nbsp;H\u00fasv\u00e9t \u00fczenete az, hogy \u00f6r\u00f6k \u00e9let\u00fcnk van Krisztusban, azaz a lelk\u00fcnk fiatal marad. A test \u00f6regszik, az &hellip; Continue reading &quot;118. Karit\u00e1sz Egyperces&quot;\" \/>\n<meta property=\"og:url\" content=\"https:\/\/karitaszkozpont.hu\/?p=1201\" \/>\n<meta property=\"og:site_name\" content=\"Szent Erzs\u00e9bet Karit\u00e1sz K\u00f6zpont\" \/>\n<meta property=\"article:published_time\" content=\"2021-04-24T09:31:58+00:00\" \/>\n<meta property=\"article:modified_time\" content=\"2021-04-24T09:31:59+00:00\" \/>\n<meta property=\"og:image\" content=\"https:\/\/karitaszkozpont.hu\/wp-content\/uploads\/2019\/07\/egyperceslogo.jpg\" \/>\n\t<meta property=\"og:image:width\" content=\"2300\" \/>\n\t<meta property=\"og:image:height\" content=\"1528\" \/>\n\t<meta property=\"og:image:type\" content=\"image\/jpeg\" \/>\n<meta name=\"author\" content=\"Karit\u00e1sz K\u00f6zpont\" \/>\n<meta name=\"twitter:card\" content=\"summary_large_image\" \/>\n<meta name=\"twitter:label1\" content=\"Szerz\u0151:\" \/>\n\t<meta name=\"twitter:data1\" content=\"Karit\u00e1sz K\u00f6zpont\" \/>\n\t<meta name=\"twitter:label2\" content=\"Becs\u00fclt olvas\u00e1si id\u0151\" \/>\n\t<meta name=\"twitter:data2\" content=\"3 perc\" \/>\n<script type=\"application\/ld+json\" class=\"yoast-schema-graph\">{\"@context\":\"https:\/\/schema.org\",\"@graph\":[{\"@type\":\"Article\",\"@id\":\"https:\/\/karitaszkozpont.hu\/?p=1201#article\",\"isPartOf\":{\"@id\":\"https:\/\/karitaszkozpont.hu\/?p=1201\"},\"author\":{\"name\":\"Karit\u00e1sz K\u00f6zpont\",\"@id\":\"https:\/\/karitaszkozpont.hu\/#\/schema\/person\/0d9c28244c111914ea13bb1248775e57\"},\"headline\":\"118. Karit\u00e1sz Egyperces\",\"datePublished\":\"2021-04-24T09:31:58+00:00\",\"dateModified\":\"2021-04-24T09:31:59+00:00\",\"mainEntityOfPage\":{\"@id\":\"https:\/\/karitaszkozpont.hu\/?p=1201\"},\"wordCount\":852,\"commentCount\":0,\"publisher\":{\"@id\":\"https:\/\/karitaszkozpont.hu\/#organization\"},\"articleSection\":[\"Egypercesek\"],\"inLanguage\":\"hu\",\"potentialAction\":[{\"@type\":\"CommentAction\",\"name\":\"Comment\",\"target\":[\"https:\/\/karitaszkozpont.hu\/?p=1201#respond\"]}]},{\"@type\":\"WebPage\",\"@id\":\"https:\/\/karitaszkozpont.hu\/?p=1201\",\"url\":\"https:\/\/karitaszkozpont.hu\/?p=1201\",\"name\":\"118. Karit\u00e1sz Egyperces - Szent Erzs\u00e9bet Karit\u00e1sz K\u00f6zpont\",\"isPartOf\":{\"@id\":\"https:\/\/karitaszkozpont.hu\/#website\"},\"datePublished\":\"2021-04-24T09:31:58+00:00\",\"dateModified\":\"2021-04-24T09:31:59+00:00\",\"breadcrumb\":{\"@id\":\"https:\/\/karitaszkozpont.hu\/?p=1201#breadcrumb\"},\"inLanguage\":\"hu\",\"potentialAction\":[{\"@type\":\"ReadAction\",\"target\":[\"https:\/\/karitaszkozpont.hu\/?p=1201\"]}]},{\"@type\":\"BreadcrumbList\",\"@id\":\"https:\/\/karitaszkozpont.hu\/?p=1201#breadcrumb\",\"itemListElement\":[{\"@type\":\"ListItem\",\"position\":1,\"name\":\"Kezd\u0151lap\",\"item\":\"https:\/\/karitaszkozpont.hu\/\"},{\"@type\":\"ListItem\",\"position\":2,\"name\":\"118. Karit\u00e1sz Egyperces\"}]},{\"@type\":\"WebSite\",\"@id\":\"https:\/\/karitaszkozpont.hu\/#website\",\"url\":\"https:\/\/karitaszkozpont.hu\/\",\"name\":\"Szent Erzs\u00e9bet Karit\u00e1sz K\u00f6zpont\",\"description\":\"Esztergom-Budapesti F\u0151egyh\u00e1zmegye\",\"publisher\":{\"@id\":\"https:\/\/karitaszkozpont.hu\/#organization\"},\"potentialAction\":[{\"@type\":\"SearchAction\",\"target\":{\"@type\":\"EntryPoint\",\"urlTemplate\":\"https:\/\/karitaszkozpont.hu\/?s={search_term_string}\"},\"query-input\":\"required name=search_term_string\"}],\"inLanguage\":\"hu\"},{\"@type\":\"Organization\",\"@id\":\"https:\/\/karitaszkozpont.hu\/#organization\",\"name\":\"Szent Erzs\u00e9bet Karit\u00e1sz K\u00f6zpont\",\"url\":\"https:\/\/karitaszkozpont.hu\/\",\"logo\":{\"@type\":\"ImageObject\",\"inLanguage\":\"hu\",\"@id\":\"https:\/\/karitaszkozpont.hu\/#\/schema\/logo\/image\/\",\"url\":\"https:\/\/karitaszkp.hu\/wp-content\/uploads\/2019\/06\/cropped-logo-arnyekos-1.png\",\"contentUrl\":\"https:\/\/karitaszkp.hu\/wp-content\/uploads\/2019\/06\/cropped-logo-arnyekos-1.png\",\"width\":240,\"height\":247,\"caption\":\"Szent Erzs\u00e9bet Karit\u00e1sz K\u00f6zpont\"},\"image\":{\"@id\":\"https:\/\/karitaszkozpont.hu\/#\/schema\/logo\/image\/\"}},{\"@type\":\"Person\",\"@id\":\"https:\/\/karitaszkozpont.hu\/#\/schema\/person\/0d9c28244c111914ea13bb1248775e57\",\"name\":\"Karit\u00e1sz K\u00f6zpont\",\"image\":{\"@type\":\"ImageObject\",\"inLanguage\":\"hu\",\"@id\":\"https:\/\/karitaszkozpont.hu\/#\/schema\/person\/image\/\",\"url\":\"https:\/\/secure.gravatar.com\/avatar\/1274acd7c62f3cac92d2b38aad20c71b?s=96&d=mm&r=g\",\"contentUrl\":\"https:\/\/secure.gravatar.com\/avatar\/1274acd7c62f3cac92d2b38aad20c71b?s=96&d=mm&r=g\",\"caption\":\"Karit\u00e1sz K\u00f6zpont\"},\"url\":\"https:\/\/karitaszkozpont.hu\/?author=1\"}]}<\/script>\n<!-- \/ Yoast SEO plugin. -->","yoast_head_json":{"title":"118. Karit\u00e1sz Egyperces - Szent Erzs\u00e9bet Karit\u00e1sz K\u00f6zpont","robots":{"index":"index","follow":"follow","max-snippet":"max-snippet:-1","max-image-preview":"max-image-preview:large","max-video-preview":"max-video-preview:-1"},"canonical":"https:\/\/karitaszkozpont.hu\/?p=1201","og_locale":"hu_HU","og_type":"article","og_title":"118. Karit\u00e1sz Egyperces - Szent Erzs\u00e9bet Karit\u00e1sz K\u00f6zpont","og_description":"118. Fiatal lelkek vagyunk \u201e\u00d3, ifjak, l\u00e1nyok, gyermekek, az angyalsz\u00f3b\u00f3l \u00e9rtsetek, felt\u00e1madt Krisztus \u00e9rtetek, alleluja.\u201d (H\u00fasv\u00e9ti n\u00e9p\u00e9nek) Kedves Karit\u00e1sz \u00d6nk\u00e9ntesek, Munkat\u00e1rsak, Testv\u00e9rek az \u00darban! Mi vagyunk az ifjak, a gyermekek, Isten gyermekei. \u0150 visszaadta nek\u00fcnk lelk\u00fcnk fiatals\u00e1g\u00e1t, boldogs\u00e1g\u00e1t, \u00f6r\u00f6m\u00e9t.&nbsp;H\u00fasv\u00e9t \u00fczenete az, hogy \u00f6r\u00f6k \u00e9let\u00fcnk van Krisztusban, azaz a lelk\u00fcnk fiatal marad. A test \u00f6regszik, az &hellip; Continue reading \"118. Karit\u00e1sz Egyperces\"","og_url":"https:\/\/karitaszkozpont.hu\/?p=1201","og_site_name":"Szent Erzs\u00e9bet Karit\u00e1sz K\u00f6zpont","article_published_time":"2021-04-24T09:31:58+00:00","article_modified_time":"2021-04-24T09:31:59+00:00","og_image":[{"width":2300,"height":1528,"url":"https:\/\/karitaszkozpont.hu\/wp-content\/uploads\/2019\/07\/egyperceslogo.jpg","type":"image\/jpeg"}],"author":"Karit\u00e1sz K\u00f6zpont","twitter_card":"summary_large_image","twitter_misc":{"Szerz\u0151:":"Karit\u00e1sz K\u00f6zpont","Becs\u00fclt olvas\u00e1si id\u0151":"3 perc"},"schema":{"@context":"https:\/\/schema.org","@graph":[{"@type":"Article","@id":"https:\/\/karitaszkozpont.hu\/?p=1201#article","isPartOf":{"@id":"https:\/\/karitaszkozpont.hu\/?p=1201"},"author":{"name":"Karit\u00e1sz K\u00f6zpont","@id":"https:\/\/karitaszkozpont.hu\/#\/schema\/person\/0d9c28244c111914ea13bb1248775e57"},"headline":"118. Karit\u00e1sz Egyperces","datePublished":"2021-04-24T09:31:58+00:00","dateModified":"2021-04-24T09:31:59+00:00","mainEntityOfPage":{"@id":"https:\/\/karitaszkozpont.hu\/?p=1201"},"wordCount":852,"commentCount":0,"publisher":{"@id":"https:\/\/karitaszkozpont.hu\/#organization"},"articleSection":["Egypercesek"],"inLanguage":"hu","potentialAction":[{"@type":"CommentAction","name":"Comment","target":["https:\/\/karitaszkozpont.hu\/?p=1201#respond"]}]},{"@type":"WebPage","@id":"https:\/\/karitaszkozpont.hu\/?p=1201","url":"https:\/\/karitaszkozpont.hu\/?p=1201","name":"118. Karit\u00e1sz Egyperces - Szent Erzs\u00e9bet Karit\u00e1sz K\u00f6zpont","isPartOf":{"@id":"https:\/\/karitaszkozpont.hu\/#website"},"datePublished":"2021-04-24T09:31:58+00:00","dateModified":"2021-04-24T09:31:59+00:00","breadcrumb":{"@id":"https:\/\/karitaszkozpont.hu\/?p=1201#breadcrumb"},"inLanguage":"hu","potentialAction":[{"@type":"ReadAction","target":["https:\/\/karitaszkozpont.hu\/?p=1201"]}]},{"@type":"BreadcrumbList","@id":"https:\/\/karitaszkozpont.hu\/?p=1201#breadcrumb","itemListElement":[{"@type":"ListItem","position":1,"name":"Kezd\u0151lap","item":"https:\/\/karitaszkozpont.hu\/"},{"@type":"ListItem","position":2,"name":"118. Karit\u00e1sz Egyperces"}]},{"@type":"WebSite","@id":"https:\/\/karitaszkozpont.hu\/#website","url":"https:\/\/karitaszkozpont.hu\/","name":"Szent Erzs\u00e9bet Karit\u00e1sz K\u00f6zpont","description":"Esztergom-Budapesti F\u0151egyh\u00e1zmegye","publisher":{"@id":"https:\/\/karitaszkozpont.hu\/#organization"},"potentialAction":[{"@type":"SearchAction","target":{"@type":"EntryPoint","urlTemplate":"https:\/\/karitaszkozpont.hu\/?s={search_term_string}"},"query-input":"required name=search_term_string"}],"inLanguage":"hu"},{"@type":"Organization","@id":"https:\/\/karitaszkozpont.hu\/#organization","name":"Szent Erzs\u00e9bet Karit\u00e1sz K\u00f6zpont","url":"https:\/\/karitaszkozpont.hu\/","logo":{"@type":"ImageObject","inLanguage":"hu","@id":"https:\/\/karitaszkozpont.hu\/#\/schema\/logo\/image\/","url":"https:\/\/karitaszkp.hu\/wp-content\/uploads\/2019\/06\/cropped-logo-arnyekos-1.png","contentUrl":"https:\/\/karitaszkp.hu\/wp-content\/uploads\/2019\/06\/cropped-logo-arnyekos-1.png","width":240,"height":247,"caption":"Szent Erzs\u00e9bet Karit\u00e1sz K\u00f6zpont"},"image":{"@id":"https:\/\/karitaszkozpont.hu\/#\/schema\/logo\/image\/"}},{"@type":"Person","@id":"https:\/\/karitaszkozpont.hu\/#\/schema\/person\/0d9c28244c111914ea13bb1248775e57","name":"Karit\u00e1sz K\u00f6zpont","image":{"@type":"ImageObject","inLanguage":"hu","@id":"https:\/\/karitaszkozpont.hu\/#\/schema\/person\/image\/","url":"https:\/\/secure.gravatar.com\/avatar\/1274acd7c62f3cac92d2b38aad20c71b?s=96&d=mm&r=g","contentUrl":"https:\/\/secure.gravatar.com\/avatar\/1274acd7c62f3cac92d2b38aad20c71b?s=96&d=mm&r=g","caption":"Karit\u00e1sz K\u00f6zpont"},"url":"https:\/\/karitaszkozpont.hu\/?author=1"}]}},"_links":{"self":[{"href":"https:\/\/karitaszkozpont.hu\/index.php?rest_route=\/wp\/v2\/posts\/1201"}],"collection":[{"href":"https:\/\/karitaszkozpont.hu\/index.php?rest_route=\/wp\/v2\/posts"}],"about":[{"href":"https:\/\/karitaszkozpont.hu\/index.php?rest_route=\/wp\/v2\/types\/post"}],"author":[{"embeddable":true,"href":"https:\/\/karitaszkozpont.hu\/index.php?rest_route=\/wp\/v2\/users\/1"}],"replies":[{"embeddable":true,"href":"https:\/\/karitaszkozpont.hu\/index.php?rest_route=%2Fwp%2Fv2%2Fcomments&post=1201"}],"version-history":[{"count":1,"href":"https:\/\/karitaszkozpont.hu\/index.php?rest_route=\/wp\/v2\/posts\/1201\/revisions"}],"predecessor-version":[{"id":1202,"href":"https:\/\/karitaszkozpont.hu\/index.php?rest_route=\/wp\/v2\/posts\/1201\/revisions\/1202"}],"wp:featuredmedia":[{"embeddable":true,"href":"https:\/\/karitaszkozpont.hu\/index.php?rest_route=\/wp\/v2\/media\/563"}],"wp:attachment":[{"href":"https:\/\/karitaszkozpont.hu\/index.php?rest_route=%2Fwp%2Fv2%2Fmedia&parent=1201"}],"wp:term":[{"taxonomy":"category","embeddable":true,"href":"https:\/\/karitaszkozpont.hu\/index.php?rest_route=%2Fwp%2Fv2%2Fcategories&post=1201"},{"taxonomy":"post_tag","embeddable":true,"href":"https:\/\/karitaszkozpont.hu\/index.php?rest_route=%2Fwp%2Fv2%2Ftags&post=1201"}],"curies":[{"name":"wp","href":"https:\/\/api.w.org\/{rel}","templated":true}]}}