{"id":1198,"date":"2021-04-19T11:08:21","date_gmt":"2021-04-19T09:08:21","guid":{"rendered":"http:\/\/karitaszkp.hu\/?p=1198"},"modified":"2021-04-19T11:08:22","modified_gmt":"2021-04-19T09:08:22","slug":"a-szent-erzsebet-karitasz-kozpont-online-prevencios-eloadas-sorozatot-szervez","status":"publish","type":"post","link":"https:\/\/karitaszkozpont.hu\/?p=1198","title":{"rendered":"A Szent Erzs\u00e9bet Karit\u00e1sz K\u00f6zpont online prevenci\u00f3s el\u0151ad\u00e1s-sorozatot szervez:"},"content":{"rendered":"\n<p class=\"has-white-color has-vivid-red-background-color has-text-color has-background has-large-font-size\"><strong>A Szent Erzs\u00e9bet Karit\u00e1sz K\u00f6zpont online prevenci\u00f3s el\u0151ad\u00e1s-sorozatot szervez:<\/strong><\/p>\n\n\n\n<p><strong>A XXI. sz\u00e1zadban a csal\u00e1dokat \u00e9rint\u0151 kih\u00edv\u00e1sok, \u00e9s kereszt\u00e9ny v\u00e1laszok<\/strong><\/p>\n\n\n\n<p>&#8211;&nbsp;&nbsp;&nbsp;&nbsp;&nbsp;&nbsp;&nbsp;&nbsp;&nbsp;<strong>m\u0171helybesz\u00e9lget\u00e9sek a Szentatya \u00e1ltal meghirdetett csal\u00e1dok \u00e9ve alkalm\u00e1b\u00f3l az Amoris Letitia apostoli buzd\u00edt\u00e1s alapj\u00e1n \u2013<\/strong><\/p>\n\n\n\n<p><strong>M\u00e1sodik alkalmunk t\u00e9m\u00e1ja: F\u00e9rfi-n\u0151i szerepek, apas\u00e1g, anyas\u00e1g<\/strong><\/p>\n\n\n\n<p><strong>A m\u0171helybesz\u00e9lget\u00e9sben r\u00e9szt vev\u0151 szakemberek<\/strong>:<\/p>\n\n\n\n<p>Csorba G\u00e1bor \u00e1lland\u00f3 diak\u00f3nus, karit\u00e1sz igazgat\u00f3, valamint<\/p>\n\n\n\n<p>M\u00e1rton Andrea szociol\u00f3gus, a Szent Erzs\u00e9bet Karit\u00e1sz szakmai irodavezet\u0151je<\/p>\n\n\n\n<p class=\"has-background\" style=\"background-color:#cacaca\"><strong>Id\u0151pont<\/strong>: 2021. \u00e1prilis 23. p\u00e9ntek 10:00 \u2013 12:00.<\/p>\n\n\n\n<p>Minden \u00e9rdekl\u0151d\u0151t szeretettel v\u00e1runk.<\/p>\n\n\n\n<p>A r\u00e9szv\u00e9tel ingyenes, de regisztr\u00e1ci\u00f3hoz k\u00f6t\u00f6tt.<\/p>\n\n\n\n<p>K\u00e9rj\u00fck, hogy az al\u00e1bbi online \u0171rlapon sz\u00edveskedjenek regisztr\u00e1lni:<\/p>\n\n\n\n<p class=\"has-background\" style=\"background-color:#cacaca\"><a href=\"https:\/\/docs.google.com\/forms\/d\/e\/1FAIpQLSdouXwKKawwvGYhSNC9x75ULFzg7DUQaJkwcP8evRdOXWogvw\/viewform?usp=sf_link\" target=\"_blank\" rel=\"noreferrer noopener\">REGISZTR\u00c1CI\u00d3S \u0170RLAP<\/a><\/p>\n\n\n\n<p>A program a Budapest III. ker\u00fclet, \u00d3buda-B\u00e9k\u00e1smegyer \u00d6nkorm\u00e1nyzat t\u00e1mogat\u00e1s\u00e1val val\u00f3sul meg.&nbsp;<\/p>\n","protected":false},"excerpt":{"rendered":"<p>A Szent Erzs\u00e9bet Karit\u00e1sz K\u00f6zpont online prevenci\u00f3s el\u0151ad\u00e1s-sorozatot szervez: A XXI. sz\u00e1zadban a csal\u00e1dokat \u00e9rint\u0151 kih\u00edv\u00e1sok, \u00e9s kereszt\u00e9ny v\u00e1laszok &#8211;&nbsp;&nbsp;&nbsp;&nbsp;&nbsp;&nbsp;&nbsp;&nbsp;&nbsp;m\u0171helybesz\u00e9lget\u00e9sek a Szentatya \u00e1ltal meghirdetett csal\u00e1dok \u00e9ve alkalm\u00e1b\u00f3l az Amoris Letitia apostoli buzd\u00edt\u00e1s alapj\u00e1n \u2013 M\u00e1sodik alkalmunk t\u00e9m\u00e1ja: F\u00e9rfi-n\u0151i szerepek, apas\u00e1g, anyas\u00e1g A m\u0171helybesz\u00e9lget\u00e9sben r\u00e9szt vev\u0151 szakemberek: Csorba G\u00e1bor \u00e1lland\u00f3 diak\u00f3nus, karit\u00e1sz igazgat\u00f3, valamint M\u00e1rton Andrea &hellip; <\/p>\n<p class=\"link-more\"><a href=\"https:\/\/karitaszkozpont.hu\/?p=1198\" class=\"more-link\">Continue reading<span class=\"screen-reader-text\"> &#8222;A Szent Erzs\u00e9bet Karit\u00e1sz K\u00f6zpont online prevenci\u00f3s el\u0151ad\u00e1s-sorozatot szervez:&#8221;<\/span><\/a><\/p>\n","protected":false},"author":1,"featured_media":1187,"comment_status":"open","ping_status":"open","sticky":false,"template":"","format":"standard","meta":[],"categories":[4],"tags":[],"yoast_head":"<!-- This site is optimized with the Yoast SEO plugin v20.1 - https:\/\/yoast.com\/wordpress\/plugins\/seo\/ -->\n<title>A Szent Erzs\u00e9bet Karit\u00e1sz K\u00f6zpont online prevenci\u00f3s el\u0151ad\u00e1s-sorozatot szervez: - Szent Erzs\u00e9bet Karit\u00e1sz K\u00f6zpont<\/title>\n<meta name=\"robots\" content=\"index, follow, max-snippet:-1, max-image-preview:large, max-video-preview:-1\" \/>\n<link rel=\"canonical\" href=\"https:\/\/karitaszkozpont.hu\/?p=1198\" \/>\n<meta property=\"og:locale\" content=\"hu_HU\" \/>\n<meta property=\"og:type\" content=\"article\" \/>\n<meta property=\"og:title\" content=\"A Szent Erzs\u00e9bet Karit\u00e1sz K\u00f6zpont online prevenci\u00f3s el\u0151ad\u00e1s-sorozatot szervez: - Szent Erzs\u00e9bet Karit\u00e1sz K\u00f6zpont\" \/>\n<meta property=\"og:description\" content=\"A Szent Erzs\u00e9bet Karit\u00e1sz K\u00f6zpont online prevenci\u00f3s el\u0151ad\u00e1s-sorozatot szervez: A XXI. sz\u00e1zadban a csal\u00e1dokat \u00e9rint\u0151 kih\u00edv\u00e1sok, \u00e9s kereszt\u00e9ny v\u00e1laszok &#8211;&nbsp;&nbsp;&nbsp;&nbsp;&nbsp;&nbsp;&nbsp;&nbsp;&nbsp;m\u0171helybesz\u00e9lget\u00e9sek a Szentatya \u00e1ltal meghirdetett csal\u00e1dok \u00e9ve alkalm\u00e1b\u00f3l az Amoris Letitia apostoli buzd\u00edt\u00e1s alapj\u00e1n \u2013 M\u00e1sodik alkalmunk t\u00e9m\u00e1ja: F\u00e9rfi-n\u0151i szerepek, apas\u00e1g, anyas\u00e1g A m\u0171helybesz\u00e9lget\u00e9sben r\u00e9szt vev\u0151 szakemberek: Csorba G\u00e1bor \u00e1lland\u00f3 diak\u00f3nus, karit\u00e1sz igazgat\u00f3, valamint M\u00e1rton Andrea &hellip; Continue reading &quot;A Szent Erzs\u00e9bet Karit\u00e1sz K\u00f6zpont online prevenci\u00f3s el\u0151ad\u00e1s-sorozatot szervez:&quot;\" \/>\n<meta property=\"og:url\" content=\"https:\/\/karitaszkozpont.hu\/?p=1198\" \/>\n<meta property=\"og:site_name\" content=\"Szent Erzs\u00e9bet Karit\u00e1sz K\u00f6zpont\" \/>\n<meta property=\"article:published_time\" content=\"2021-04-19T09:08:21+00:00\" \/>\n<meta property=\"article:modified_time\" content=\"2021-04-19T09:08:22+00:00\" \/>\n<meta property=\"og:image\" content=\"https:\/\/karitaszkozpont.hu\/wp-content\/uploads\/2021\/04\/csalad.jpg\" \/>\n\t<meta property=\"og:image:width\" content=\"2040\" \/>\n\t<meta property=\"og:image:height\" content=\"1263\" \/>\n\t<meta property=\"og:image:type\" content=\"image\/jpeg\" \/>\n<meta name=\"author\" content=\"Karit\u00e1sz K\u00f6zpont\" \/>\n<meta name=\"twitter:card\" content=\"summary_large_image\" \/>\n<meta name=\"twitter:label1\" content=\"Szerz\u0151:\" \/>\n\t<meta name=\"twitter:data1\" content=\"Karit\u00e1sz K\u00f6zpont\" \/>\n\t<meta name=\"twitter:label2\" content=\"Becs\u00fclt olvas\u00e1si id\u0151\" \/>\n\t<meta name=\"twitter:data2\" content=\"1 perc\" \/>\n<script type=\"application\/ld+json\" class=\"yoast-schema-graph\">{\"@context\":\"https:\/\/schema.org\",\"@graph\":[{\"@type\":\"Article\",\"@id\":\"https:\/\/karitaszkozpont.hu\/?p=1198#article\",\"isPartOf\":{\"@id\":\"https:\/\/karitaszkozpont.hu\/?p=1198\"},\"author\":{\"name\":\"Karit\u00e1sz K\u00f6zpont\",\"@id\":\"https:\/\/karitaszkozpont.hu\/#\/schema\/person\/0d9c28244c111914ea13bb1248775e57\"},\"headline\":\"A Szent Erzs\u00e9bet Karit\u00e1sz K\u00f6zpont online prevenci\u00f3s el\u0151ad\u00e1s-sorozatot szervez:\",\"datePublished\":\"2021-04-19T09:08:21+00:00\",\"dateModified\":\"2021-04-19T09:08:22+00:00\",\"mainEntityOfPage\":{\"@id\":\"https:\/\/karitaszkozpont.hu\/?p=1198\"},\"wordCount\":187,\"commentCount\":0,\"publisher\":{\"@id\":\"https:\/\/karitaszkozpont.hu\/#organization\"},\"articleSection\":[\"H\u00edrek\"],\"inLanguage\":\"hu\",\"potentialAction\":[{\"@type\":\"CommentAction\",\"name\":\"Comment\",\"target\":[\"https:\/\/karitaszkozpont.hu\/?p=1198#respond\"]}]},{\"@type\":\"WebPage\",\"@id\":\"https:\/\/karitaszkozpont.hu\/?p=1198\",\"url\":\"https:\/\/karitaszkozpont.hu\/?p=1198\",\"name\":\"A Szent Erzs\u00e9bet Karit\u00e1sz K\u00f6zpont online prevenci\u00f3s el\u0151ad\u00e1s-sorozatot szervez: - Szent Erzs\u00e9bet Karit\u00e1sz K\u00f6zpont\",\"isPartOf\":{\"@id\":\"https:\/\/karitaszkozpont.hu\/#website\"},\"datePublished\":\"2021-04-19T09:08:21+00:00\",\"dateModified\":\"2021-04-19T09:08:22+00:00\",\"breadcrumb\":{\"@id\":\"https:\/\/karitaszkozpont.hu\/?p=1198#breadcrumb\"},\"inLanguage\":\"hu\",\"potentialAction\":[{\"@type\":\"ReadAction\",\"target\":[\"https:\/\/karitaszkozpont.hu\/?p=1198\"]}]},{\"@type\":\"BreadcrumbList\",\"@id\":\"https:\/\/karitaszkozpont.hu\/?p=1198#breadcrumb\",\"itemListElement\":[{\"@type\":\"ListItem\",\"position\":1,\"name\":\"Kezd\u0151lap\",\"item\":\"https:\/\/karitaszkozpont.hu\/\"},{\"@type\":\"ListItem\",\"position\":2,\"name\":\"A Szent Erzs\u00e9bet Karit\u00e1sz K\u00f6zpont online prevenci\u00f3s el\u0151ad\u00e1s-sorozatot szervez:\"}]},{\"@type\":\"WebSite\",\"@id\":\"https:\/\/karitaszkozpont.hu\/#website\",\"url\":\"https:\/\/karitaszkozpont.hu\/\",\"name\":\"Szent Erzs\u00e9bet Karit\u00e1sz K\u00f6zpont\",\"description\":\"Esztergom-Budapesti F\u0151egyh\u00e1zmegye\",\"publisher\":{\"@id\":\"https:\/\/karitaszkozpont.hu\/#organization\"},\"potentialAction\":[{\"@type\":\"SearchAction\",\"target\":{\"@type\":\"EntryPoint\",\"urlTemplate\":\"https:\/\/karitaszkozpont.hu\/?s={search_term_string}\"},\"query-input\":\"required name=search_term_string\"}],\"inLanguage\":\"hu\"},{\"@type\":\"Organization\",\"@id\":\"https:\/\/karitaszkozpont.hu\/#organization\",\"name\":\"Szent Erzs\u00e9bet Karit\u00e1sz K\u00f6zpont\",\"url\":\"https:\/\/karitaszkozpont.hu\/\",\"logo\":{\"@type\":\"ImageObject\",\"inLanguage\":\"hu\",\"@id\":\"https:\/\/karitaszkozpont.hu\/#\/schema\/logo\/image\/\",\"url\":\"https:\/\/karitaszkp.hu\/wp-content\/uploads\/2019\/06\/cropped-logo-arnyekos-1.png\",\"contentUrl\":\"https:\/\/karitaszkp.hu\/wp-content\/uploads\/2019\/06\/cropped-logo-arnyekos-1.png\",\"width\":240,\"height\":247,\"caption\":\"Szent Erzs\u00e9bet Karit\u00e1sz K\u00f6zpont\"},\"image\":{\"@id\":\"https:\/\/karitaszkozpont.hu\/#\/schema\/logo\/image\/\"}},{\"@type\":\"Person\",\"@id\":\"https:\/\/karitaszkozpont.hu\/#\/schema\/person\/0d9c28244c111914ea13bb1248775e57\",\"name\":\"Karit\u00e1sz K\u00f6zpont\",\"image\":{\"@type\":\"ImageObject\",\"inLanguage\":\"hu\",\"@id\":\"https:\/\/karitaszkozpont.hu\/#\/schema\/person\/image\/\",\"url\":\"https:\/\/secure.gravatar.com\/avatar\/1274acd7c62f3cac92d2b38aad20c71b?s=96&d=mm&r=g\",\"contentUrl\":\"https:\/\/secure.gravatar.com\/avatar\/1274acd7c62f3cac92d2b38aad20c71b?s=96&d=mm&r=g\",\"caption\":\"Karit\u00e1sz K\u00f6zpont\"},\"url\":\"https:\/\/karitaszkozpont.hu\/?author=1\"}]}<\/script>\n<!-- \/ Yoast SEO plugin. -->","yoast_head_json":{"title":"A Szent Erzs\u00e9bet Karit\u00e1sz K\u00f6zpont online prevenci\u00f3s el\u0151ad\u00e1s-sorozatot szervez: - Szent Erzs\u00e9bet Karit\u00e1sz K\u00f6zpont","robots":{"index":"index","follow":"follow","max-snippet":"max-snippet:-1","max-image-preview":"max-image-preview:large","max-video-preview":"max-video-preview:-1"},"canonical":"https:\/\/karitaszkozpont.hu\/?p=1198","og_locale":"hu_HU","og_type":"article","og_title":"A Szent Erzs\u00e9bet Karit\u00e1sz K\u00f6zpont online prevenci\u00f3s el\u0151ad\u00e1s-sorozatot szervez: - Szent Erzs\u00e9bet Karit\u00e1sz K\u00f6zpont","og_description":"A Szent Erzs\u00e9bet Karit\u00e1sz K\u00f6zpont online prevenci\u00f3s el\u0151ad\u00e1s-sorozatot szervez: A XXI. sz\u00e1zadban a csal\u00e1dokat \u00e9rint\u0151 kih\u00edv\u00e1sok, \u00e9s kereszt\u00e9ny v\u00e1laszok &#8211;&nbsp;&nbsp;&nbsp;&nbsp;&nbsp;&nbsp;&nbsp;&nbsp;&nbsp;m\u0171helybesz\u00e9lget\u00e9sek a Szentatya \u00e1ltal meghirdetett csal\u00e1dok \u00e9ve alkalm\u00e1b\u00f3l az Amoris Letitia apostoli buzd\u00edt\u00e1s alapj\u00e1n \u2013 M\u00e1sodik alkalmunk t\u00e9m\u00e1ja: F\u00e9rfi-n\u0151i szerepek, apas\u00e1g, anyas\u00e1g A m\u0171helybesz\u00e9lget\u00e9sben r\u00e9szt vev\u0151 szakemberek: Csorba G\u00e1bor \u00e1lland\u00f3 diak\u00f3nus, karit\u00e1sz igazgat\u00f3, valamint M\u00e1rton Andrea &hellip; Continue reading \"A Szent Erzs\u00e9bet Karit\u00e1sz K\u00f6zpont online prevenci\u00f3s el\u0151ad\u00e1s-sorozatot szervez:\"","og_url":"https:\/\/karitaszkozpont.hu\/?p=1198","og_site_name":"Szent Erzs\u00e9bet Karit\u00e1sz K\u00f6zpont","article_published_time":"2021-04-19T09:08:21+00:00","article_modified_time":"2021-04-19T09:08:22+00:00","og_image":[{"width":2040,"height":1263,"url":"https:\/\/karitaszkozpont.hu\/wp-content\/uploads\/2021\/04\/csalad.jpg","type":"image\/jpeg"}],"author":"Karit\u00e1sz K\u00f6zpont","twitter_card":"summary_large_image","twitter_misc":{"Szerz\u0151:":"Karit\u00e1sz K\u00f6zpont","Becs\u00fclt olvas\u00e1si id\u0151":"1 perc"},"schema":{"@context":"https:\/\/schema.org","@graph":[{"@type":"Article","@id":"https:\/\/karitaszkozpont.hu\/?p=1198#article","isPartOf":{"@id":"https:\/\/karitaszkozpont.hu\/?p=1198"},"author":{"name":"Karit\u00e1sz K\u00f6zpont","@id":"https:\/\/karitaszkozpont.hu\/#\/schema\/person\/0d9c28244c111914ea13bb1248775e57"},"headline":"A Szent Erzs\u00e9bet Karit\u00e1sz K\u00f6zpont online prevenci\u00f3s el\u0151ad\u00e1s-sorozatot szervez:","datePublished":"2021-04-19T09:08:21+00:00","dateModified":"2021-04-19T09:08:22+00:00","mainEntityOfPage":{"@id":"https:\/\/karitaszkozpont.hu\/?p=1198"},"wordCount":187,"commentCount":0,"publisher":{"@id":"https:\/\/karitaszkozpont.hu\/#organization"},"articleSection":["H\u00edrek"],"inLanguage":"hu","potentialAction":[{"@type":"CommentAction","name":"Comment","target":["https:\/\/karitaszkozpont.hu\/?p=1198#respond"]}]},{"@type":"WebPage","@id":"https:\/\/karitaszkozpont.hu\/?p=1198","url":"https:\/\/karitaszkozpont.hu\/?p=1198","name":"A Szent Erzs\u00e9bet Karit\u00e1sz K\u00f6zpont online prevenci\u00f3s el\u0151ad\u00e1s-sorozatot szervez: - Szent Erzs\u00e9bet Karit\u00e1sz K\u00f6zpont","isPartOf":{"@id":"https:\/\/karitaszkozpont.hu\/#website"},"datePublished":"2021-04-19T09:08:21+00:00","dateModified":"2021-04-19T09:08:22+00:00","breadcrumb":{"@id":"https:\/\/karitaszkozpont.hu\/?p=1198#breadcrumb"},"inLanguage":"hu","potentialAction":[{"@type":"ReadAction","target":["https:\/\/karitaszkozpont.hu\/?p=1198"]}]},{"@type":"BreadcrumbList","@id":"https:\/\/karitaszkozpont.hu\/?p=1198#breadcrumb","itemListElement":[{"@type":"ListItem","position":1,"name":"Kezd\u0151lap","item":"https:\/\/karitaszkozpont.hu\/"},{"@type":"ListItem","position":2,"name":"A Szent Erzs\u00e9bet Karit\u00e1sz K\u00f6zpont online prevenci\u00f3s el\u0151ad\u00e1s-sorozatot szervez:"}]},{"@type":"WebSite","@id":"https:\/\/karitaszkozpont.hu\/#website","url":"https:\/\/karitaszkozpont.hu\/","name":"Szent Erzs\u00e9bet Karit\u00e1sz K\u00f6zpont","description":"Esztergom-Budapesti F\u0151egyh\u00e1zmegye","publisher":{"@id":"https:\/\/karitaszkozpont.hu\/#organization"},"potentialAction":[{"@type":"SearchAction","target":{"@type":"EntryPoint","urlTemplate":"https:\/\/karitaszkozpont.hu\/?s={search_term_string}"},"query-input":"required name=search_term_string"}],"inLanguage":"hu"},{"@type":"Organization","@id":"https:\/\/karitaszkozpont.hu\/#organization","name":"Szent Erzs\u00e9bet Karit\u00e1sz K\u00f6zpont","url":"https:\/\/karitaszkozpont.hu\/","logo":{"@type":"ImageObject","inLanguage":"hu","@id":"https:\/\/karitaszkozpont.hu\/#\/schema\/logo\/image\/","url":"https:\/\/karitaszkp.hu\/wp-content\/uploads\/2019\/06\/cropped-logo-arnyekos-1.png","contentUrl":"https:\/\/karitaszkp.hu\/wp-content\/uploads\/2019\/06\/cropped-logo-arnyekos-1.png","width":240,"height":247,"caption":"Szent Erzs\u00e9bet Karit\u00e1sz K\u00f6zpont"},"image":{"@id":"https:\/\/karitaszkozpont.hu\/#\/schema\/logo\/image\/"}},{"@type":"Person","@id":"https:\/\/karitaszkozpont.hu\/#\/schema\/person\/0d9c28244c111914ea13bb1248775e57","name":"Karit\u00e1sz K\u00f6zpont","image":{"@type":"ImageObject","inLanguage":"hu","@id":"https:\/\/karitaszkozpont.hu\/#\/schema\/person\/image\/","url":"https:\/\/secure.gravatar.com\/avatar\/1274acd7c62f3cac92d2b38aad20c71b?s=96&d=mm&r=g","contentUrl":"https:\/\/secure.gravatar.com\/avatar\/1274acd7c62f3cac92d2b38aad20c71b?s=96&d=mm&r=g","caption":"Karit\u00e1sz K\u00f6zpont"},"url":"https:\/\/karitaszkozpont.hu\/?author=1"}]}},"_links":{"self":[{"href":"https:\/\/karitaszkozpont.hu\/index.php?rest_route=\/wp\/v2\/posts\/1198"}],"collection":[{"href":"https:\/\/karitaszkozpont.hu\/index.php?rest_route=\/wp\/v2\/posts"}],"about":[{"href":"https:\/\/karitaszkozpont.hu\/index.php?rest_route=\/wp\/v2\/types\/post"}],"author":[{"embeddable":true,"href":"https:\/\/karitaszkozpont.hu\/index.php?rest_route=\/wp\/v2\/users\/1"}],"replies":[{"embeddable":true,"href":"https:\/\/karitaszkozpont.hu\/index.php?rest_route=%2Fwp%2Fv2%2Fcomments&post=1198"}],"version-history":[{"count":1,"href":"https:\/\/karitaszkozpont.hu\/index.php?rest_route=\/wp\/v2\/posts\/1198\/revisions"}],"predecessor-version":[{"id":1199,"href":"https:\/\/karitaszkozpont.hu\/index.php?rest_route=\/wp\/v2\/posts\/1198\/revisions\/1199"}],"wp:featuredmedia":[{"embeddable":true,"href":"https:\/\/karitaszkozpont.hu\/index.php?rest_route=\/wp\/v2\/media\/1187"}],"wp:attachment":[{"href":"https:\/\/karitaszkozpont.hu\/index.php?rest_route=%2Fwp%2Fv2%2Fmedia&parent=1198"}],"wp:term":[{"taxonomy":"category","embeddable":true,"href":"https:\/\/karitaszkozpont.hu\/index.php?rest_route=%2Fwp%2Fv2%2Fcategories&post=1198"},{"taxonomy":"post_tag","embeddable":true,"href":"https:\/\/karitaszkozpont.hu\/index.php?rest_route=%2Fwp%2Fv2%2Ftags&post=1198"}],"curies":[{"name":"wp","href":"https:\/\/api.w.org\/{rel}","templated":true}]}}