{"id":1196,"date":"2021-04-17T13:56:40","date_gmt":"2021-04-17T11:56:40","guid":{"rendered":"http:\/\/karitaszkp.hu\/?p=1196"},"modified":"2021-04-17T13:56:40","modified_gmt":"2021-04-17T11:56:40","slug":"117-karitasz-egyperces","status":"publish","type":"post","link":"https:\/\/karitaszkozpont.hu\/?p=1196","title":{"rendered":"117. Karit\u00e1sz Egyperces"},"content":{"rendered":"\n<p class=\"has-white-color has-vivid-red-background-color has-text-color has-background has-large-font-size\"><strong>117. Irgalmas lelkek<\/strong><\/p>\n\n\n\n<p class=\"has-background\" style=\"background-color:#cacaca\"><em>\u201e<\/em><em>,A lelkeket, akik kimondhatatlan irgalmass\u00e1gomat tisztelni fogj\u00e1k, megv\u00e9dem \u00e9let\u00fckben \u00e9s f\u0151leg hal\u00e1luk \u00f3r\u00e1j\u00e1n, mint saj\u00e1t dics\u0151s\u00e9gemet.&#8221;&nbsp;<\/em><em>&nbsp;(Isteni irgalmass\u00e1g kilenced hetedik nap imaverse)<\/em><\/p>\n\n\n\n<p>Kedves Karit\u00e1sz \u00d6nk\u00e9ntesek, Munkat\u00e1rsak, Testv\u00e9rek az \u00darban!<\/p>\n\n\n\n<p>Az Irgalmass\u00e1g kilenced hetedik napj\u00e1n kinyilv\u00e1nul a Mennyei Atya \u00f6r\u00f6me mindazokban, akik az \u0150 legnagyobb tulajdons\u00e1g\u00e1t, irgalmass\u00e1g\u00e1t tisztelik.&nbsp;<strong>Az irgalmass\u00e1g<\/strong>&nbsp;nem csak az Aty\u00e1n\u00e1l m\u00falja fel\u00fcl az igazs\u00e1got (\u00fagy hogy az nem s\u00e9r\u00fcl), hanem&nbsp;<strong>a mi karit\u00e1sz szolg\u00e1latunk alapja \u00e9s ereje&nbsp;<\/strong>is ez.<\/p>\n\n\n\n<p>Mi nem m\u00e9ricsk\u00e9l\u00fcnk, nem b\u00edr\u00e1skodunk, hanem az irgalmass\u00e1g cselekedeteit vissz\u00fck v\u00e9gbe, amikor a r\u00e1szorul\u00f3knak, a hozz\u00e1nk fordul\u00f3knak seg\u00edts\u00e9get ny\u00fajtunk. Az igazs\u00e1g szerint j\u00e1runk el, amikor irgalmass\u00e1got cseleksz\u00fcnk, mert Isten az Igazs\u00e1g \u00e9s Irgalom egy\u00fctt. \u00c9ppen ez\u00e9rt, az \u0150 k\u00e9pviselt\u00e9ben j\u00e1rva, alapk\u00f6vetelm\u00e9ny sz\u00e1munkra, hogy ezzel a k\u00fcldet\u00e9studattal \u2013 h\u00e1tt\u00e9rbe szor\u00edtva a mi saj\u00e1t v\u00e9lem\u00e9ny\u00fcnket, szimp\u00e1ti\u00e1nkat, vagy ak\u00e1r esetleges ellen\u00e9rz\u00e9s\u00fcnket \u2013 k\u00f6vetkezetesen, igazs\u00e1gosan \u00e9s f\u0151leg szeretetteljesen, szem\u00e9lyesn t\u00f6r\u0151dj\u00fcnk testv\u00e9reinkkel, felebar\u00e1tainkkal. Emellett igazs\u00e1gosan is, beosztva er\u0151forr\u00e1sainkt, hiszen gazd\u00e1lkodnunk is kell az anyagi, az elm\u00fal\u00f3 javakkal.<\/p>\n\n\n\n<p>Nem is olyan k\u00f6nny\u0171 feladat ez, mert egyr\u00e9szt mi magunk is megosztottak, \u00e9rzelmesek, egy\u00e9nis\u00e9gek vagyunk \u00e9s van egy-egy helyzetr\u0151l v\u00e9lem\u00e9ny\u00fcnk. A hozz\u00e1nk fordul\u00f3, bajba jutottakat ki lehetne oktatni, lekezelni, okoskodni nekik, hogy hogyan kellett volna elker\u00fclj\u00e9k a bajt \u2013 de mindezt nem tessz\u00fck. Nem tessz\u00fck, mert nem vagynk b\u00edr\u00e1i senkinek. Sose felejts\u00fck el Szent Jakab apostol tan\u00edt\u00e1s\u00e1t:&nbsp;<em>\u201eEgy t\u00f6rv\u00e9nyhoz\u00f3 \u00e9s b\u00edr\u00f3 van, az, aki megmenthet \u00e9s elvesz\u00edthet. Te pedig ki vagy, hogy felebar\u00e1todat meg\u00edt\u00e9led?\u201d (Jak 4,12)<\/em><\/p>\n\n\n\n<p>V\u00e9lem\u00e9ny\u00fcnk lehet \u00e9s kell is, hogy legyen, hogy tapasztalatainkb\u00f3l fakad\u00f3 tan\u00e1csainkkal, szel\u00edden seg\u00edthess\u00fck a neh\u00e9z sors\u00faakat, de sose legy\u00fcnk kioktat\u00f3k. A k\u00fcldet\u00e9s\u00fcnk fel\u00fcl\u00edrja a mag\u00e1n v\u00e9lem\u00e9ny\u00fcnket, ugyanis mi k\u00f6z\u00f6ss\u00e9gben, az Egyh\u00e1z k\u00f6z\u00f6ss\u00e9g\u00e9ben, azaz az \u00dar nev\u00e9ben cseleksz\u00fcnk. Ha pedig az \u0150 nev\u00e9ben \u00e9s Neki szolg\u00e1lunk, akkor \u0150 maga vez\u00e9rel minket a Lelke \u00e1ltal. Hagyjuk, hogy \u00e1tj\u00e1rjon minket a Szentl\u00e9lek, Aki ott f\u00faj, ahol akar, a mi feladatunk pedig az, hogy felfogjuk kegyelmeit, eltelj\u00fcnk vele \u00e9s az \u0150 t\u00fcz\u00e9vel \u00e1titatott l\u00e9lekkel vigy\u00fck v\u00e9gbe k\u00fcldet\u00e9s\u00fcnket nagy t\u00fcrelemmel \u00e9s hozz\u00e1\u00e9rt\u00e9ssel!<\/p>\n\n\n\n<p>A r\u00e1szorul\u00f3kkal is k\u00f6z\u00f6ss\u00e9gben vagyunk, mert azt akarjuk, hogy \u0151k is szeress\u00e9k, tisztelj\u00e9k \u00e9s dics\u0151\u00edts\u00e9g az Istent.&nbsp;<strong>Szolidar\u00edt\u00e1s-v\u00e1llal\u00e1sunkb\u00f3l fakad benn\u00fck a megt\u00e9r\u00e9s cs\u00edr\u00e1ja, ami mindenkiben benne van.<\/strong>&nbsp;J\u00f3szavainkkal, gesztusainbkkal, szeretetteljes hozz\u00e1\u00e1ll\u00e1sunkkal, \u00e1ldozathozatalunkkal megind\u00edthajuk mindenkiben a felismer\u00e9st, hogy Isten j\u00f3 \u00e9s szeret minden embert, \u0151ket szem\u00e9lyesen is, \u00e9s nem hagyja el \u0151ket soha. Ez a viselked\u00e9s visszahat r\u00e1nk is, mi is meger\u0151s\u00f6d\u00fcnk t\u0151le a hitben \u00e9s szeretetben.<\/p>\n\n\n\n<p><strong>Boldogok lehet\u00fcnk, hogy Isten irgalmass\u00e1g\u00e1nak k\u00f6vetei vagyunk.<\/strong>&nbsp;R\u00f3lunk \u00e9s mindazokr\u00f3l sz\u00f3l Szent Fausztina n\u0151v\u00e9r jegyzete, akik Isten irgalmass\u00e1g\u00e1t tisztelik:<em>&nbsp;\u00d4k irgalmas sz\u00edvem \u00e9l\u0151 t\u00fck\u00f6rk\u00e9pei. Ezek a lelkek j\u00f6v\u0151 \u00e9let\u00fckben k\u00fcl\u00f6nleges f\u00e9nnyel fognak sug\u00e1rozni\u2026 Isten erej\u00e9vel meger\u0151s\u00f6d\u00f6tt lelkek ezek, b\u00e1tran haladnak el\u0151re minden szenved\u00e9sben \u00e9s megpr\u00f3b\u00e1ltat\u00e1sban, b\u00edzva irgalmass\u00e1godban. Ezek a lelkek egyes\u00fcltek J\u00e9zussal, \u00e9s v\u00e1llukon hordj\u00e1k az eg\u00e9sz emberis\u00e9get\u2026 Ezek a lelkek olyanok, mint egy \u00e9l\u0151 Evang\u00e9lium. Kez\u00fck telve az irgalmass\u00e1g tetteivel. \u00d6r\u00f6mmel telt lelk\u00fck az irgalmass\u00e1g dal\u00e1t \u00e9nekli a Mindenhat\u00f3nak.<\/em><\/p>\n\n\n\n<p>\u00c9s az \u00edg\u00e9ret sz\u00e1munkra:&nbsp;<em>\u201eK\u00f6z\u00fcl\u00fck egy sem hull a pokol t\u00fcz\u00e9be. Hal\u00e1luk \u00f3r\u00e1j\u00e1n mindegyik\u00fcket magam r\u00e9szes\u00edtem k\u00fcl\u00f6n\u00f6s v\u00e9delmemben. Nem s\u00fajtja \u0151ket szigor\u00fa \u00edt\u00e9leted, mert hal\u00e1luk \u00f3r\u00e1j\u00e1n a Te irgalmad \u00f6leli \u00e1t \u0151ket.\u201d<\/em><\/p>\n\n\n\n<p><strong><em>\u201eBoldogok az irgalmasok, mert nekik is irgalmaznak.\u201d (Mt 5,7)<\/em>&nbsp;&nbsp;Ez a mi j\u00f6v\u0151k\u00e9p\u00fcnk, c\u00e9lunk \u00e9s \u00e9let\u00fcnk Krisztusban, amit senki sem vehet el t\u0151l\u00fcnk.<\/strong><\/p>\n\n\n\n<p>Hirdet\u00e9sek:<\/p>\n\n\n\n<p>\u00b7&nbsp;&nbsp;&nbsp;&nbsp;&nbsp;&nbsp;&nbsp;&nbsp;&nbsp;A k\u00f6vetkez\u0151 karit\u00e1sz m\u0171sorunk a M\u00e1ria R\u00e1di\u00f3ban \u00e1prilis 28-\u00e1n 10.50 \u00f3rakor kezd\u0151dik.<\/p>\n\n\n\n<p>\u00b7&nbsp;&nbsp;&nbsp;&nbsp;&nbsp;&nbsp;&nbsp;&nbsp;&nbsp;Kor\u00e1bbi m\u0171soraink itt hallgathat\u00f3k meg:&nbsp;<a href=\"https:\/\/www.mariaradio.hu\/musor\/4814\/Tevekeny_Szeretet\" target=\"_blank\" rel=\"noreferrer noopener\">https:\/\/www.mariaradio.hu\/musor\/4814\/Tevekeny_Szeretet<\/a><\/p>\n\n\n\n<p>\u00b7&nbsp;&nbsp;&nbsp;&nbsp;&nbsp;&nbsp;&nbsp;&nbsp;&nbsp;Felh\u00edvom mindenki figyelm\u00e9t, hogy a facebook- \u00e9s weboldalunkon folyamatosan friss\u00fclnek a h\u00edreink.&nbsp;<a href=\"http:\/\/www.karitaszkp.hu\/\" target=\"_blank\" rel=\"noreferrer noopener\">www.karitaszkp.hu<\/a>&nbsp;,&nbsp;<a href=\"https:\/\/www.facebook.com\/szenterzsebetkaritaszkozpont\" target=\"_blank\" rel=\"noreferrer noopener\">Esztergom-Budapesti F\u0151egyh\u00e1zmegye Szent Erzs\u00e9bet Karit\u00e1sz K\u00f6zpont | Facebook<\/a><\/p>\n\n\n\n<p>\u00b7&nbsp;&nbsp;&nbsp;&nbsp;&nbsp;&nbsp;&nbsp;&nbsp;&nbsp;A Szent Erzs\u00e9bet Karit\u00e1sz K\u00f6zpont k\u00e9r\u00e9s\u00e9re f\u0151tisztelend\u0151 Feldhoffer Antal pl\u00e9b\u00e1nos atya minden els\u0151 h\u00e9tf\u0151n 15.30-kor karit\u00e1sz szentmis\u00e9t mutat be a 1035 Budapest, III. ker. K\u00f3rh\u00e1z u. 37. sz\u00e1m alatti Szent J\u00f3zsef templomban. Misesz\u00e1nd\u00e9k: \u00e9l\u0151 \u00e9s elhunyt karit\u00e1szosok\u00e9rt. A k\u00f6vetkez\u0151 alkalom kiv\u00e9telesen m\u00e1jus 3-\u00e1n lesz, mert az els\u0151 h\u00e9tf\u0151 h\u00fasv\u00e9th\u00e9tf\u0151. Rem\u00e9lj\u00fck, hogy a j\u00e1rv\u00e1ny\u00fcgyi korl\u00e1toz\u00e1sok addigra m\u00e1r nem lesznek sz\u00fcks\u00e9gesek!<\/p>\n\n\n\n<p>Csorba G\u00e1bor<\/p>\n\n\n\n<p>\u00e1lland\u00f3 diak\u00f3nus, karit\u00e1sz igazgat\u00f3<\/p>\n\n\n\n<p>Esztergom-Budapesti F\u0151egyh\u00e1zmegye<\/p>\n\n\n\n<p>Szent Erzs\u00e9bet Karit\u00e1sz K\u00f6zpont<\/p>\n\n\n\n<p class=\"has-background\" style=\"background-color:#cacaca\">Sz\u00e9khely:&nbsp;<a href=\"https:\/\/www.google.com\/maps\/search\/1067+Budapest,+Hunyadi+t%C3%A9r+3?entry=gmail&amp;source=g\">1067 Budapest, Hunyadi t\u00e9r 3<\/a>. f\u00e9lemelet 1.<\/p>\n\n\n\n<p class=\"has-background\" style=\"background-color:#cacaca\">Telefon: +36-1-351-1977<\/p>\n\n\n\n<p class=\"has-background\" style=\"background-color:#cacaca\">Mobil: +36-30-592-1483<\/p>\n\n\n\n<p class=\"has-background\" style=\"background-color:#cacaca\">E-mail:&nbsp;<a href=\"mailto:szenterzsebet@karitaszkozpont.hu\" target=\"_blank\" rel=\"noreferrer noopener\">szenterzsebet@karitaszkozpont.hu<\/a><\/p>\n\n\n\n<p class=\"has-background\" style=\"background-color:#cacaca\">Honlap:&nbsp;<a href=\"http:\/\/www.karitaszkp.hu\/\" target=\"_blank\" rel=\"noreferrer noopener\">www.karitaszkp.hu<\/a><\/p>\n\n\n\n<p class=\"has-background\" style=\"background-color:#cacaca\">A kor\u00e1bbi egypercesek itt \u00e9rhet\u0151k el:&nbsp;<a href=\"https:\/\/karitaszegypercesek.blogspot.com\/\" target=\"_blank\" rel=\"noreferrer noopener\">https:\/\/karitaszegypercesek.blogspot.com\/<\/a><\/p>\n","protected":false},"excerpt":{"rendered":"<p>117. Irgalmas lelkek \u201e,A lelkeket, akik kimondhatatlan irgalmass\u00e1gomat tisztelni fogj\u00e1k, megv\u00e9dem \u00e9let\u00fckben \u00e9s f\u0151leg hal\u00e1luk \u00f3r\u00e1j\u00e1n, mint saj\u00e1t dics\u0151s\u00e9gemet.&#8221;&nbsp;&nbsp;(Isteni irgalmass\u00e1g kilenced hetedik nap imaverse) Kedves Karit\u00e1sz \u00d6nk\u00e9ntesek, Munkat\u00e1rsak, Testv\u00e9rek az \u00darban! Az Irgalmass\u00e1g kilenced hetedik napj\u00e1n kinyilv\u00e1nul a Mennyei Atya \u00f6r\u00f6me mindazokban, akik az \u0150 legnagyobb tulajdons\u00e1g\u00e1t, irgalmass\u00e1g\u00e1t tisztelik.&nbsp;Az irgalmass\u00e1g&nbsp;nem csak az Aty\u00e1n\u00e1l m\u00falja fel\u00fcl &hellip; <\/p>\n<p class=\"link-more\"><a href=\"https:\/\/karitaszkozpont.hu\/?p=1196\" class=\"more-link\">Continue reading<span class=\"screen-reader-text\"> &#8222;117. Karit\u00e1sz Egyperces&#8221;<\/span><\/a><\/p>\n","protected":false},"author":1,"featured_media":563,"comment_status":"open","ping_status":"open","sticky":false,"template":"","format":"standard","meta":[],"categories":[8],"tags":[],"yoast_head":"<!-- This site is optimized with the Yoast SEO plugin v20.1 - https:\/\/yoast.com\/wordpress\/plugins\/seo\/ -->\n<title>117. Karit\u00e1sz Egyperces - Szent Erzs\u00e9bet Karit\u00e1sz K\u00f6zpont<\/title>\n<meta name=\"robots\" content=\"index, follow, max-snippet:-1, max-image-preview:large, max-video-preview:-1\" \/>\n<link rel=\"canonical\" href=\"https:\/\/karitaszkozpont.hu\/?p=1196\" \/>\n<meta property=\"og:locale\" content=\"hu_HU\" \/>\n<meta property=\"og:type\" content=\"article\" \/>\n<meta property=\"og:title\" content=\"117. Karit\u00e1sz Egyperces - Szent Erzs\u00e9bet Karit\u00e1sz K\u00f6zpont\" \/>\n<meta property=\"og:description\" content=\"117. Irgalmas lelkek \u201e,A lelkeket, akik kimondhatatlan irgalmass\u00e1gomat tisztelni fogj\u00e1k, megv\u00e9dem \u00e9let\u00fckben \u00e9s f\u0151leg hal\u00e1luk \u00f3r\u00e1j\u00e1n, mint saj\u00e1t dics\u0151s\u00e9gemet.&#8221;&nbsp;&nbsp;(Isteni irgalmass\u00e1g kilenced hetedik nap imaverse) Kedves Karit\u00e1sz \u00d6nk\u00e9ntesek, Munkat\u00e1rsak, Testv\u00e9rek az \u00darban! Az Irgalmass\u00e1g kilenced hetedik napj\u00e1n kinyilv\u00e1nul a Mennyei Atya \u00f6r\u00f6me mindazokban, akik az \u0150 legnagyobb tulajdons\u00e1g\u00e1t, irgalmass\u00e1g\u00e1t tisztelik.&nbsp;Az irgalmass\u00e1g&nbsp;nem csak az Aty\u00e1n\u00e1l m\u00falja fel\u00fcl &hellip; Continue reading &quot;117. Karit\u00e1sz Egyperces&quot;\" \/>\n<meta property=\"og:url\" content=\"https:\/\/karitaszkozpont.hu\/?p=1196\" \/>\n<meta property=\"og:site_name\" content=\"Szent Erzs\u00e9bet Karit\u00e1sz K\u00f6zpont\" \/>\n<meta property=\"article:published_time\" content=\"2021-04-17T11:56:40+00:00\" \/>\n<meta property=\"og:image\" content=\"https:\/\/karitaszkozpont.hu\/wp-content\/uploads\/2019\/07\/egyperceslogo.jpg\" \/>\n\t<meta property=\"og:image:width\" content=\"2300\" \/>\n\t<meta property=\"og:image:height\" content=\"1528\" \/>\n\t<meta property=\"og:image:type\" content=\"image\/jpeg\" \/>\n<meta name=\"author\" content=\"Karit\u00e1sz K\u00f6zpont\" \/>\n<meta name=\"twitter:card\" content=\"summary_large_image\" \/>\n<meta name=\"twitter:label1\" content=\"Szerz\u0151:\" \/>\n\t<meta name=\"twitter:data1\" content=\"Karit\u00e1sz K\u00f6zpont\" \/>\n\t<meta name=\"twitter:label2\" content=\"Becs\u00fclt olvas\u00e1si id\u0151\" \/>\n\t<meta name=\"twitter:data2\" content=\"3 perc\" \/>\n<script type=\"application\/ld+json\" class=\"yoast-schema-graph\">{\"@context\":\"https:\/\/schema.org\",\"@graph\":[{\"@type\":\"Article\",\"@id\":\"https:\/\/karitaszkozpont.hu\/?p=1196#article\",\"isPartOf\":{\"@id\":\"https:\/\/karitaszkozpont.hu\/?p=1196\"},\"author\":{\"name\":\"Karit\u00e1sz K\u00f6zpont\",\"@id\":\"https:\/\/karitaszkozpont.hu\/#\/schema\/person\/0d9c28244c111914ea13bb1248775e57\"},\"headline\":\"117. Karit\u00e1sz Egyperces\",\"datePublished\":\"2021-04-17T11:56:40+00:00\",\"dateModified\":\"2021-04-17T11:56:40+00:00\",\"mainEntityOfPage\":{\"@id\":\"https:\/\/karitaszkozpont.hu\/?p=1196\"},\"wordCount\":1065,\"commentCount\":0,\"publisher\":{\"@id\":\"https:\/\/karitaszkozpont.hu\/#organization\"},\"articleSection\":[\"Egypercesek\"],\"inLanguage\":\"hu\",\"potentialAction\":[{\"@type\":\"CommentAction\",\"name\":\"Comment\",\"target\":[\"https:\/\/karitaszkozpont.hu\/?p=1196#respond\"]}]},{\"@type\":\"WebPage\",\"@id\":\"https:\/\/karitaszkozpont.hu\/?p=1196\",\"url\":\"https:\/\/karitaszkozpont.hu\/?p=1196\",\"name\":\"117. Karit\u00e1sz Egyperces - Szent Erzs\u00e9bet Karit\u00e1sz K\u00f6zpont\",\"isPartOf\":{\"@id\":\"https:\/\/karitaszkozpont.hu\/#website\"},\"datePublished\":\"2021-04-17T11:56:40+00:00\",\"dateModified\":\"2021-04-17T11:56:40+00:00\",\"breadcrumb\":{\"@id\":\"https:\/\/karitaszkozpont.hu\/?p=1196#breadcrumb\"},\"inLanguage\":\"hu\",\"potentialAction\":[{\"@type\":\"ReadAction\",\"target\":[\"https:\/\/karitaszkozpont.hu\/?p=1196\"]}]},{\"@type\":\"BreadcrumbList\",\"@id\":\"https:\/\/karitaszkozpont.hu\/?p=1196#breadcrumb\",\"itemListElement\":[{\"@type\":\"ListItem\",\"position\":1,\"name\":\"Kezd\u0151lap\",\"item\":\"https:\/\/karitaszkozpont.hu\/\"},{\"@type\":\"ListItem\",\"position\":2,\"name\":\"117. Karit\u00e1sz Egyperces\"}]},{\"@type\":\"WebSite\",\"@id\":\"https:\/\/karitaszkozpont.hu\/#website\",\"url\":\"https:\/\/karitaszkozpont.hu\/\",\"name\":\"Szent Erzs\u00e9bet Karit\u00e1sz K\u00f6zpont\",\"description\":\"Esztergom-Budapesti F\u0151egyh\u00e1zmegye\",\"publisher\":{\"@id\":\"https:\/\/karitaszkozpont.hu\/#organization\"},\"potentialAction\":[{\"@type\":\"SearchAction\",\"target\":{\"@type\":\"EntryPoint\",\"urlTemplate\":\"https:\/\/karitaszkozpont.hu\/?s={search_term_string}\"},\"query-input\":\"required name=search_term_string\"}],\"inLanguage\":\"hu\"},{\"@type\":\"Organization\",\"@id\":\"https:\/\/karitaszkozpont.hu\/#organization\",\"name\":\"Szent Erzs\u00e9bet Karit\u00e1sz K\u00f6zpont\",\"url\":\"https:\/\/karitaszkozpont.hu\/\",\"logo\":{\"@type\":\"ImageObject\",\"inLanguage\":\"hu\",\"@id\":\"https:\/\/karitaszkozpont.hu\/#\/schema\/logo\/image\/\",\"url\":\"https:\/\/karitaszkp.hu\/wp-content\/uploads\/2019\/06\/cropped-logo-arnyekos-1.png\",\"contentUrl\":\"https:\/\/karitaszkp.hu\/wp-content\/uploads\/2019\/06\/cropped-logo-arnyekos-1.png\",\"width\":240,\"height\":247,\"caption\":\"Szent Erzs\u00e9bet Karit\u00e1sz K\u00f6zpont\"},\"image\":{\"@id\":\"https:\/\/karitaszkozpont.hu\/#\/schema\/logo\/image\/\"}},{\"@type\":\"Person\",\"@id\":\"https:\/\/karitaszkozpont.hu\/#\/schema\/person\/0d9c28244c111914ea13bb1248775e57\",\"name\":\"Karit\u00e1sz K\u00f6zpont\",\"image\":{\"@type\":\"ImageObject\",\"inLanguage\":\"hu\",\"@id\":\"https:\/\/karitaszkozpont.hu\/#\/schema\/person\/image\/\",\"url\":\"https:\/\/secure.gravatar.com\/avatar\/1274acd7c62f3cac92d2b38aad20c71b?s=96&d=mm&r=g\",\"contentUrl\":\"https:\/\/secure.gravatar.com\/avatar\/1274acd7c62f3cac92d2b38aad20c71b?s=96&d=mm&r=g\",\"caption\":\"Karit\u00e1sz K\u00f6zpont\"},\"url\":\"https:\/\/karitaszkozpont.hu\/?author=1\"}]}<\/script>\n<!-- \/ Yoast SEO plugin. -->","yoast_head_json":{"title":"117. Karit\u00e1sz Egyperces - Szent Erzs\u00e9bet Karit\u00e1sz K\u00f6zpont","robots":{"index":"index","follow":"follow","max-snippet":"max-snippet:-1","max-image-preview":"max-image-preview:large","max-video-preview":"max-video-preview:-1"},"canonical":"https:\/\/karitaszkozpont.hu\/?p=1196","og_locale":"hu_HU","og_type":"article","og_title":"117. Karit\u00e1sz Egyperces - Szent Erzs\u00e9bet Karit\u00e1sz K\u00f6zpont","og_description":"117. Irgalmas lelkek \u201e,A lelkeket, akik kimondhatatlan irgalmass\u00e1gomat tisztelni fogj\u00e1k, megv\u00e9dem \u00e9let\u00fckben \u00e9s f\u0151leg hal\u00e1luk \u00f3r\u00e1j\u00e1n, mint saj\u00e1t dics\u0151s\u00e9gemet.&#8221;&nbsp;&nbsp;(Isteni irgalmass\u00e1g kilenced hetedik nap imaverse) Kedves Karit\u00e1sz \u00d6nk\u00e9ntesek, Munkat\u00e1rsak, Testv\u00e9rek az \u00darban! Az Irgalmass\u00e1g kilenced hetedik napj\u00e1n kinyilv\u00e1nul a Mennyei Atya \u00f6r\u00f6me mindazokban, akik az \u0150 legnagyobb tulajdons\u00e1g\u00e1t, irgalmass\u00e1g\u00e1t tisztelik.&nbsp;Az irgalmass\u00e1g&nbsp;nem csak az Aty\u00e1n\u00e1l m\u00falja fel\u00fcl &hellip; Continue reading \"117. Karit\u00e1sz Egyperces\"","og_url":"https:\/\/karitaszkozpont.hu\/?p=1196","og_site_name":"Szent Erzs\u00e9bet Karit\u00e1sz K\u00f6zpont","article_published_time":"2021-04-17T11:56:40+00:00","og_image":[{"width":2300,"height":1528,"url":"https:\/\/karitaszkozpont.hu\/wp-content\/uploads\/2019\/07\/egyperceslogo.jpg","type":"image\/jpeg"}],"author":"Karit\u00e1sz K\u00f6zpont","twitter_card":"summary_large_image","twitter_misc":{"Szerz\u0151:":"Karit\u00e1sz K\u00f6zpont","Becs\u00fclt olvas\u00e1si id\u0151":"3 perc"},"schema":{"@context":"https:\/\/schema.org","@graph":[{"@type":"Article","@id":"https:\/\/karitaszkozpont.hu\/?p=1196#article","isPartOf":{"@id":"https:\/\/karitaszkozpont.hu\/?p=1196"},"author":{"name":"Karit\u00e1sz K\u00f6zpont","@id":"https:\/\/karitaszkozpont.hu\/#\/schema\/person\/0d9c28244c111914ea13bb1248775e57"},"headline":"117. Karit\u00e1sz Egyperces","datePublished":"2021-04-17T11:56:40+00:00","dateModified":"2021-04-17T11:56:40+00:00","mainEntityOfPage":{"@id":"https:\/\/karitaszkozpont.hu\/?p=1196"},"wordCount":1065,"commentCount":0,"publisher":{"@id":"https:\/\/karitaszkozpont.hu\/#organization"},"articleSection":["Egypercesek"],"inLanguage":"hu","potentialAction":[{"@type":"CommentAction","name":"Comment","target":["https:\/\/karitaszkozpont.hu\/?p=1196#respond"]}]},{"@type":"WebPage","@id":"https:\/\/karitaszkozpont.hu\/?p=1196","url":"https:\/\/karitaszkozpont.hu\/?p=1196","name":"117. Karit\u00e1sz Egyperces - Szent Erzs\u00e9bet Karit\u00e1sz K\u00f6zpont","isPartOf":{"@id":"https:\/\/karitaszkozpont.hu\/#website"},"datePublished":"2021-04-17T11:56:40+00:00","dateModified":"2021-04-17T11:56:40+00:00","breadcrumb":{"@id":"https:\/\/karitaszkozpont.hu\/?p=1196#breadcrumb"},"inLanguage":"hu","potentialAction":[{"@type":"ReadAction","target":["https:\/\/karitaszkozpont.hu\/?p=1196"]}]},{"@type":"BreadcrumbList","@id":"https:\/\/karitaszkozpont.hu\/?p=1196#breadcrumb","itemListElement":[{"@type":"ListItem","position":1,"name":"Kezd\u0151lap","item":"https:\/\/karitaszkozpont.hu\/"},{"@type":"ListItem","position":2,"name":"117. Karit\u00e1sz Egyperces"}]},{"@type":"WebSite","@id":"https:\/\/karitaszkozpont.hu\/#website","url":"https:\/\/karitaszkozpont.hu\/","name":"Szent Erzs\u00e9bet Karit\u00e1sz K\u00f6zpont","description":"Esztergom-Budapesti F\u0151egyh\u00e1zmegye","publisher":{"@id":"https:\/\/karitaszkozpont.hu\/#organization"},"potentialAction":[{"@type":"SearchAction","target":{"@type":"EntryPoint","urlTemplate":"https:\/\/karitaszkozpont.hu\/?s={search_term_string}"},"query-input":"required name=search_term_string"}],"inLanguage":"hu"},{"@type":"Organization","@id":"https:\/\/karitaszkozpont.hu\/#organization","name":"Szent Erzs\u00e9bet Karit\u00e1sz K\u00f6zpont","url":"https:\/\/karitaszkozpont.hu\/","logo":{"@type":"ImageObject","inLanguage":"hu","@id":"https:\/\/karitaszkozpont.hu\/#\/schema\/logo\/image\/","url":"https:\/\/karitaszkp.hu\/wp-content\/uploads\/2019\/06\/cropped-logo-arnyekos-1.png","contentUrl":"https:\/\/karitaszkp.hu\/wp-content\/uploads\/2019\/06\/cropped-logo-arnyekos-1.png","width":240,"height":247,"caption":"Szent Erzs\u00e9bet Karit\u00e1sz K\u00f6zpont"},"image":{"@id":"https:\/\/karitaszkozpont.hu\/#\/schema\/logo\/image\/"}},{"@type":"Person","@id":"https:\/\/karitaszkozpont.hu\/#\/schema\/person\/0d9c28244c111914ea13bb1248775e57","name":"Karit\u00e1sz K\u00f6zpont","image":{"@type":"ImageObject","inLanguage":"hu","@id":"https:\/\/karitaszkozpont.hu\/#\/schema\/person\/image\/","url":"https:\/\/secure.gravatar.com\/avatar\/1274acd7c62f3cac92d2b38aad20c71b?s=96&d=mm&r=g","contentUrl":"https:\/\/secure.gravatar.com\/avatar\/1274acd7c62f3cac92d2b38aad20c71b?s=96&d=mm&r=g","caption":"Karit\u00e1sz K\u00f6zpont"},"url":"https:\/\/karitaszkozpont.hu\/?author=1"}]}},"_links":{"self":[{"href":"https:\/\/karitaszkozpont.hu\/index.php?rest_route=\/wp\/v2\/posts\/1196"}],"collection":[{"href":"https:\/\/karitaszkozpont.hu\/index.php?rest_route=\/wp\/v2\/posts"}],"about":[{"href":"https:\/\/karitaszkozpont.hu\/index.php?rest_route=\/wp\/v2\/types\/post"}],"author":[{"embeddable":true,"href":"https:\/\/karitaszkozpont.hu\/index.php?rest_route=\/wp\/v2\/users\/1"}],"replies":[{"embeddable":true,"href":"https:\/\/karitaszkozpont.hu\/index.php?rest_route=%2Fwp%2Fv2%2Fcomments&post=1196"}],"version-history":[{"count":1,"href":"https:\/\/karitaszkozpont.hu\/index.php?rest_route=\/wp\/v2\/posts\/1196\/revisions"}],"predecessor-version":[{"id":1197,"href":"https:\/\/karitaszkozpont.hu\/index.php?rest_route=\/wp\/v2\/posts\/1196\/revisions\/1197"}],"wp:featuredmedia":[{"embeddable":true,"href":"https:\/\/karitaszkozpont.hu\/index.php?rest_route=\/wp\/v2\/media\/563"}],"wp:attachment":[{"href":"https:\/\/karitaszkozpont.hu\/index.php?rest_route=%2Fwp%2Fv2%2Fmedia&parent=1196"}],"wp:term":[{"taxonomy":"category","embeddable":true,"href":"https:\/\/karitaszkozpont.hu\/index.php?rest_route=%2Fwp%2Fv2%2Fcategories&post=1196"},{"taxonomy":"post_tag","embeddable":true,"href":"https:\/\/karitaszkozpont.hu\/index.php?rest_route=%2Fwp%2Fv2%2Ftags&post=1196"}],"curies":[{"name":"wp","href":"https:\/\/api.w.org\/{rel}","templated":true}]}}