{"id":1193,"date":"2021-04-15T09:41:10","date_gmt":"2021-04-15T07:41:10","guid":{"rendered":"http:\/\/karitaszkp.hu\/?p=1193"},"modified":"2021-04-15T10:18:53","modified_gmt":"2021-04-15T08:18:53","slug":"prevencios-muhelybeszelgetes-sorozatot-inditott-a-szent-erzsebet-karitasz-kozpont","status":"publish","type":"post","link":"https:\/\/karitaszkozpont.hu\/?p=1193","title":{"rendered":"Prevenci\u00f3s m\u0171helybesz\u00e9lget\u00e9s sorozatot ind\u00edtott a Szent Erzs\u00e9bet Karit\u00e1sz K\u00f6zpont"},"content":{"rendered":"\n<p class=\"has-white-color has-vivid-red-background-color has-text-color has-background has-large-font-size\"><strong>Prevenci\u00f3s m\u0171helybesz\u00e9lget\u00e9s sorozatot ind\u00edtott a Szent Erzs\u00e9bet Karit\u00e1sz K\u00f6zpont<\/strong><\/p>\n\n\n\n<p>\u00c1prilis 9-\u00e9n \u00faj programmal jelentkezett a Szent Erzs\u00e9bet Karit\u00e1sz K\u00f6zpont. A Szentatya \u00e1ltal meghirdetett csal\u00e1dok \u00e9ve alkalm\u00e1b\u00f3l mer\u00fclt fel az \u00f6tlet, hogy szakemberek bevon\u00e1s\u00e1val dolgozzuk fel&nbsp;<strong>a csal\u00e1dokat napjainkban \u00e9rint\u0151 kih\u00edv\u00e1sokat, \u00e9s azokra kereszt\u00e9ny v\u00e1laszokat fogalmazzunk meg<\/strong>. A besz\u00e9lget\u00e9sek alapj\u00e1ul a 2016-ban Ferenc p\u00e1pa \u00e1ltal kiadott Amoris Letitia apostoli buzd\u00edt\u00e1s szolg\u00e1l.<\/p>\n\n\n\n<p>A&nbsp;programsorozat a Budapest III. ker\u00fclet, \u00d3buda-B\u00e9k\u00e1smegyer \u00d6nkorm\u00e1nyzata t\u00e1mogat\u00e1s\u00e1val val\u00f3sul meg, \u00e9s a jelenlegi j\u00e1rv\u00e1ny\u00fcgyi korl\u00e1toz\u00e1soknak megfelel\u0151en online, \u00e9l\u0151 video stream form\u00e1j\u00e1ban ker\u00fcl megszervez\u00e9sre. &nbsp;<\/p>\n\n\n\n<p>Els\u0151 alkalmunk megh\u00edvott el\u0151ad\u00f3ja&nbsp;<strong>Dr. V\u00e1ry Annam\u00e1ria<\/strong>&nbsp;klinikai \u00e9s tan\u00e1csad\u00f3 szakpszichol\u00f3gus, pszichoterapeuta&nbsp;volt, akivel&nbsp;<strong>M\u00e1rton Andrea<\/strong>&nbsp;szociol\u00f3gus, szoci\u00e1lpolitikai szak\u00e9rt\u0151, a Szent Erzs\u00e9bet Karit\u00e1sz K\u00f6zpont szakmai irodavezet\u0151je besz\u00e9lgetett.&nbsp; A m\u0171helybesz\u00e9lget\u00e9s t\u00e9m\u00e1ja a csal\u00e1dokat \u00e9rint\u0151 k\u00fcl\u00f6nf\u00e9le lelki jelens\u00e9gek voltak \u00e9rzelmi, lelki, viselked\u00e9si szempontok ment\u00e9n, k\u00fcl\u00f6n\u00f6s tekintettel a sz\u00fcl\u0151-gyermek kapcsolatra. Mindennek a mostani pand\u00e9mi\u00e1s helyzet k\u00fcl\u00f6n aktualit\u00e1st is adott, hiszen amellett, hogy ez az id\u0151szak \u00faj, v\u00e1ratlan kih\u00edv\u00e1sokat t\u00e1masztott, bizonyos, a csal\u00e1don bel\u00fcl tapasztalhat\u00f3 neh\u00e9zs\u00e9geket fel is er\u0151s\u00edtett. Sz\u00f3 esett \u00e9letm\u00f3dbeli v\u00e1ltoz\u00e1sokr\u00f3l, a csal\u00e1di logisztik\u00e1r\u00f3l, testi \u00e9s ment\u00e1lis eg\u00e9szs\u00e9gmeg\u0151rz\u00e9sr\u0151l, emberi kapcsolataink v\u00e1ltoz\u00e1s\u00e1r\u00f3l \u00e9s az online terek vesz\u00e9ly\u00e9r\u0151l, helyes haszn\u00e1lat\u00e1r\u00f3l is. &nbsp;&nbsp;<\/p>\n\n\n\n<p>Az el\u0151ad\u00f3k sz\u00e1mos hasznos, gyakorlati tan\u00e1csot fogalmaztak meg els\u0151sorban sz\u00fcl\u0151k sz\u00e1m\u00e1ra, amelyek seg\u00edts\u00e9g\u00e9vel a neh\u00e9zs\u00e9gek elhatalmasod\u00e1sa megel\u0151zhet\u0151, a csal\u00e1d \u00e9lete kiegyens\u00falyozott\u00e1 tehet\u0151.<\/p>\n\n\n\n<p>Az online fel\u00fcleten az \u00e9rdekl\u0151d\u0151k lehet\u0151s\u00e9get kaptak arra is, hogy megfogalmazz\u00e1k k\u00e9rd\u00e9seiket, \u00e9szrev\u00e9teleiket, amelyekre az el\u0151ad\u00f3k reag\u00e1ltak, \u00edgy a lehet\u0151s\u00e9gek szerint egyfajta p\u00e1rbesz\u00e9d is ki tudott alakulni. Az el\u0151zetes regisztr\u00e1ci\u00f3 alapj\u00e1n l\u00e1that\u00f3 volt, hogy a m\u0171helybesz\u00e9lget\u00e9s ir\u00e1nt \u00e9rdekl\u0151d\u0151k k\u00f6z\u00f6tt a sz\u00e1mos, az eg\u00e9sz egyh\u00e1zmegye ter\u00fclet\u00e9r\u0151l jelentkez\u0151 karit\u00e1sz munkat\u00e1rs mellett t\u00f6bb eg\u00e9szs\u00e9g\u00fcgyi \u00e9s szoci\u00e1lis szakember is volt. &nbsp;<\/p>\n\n\n\n<p>Az els\u0151 el\u0151ad\u00e1s megtekinthet\u0151 a Szent Erzs\u00e9bet Karti\u00e1sz K\u00f6zpont hivatalos facebook oldal\u00e1n.<\/p>\n\n\n\n<p>A sorozat tov\u00e1bbi m\u0171helybesz\u00e9lget\u00e9sei v\u00e1rhat\u00f3an k\u00e9thetente, p\u00e9nteken ker\u00fclnek megrendez\u00e9sre:<\/p>\n\n\n\n<ul><li>2. alkalom: 2021. \u00e1prilis 23. p\u00e9ntek 10:00 \u2013 12:00<\/li><\/ul>\n\n\n\n<p>T\u00e9m\u00e1ja: F\u00e9rfi-n\u0151i szerepek, apas\u00e1g, anyas\u00e1g<\/p>\n\n\n\n<ul><li>3. alkalom: 2021. m\u00e1jus 7. p\u00e9ntek 10:00 \u2013 12:00.<\/li><\/ul>\n\n\n\n<p>T\u00e9m\u00e1ja: F\u00fcgg\u0151s\u00e9gek, p\u00f3tl\u00e9kok<\/p>\n\n\n\n<ul><li>4. alkalom: 2021. m\u00e1jus 21. p\u00e9ntek 10:00 \u2013 12:00.<\/li><\/ul>\n\n\n\n<p>T\u00e9m\u00e1ja: A v\u00e1ltoz\u00f3 t\u00e1rsadalmi, kultur\u00e1lis k\u00f6rnyezet, torzul\u00e1sok, ideol\u00f3gi\u00e1k\u2026<\/p>\n\n\n\n<p>Inform\u00e1ci\u00f3k\u00e9rt \u00e9s az el\u0151zetes regisztr\u00e1ci\u00f3 lehet\u0151s\u00e9g\u00e9\u00e9rt figyelj\u00e9k facebook-oldalunkat, \u00e9s a honlapunkat:&nbsp;<a href=\"http:\/\/www.karitaszkp.hu\/\" target=\"_blank\" rel=\"noreferrer noopener\">www.karitaszkp.hu<\/a>.<\/p>\n\n\n\n<p>A programsorozattal kapcsolatos k\u00e9rd\u00e9seiket, \u00e9szrev\u00e9teleiket eljuttathatj\u00e1k a Szent Erzs\u00e9bet Karit\u00e1sz K\u00f6zponthoz a facebook-oldalunkon, vagy a&nbsp;<a href=\"mailto:szenterzsebet@karitaszkozpont.hu\" target=\"_blank\" rel=\"noreferrer noopener\">szenterzsebet@karitaszkozpont.hu<\/a>&nbsp;e-mail c\u00edmen.&nbsp;<\/p>\n","protected":false},"excerpt":{"rendered":"<p>Prevenci\u00f3s m\u0171helybesz\u00e9lget\u00e9s sorozatot ind\u00edtott a Szent Erzs\u00e9bet Karit\u00e1sz K\u00f6zpont \u00c1prilis 9-\u00e9n \u00faj programmal jelentkezett a Szent Erzs\u00e9bet Karit\u00e1sz K\u00f6zpont. A Szentatya \u00e1ltal meghirdetett csal\u00e1dok \u00e9ve alkalm\u00e1b\u00f3l mer\u00fclt fel az \u00f6tlet, hogy szakemberek bevon\u00e1s\u00e1val dolgozzuk fel&nbsp;a csal\u00e1dokat napjainkban \u00e9rint\u0151 kih\u00edv\u00e1sokat, \u00e9s azokra kereszt\u00e9ny v\u00e1laszokat fogalmazzunk meg. A besz\u00e9lget\u00e9sek alapj\u00e1ul a 2016-ban Ferenc p\u00e1pa \u00e1ltal kiadott Amoris &hellip; <\/p>\n<p class=\"link-more\"><a href=\"https:\/\/karitaszkozpont.hu\/?p=1193\" class=\"more-link\">Continue reading<span class=\"screen-reader-text\"> &#8222;Prevenci\u00f3s m\u0171helybesz\u00e9lget\u00e9s sorozatot ind\u00edtott a Szent Erzs\u00e9bet Karit\u00e1sz K\u00f6zpont&#8221;<\/span><\/a><\/p>\n","protected":false},"author":1,"featured_media":1187,"comment_status":"open","ping_status":"open","sticky":false,"template":"","format":"standard","meta":[],"categories":[4],"tags":[],"yoast_head":"<!-- This site is optimized with the Yoast SEO plugin v20.1 - https:\/\/yoast.com\/wordpress\/plugins\/seo\/ -->\n<title>Prevenci\u00f3s m\u0171helybesz\u00e9lget\u00e9s sorozatot ind\u00edtott a Szent Erzs\u00e9bet Karit\u00e1sz K\u00f6zpont - Szent Erzs\u00e9bet Karit\u00e1sz K\u00f6zpont<\/title>\n<meta name=\"robots\" content=\"index, follow, max-snippet:-1, max-image-preview:large, max-video-preview:-1\" \/>\n<link rel=\"canonical\" href=\"https:\/\/karitaszkozpont.hu\/?p=1193\" \/>\n<meta property=\"og:locale\" content=\"hu_HU\" \/>\n<meta property=\"og:type\" content=\"article\" \/>\n<meta property=\"og:title\" content=\"Prevenci\u00f3s m\u0171helybesz\u00e9lget\u00e9s sorozatot ind\u00edtott a Szent Erzs\u00e9bet Karit\u00e1sz K\u00f6zpont - Szent Erzs\u00e9bet Karit\u00e1sz K\u00f6zpont\" \/>\n<meta property=\"og:description\" content=\"Prevenci\u00f3s m\u0171helybesz\u00e9lget\u00e9s sorozatot ind\u00edtott a Szent Erzs\u00e9bet Karit\u00e1sz K\u00f6zpont \u00c1prilis 9-\u00e9n \u00faj programmal jelentkezett a Szent Erzs\u00e9bet Karit\u00e1sz K\u00f6zpont. A Szentatya \u00e1ltal meghirdetett csal\u00e1dok \u00e9ve alkalm\u00e1b\u00f3l mer\u00fclt fel az \u00f6tlet, hogy szakemberek bevon\u00e1s\u00e1val dolgozzuk fel&nbsp;a csal\u00e1dokat napjainkban \u00e9rint\u0151 kih\u00edv\u00e1sokat, \u00e9s azokra kereszt\u00e9ny v\u00e1laszokat fogalmazzunk meg. A besz\u00e9lget\u00e9sek alapj\u00e1ul a 2016-ban Ferenc p\u00e1pa \u00e1ltal kiadott Amoris &hellip; Continue reading &quot;Prevenci\u00f3s m\u0171helybesz\u00e9lget\u00e9s sorozatot ind\u00edtott a Szent Erzs\u00e9bet Karit\u00e1sz K\u00f6zpont&quot;\" \/>\n<meta property=\"og:url\" content=\"https:\/\/karitaszkozpont.hu\/?p=1193\" \/>\n<meta property=\"og:site_name\" content=\"Szent Erzs\u00e9bet Karit\u00e1sz K\u00f6zpont\" \/>\n<meta property=\"article:published_time\" content=\"2021-04-15T07:41:10+00:00\" \/>\n<meta property=\"article:modified_time\" content=\"2021-04-15T08:18:53+00:00\" \/>\n<meta property=\"og:image\" content=\"https:\/\/karitaszkozpont.hu\/wp-content\/uploads\/2021\/04\/csalad.jpg\" \/>\n\t<meta property=\"og:image:width\" content=\"2040\" \/>\n\t<meta property=\"og:image:height\" content=\"1263\" \/>\n\t<meta property=\"og:image:type\" content=\"image\/jpeg\" \/>\n<meta name=\"author\" content=\"Karit\u00e1sz K\u00f6zpont\" \/>\n<meta name=\"twitter:card\" content=\"summary_large_image\" \/>\n<meta name=\"twitter:label1\" content=\"Szerz\u0151:\" \/>\n\t<meta name=\"twitter:data1\" content=\"Karit\u00e1sz K\u00f6zpont\" \/>\n\t<meta name=\"twitter:label2\" content=\"Becs\u00fclt olvas\u00e1si id\u0151\" \/>\n\t<meta name=\"twitter:data2\" content=\"2 perc\" \/>\n<script type=\"application\/ld+json\" class=\"yoast-schema-graph\">{\"@context\":\"https:\/\/schema.org\",\"@graph\":[{\"@type\":\"Article\",\"@id\":\"https:\/\/karitaszkozpont.hu\/?p=1193#article\",\"isPartOf\":{\"@id\":\"https:\/\/karitaszkozpont.hu\/?p=1193\"},\"author\":{\"name\":\"Karit\u00e1sz K\u00f6zpont\",\"@id\":\"https:\/\/karitaszkozpont.hu\/#\/schema\/person\/0d9c28244c111914ea13bb1248775e57\"},\"headline\":\"Prevenci\u00f3s m\u0171helybesz\u00e9lget\u00e9s sorozatot ind\u00edtott a Szent Erzs\u00e9bet Karit\u00e1sz K\u00f6zpont\",\"datePublished\":\"2021-04-15T07:41:10+00:00\",\"dateModified\":\"2021-04-15T08:18:53+00:00\",\"mainEntityOfPage\":{\"@id\":\"https:\/\/karitaszkozpont.hu\/?p=1193\"},\"wordCount\":611,\"commentCount\":0,\"publisher\":{\"@id\":\"https:\/\/karitaszkozpont.hu\/#organization\"},\"articleSection\":[\"H\u00edrek\"],\"inLanguage\":\"hu\",\"potentialAction\":[{\"@type\":\"CommentAction\",\"name\":\"Comment\",\"target\":[\"https:\/\/karitaszkozpont.hu\/?p=1193#respond\"]}]},{\"@type\":\"WebPage\",\"@id\":\"https:\/\/karitaszkozpont.hu\/?p=1193\",\"url\":\"https:\/\/karitaszkozpont.hu\/?p=1193\",\"name\":\"Prevenci\u00f3s m\u0171helybesz\u00e9lget\u00e9s sorozatot ind\u00edtott a Szent Erzs\u00e9bet Karit\u00e1sz K\u00f6zpont - Szent Erzs\u00e9bet Karit\u00e1sz K\u00f6zpont\",\"isPartOf\":{\"@id\":\"https:\/\/karitaszkozpont.hu\/#website\"},\"datePublished\":\"2021-04-15T07:41:10+00:00\",\"dateModified\":\"2021-04-15T08:18:53+00:00\",\"breadcrumb\":{\"@id\":\"https:\/\/karitaszkozpont.hu\/?p=1193#breadcrumb\"},\"inLanguage\":\"hu\",\"potentialAction\":[{\"@type\":\"ReadAction\",\"target\":[\"https:\/\/karitaszkozpont.hu\/?p=1193\"]}]},{\"@type\":\"BreadcrumbList\",\"@id\":\"https:\/\/karitaszkozpont.hu\/?p=1193#breadcrumb\",\"itemListElement\":[{\"@type\":\"ListItem\",\"position\":1,\"name\":\"Kezd\u0151lap\",\"item\":\"https:\/\/karitaszkozpont.hu\/\"},{\"@type\":\"ListItem\",\"position\":2,\"name\":\"Prevenci\u00f3s m\u0171helybesz\u00e9lget\u00e9s sorozatot ind\u00edtott a Szent Erzs\u00e9bet Karit\u00e1sz K\u00f6zpont\"}]},{\"@type\":\"WebSite\",\"@id\":\"https:\/\/karitaszkozpont.hu\/#website\",\"url\":\"https:\/\/karitaszkozpont.hu\/\",\"name\":\"Szent Erzs\u00e9bet Karit\u00e1sz K\u00f6zpont\",\"description\":\"Esztergom-Budapesti F\u0151egyh\u00e1zmegye\",\"publisher\":{\"@id\":\"https:\/\/karitaszkozpont.hu\/#organization\"},\"potentialAction\":[{\"@type\":\"SearchAction\",\"target\":{\"@type\":\"EntryPoint\",\"urlTemplate\":\"https:\/\/karitaszkozpont.hu\/?s={search_term_string}\"},\"query-input\":\"required name=search_term_string\"}],\"inLanguage\":\"hu\"},{\"@type\":\"Organization\",\"@id\":\"https:\/\/karitaszkozpont.hu\/#organization\",\"name\":\"Szent Erzs\u00e9bet Karit\u00e1sz K\u00f6zpont\",\"url\":\"https:\/\/karitaszkozpont.hu\/\",\"logo\":{\"@type\":\"ImageObject\",\"inLanguage\":\"hu\",\"@id\":\"https:\/\/karitaszkozpont.hu\/#\/schema\/logo\/image\/\",\"url\":\"https:\/\/karitaszkp.hu\/wp-content\/uploads\/2019\/06\/cropped-logo-arnyekos-1.png\",\"contentUrl\":\"https:\/\/karitaszkp.hu\/wp-content\/uploads\/2019\/06\/cropped-logo-arnyekos-1.png\",\"width\":240,\"height\":247,\"caption\":\"Szent Erzs\u00e9bet Karit\u00e1sz K\u00f6zpont\"},\"image\":{\"@id\":\"https:\/\/karitaszkozpont.hu\/#\/schema\/logo\/image\/\"}},{\"@type\":\"Person\",\"@id\":\"https:\/\/karitaszkozpont.hu\/#\/schema\/person\/0d9c28244c111914ea13bb1248775e57\",\"name\":\"Karit\u00e1sz K\u00f6zpont\",\"image\":{\"@type\":\"ImageObject\",\"inLanguage\":\"hu\",\"@id\":\"https:\/\/karitaszkozpont.hu\/#\/schema\/person\/image\/\",\"url\":\"https:\/\/secure.gravatar.com\/avatar\/1274acd7c62f3cac92d2b38aad20c71b?s=96&d=mm&r=g\",\"contentUrl\":\"https:\/\/secure.gravatar.com\/avatar\/1274acd7c62f3cac92d2b38aad20c71b?s=96&d=mm&r=g\",\"caption\":\"Karit\u00e1sz K\u00f6zpont\"},\"url\":\"https:\/\/karitaszkozpont.hu\/?author=1\"}]}<\/script>\n<!-- \/ Yoast SEO plugin. -->","yoast_head_json":{"title":"Prevenci\u00f3s m\u0171helybesz\u00e9lget\u00e9s sorozatot ind\u00edtott a Szent Erzs\u00e9bet Karit\u00e1sz K\u00f6zpont - Szent Erzs\u00e9bet Karit\u00e1sz K\u00f6zpont","robots":{"index":"index","follow":"follow","max-snippet":"max-snippet:-1","max-image-preview":"max-image-preview:large","max-video-preview":"max-video-preview:-1"},"canonical":"https:\/\/karitaszkozpont.hu\/?p=1193","og_locale":"hu_HU","og_type":"article","og_title":"Prevenci\u00f3s m\u0171helybesz\u00e9lget\u00e9s sorozatot ind\u00edtott a Szent Erzs\u00e9bet Karit\u00e1sz K\u00f6zpont - Szent Erzs\u00e9bet Karit\u00e1sz K\u00f6zpont","og_description":"Prevenci\u00f3s m\u0171helybesz\u00e9lget\u00e9s sorozatot ind\u00edtott a Szent Erzs\u00e9bet Karit\u00e1sz K\u00f6zpont \u00c1prilis 9-\u00e9n \u00faj programmal jelentkezett a Szent Erzs\u00e9bet Karit\u00e1sz K\u00f6zpont. A Szentatya \u00e1ltal meghirdetett csal\u00e1dok \u00e9ve alkalm\u00e1b\u00f3l mer\u00fclt fel az \u00f6tlet, hogy szakemberek bevon\u00e1s\u00e1val dolgozzuk fel&nbsp;a csal\u00e1dokat napjainkban \u00e9rint\u0151 kih\u00edv\u00e1sokat, \u00e9s azokra kereszt\u00e9ny v\u00e1laszokat fogalmazzunk meg. A besz\u00e9lget\u00e9sek alapj\u00e1ul a 2016-ban Ferenc p\u00e1pa \u00e1ltal kiadott Amoris &hellip; Continue reading \"Prevenci\u00f3s m\u0171helybesz\u00e9lget\u00e9s sorozatot ind\u00edtott a Szent Erzs\u00e9bet Karit\u00e1sz K\u00f6zpont\"","og_url":"https:\/\/karitaszkozpont.hu\/?p=1193","og_site_name":"Szent Erzs\u00e9bet Karit\u00e1sz K\u00f6zpont","article_published_time":"2021-04-15T07:41:10+00:00","article_modified_time":"2021-04-15T08:18:53+00:00","og_image":[{"width":2040,"height":1263,"url":"https:\/\/karitaszkozpont.hu\/wp-content\/uploads\/2021\/04\/csalad.jpg","type":"image\/jpeg"}],"author":"Karit\u00e1sz K\u00f6zpont","twitter_card":"summary_large_image","twitter_misc":{"Szerz\u0151:":"Karit\u00e1sz K\u00f6zpont","Becs\u00fclt olvas\u00e1si id\u0151":"2 perc"},"schema":{"@context":"https:\/\/schema.org","@graph":[{"@type":"Article","@id":"https:\/\/karitaszkozpont.hu\/?p=1193#article","isPartOf":{"@id":"https:\/\/karitaszkozpont.hu\/?p=1193"},"author":{"name":"Karit\u00e1sz K\u00f6zpont","@id":"https:\/\/karitaszkozpont.hu\/#\/schema\/person\/0d9c28244c111914ea13bb1248775e57"},"headline":"Prevenci\u00f3s m\u0171helybesz\u00e9lget\u00e9s sorozatot ind\u00edtott a Szent Erzs\u00e9bet Karit\u00e1sz K\u00f6zpont","datePublished":"2021-04-15T07:41:10+00:00","dateModified":"2021-04-15T08:18:53+00:00","mainEntityOfPage":{"@id":"https:\/\/karitaszkozpont.hu\/?p=1193"},"wordCount":611,"commentCount":0,"publisher":{"@id":"https:\/\/karitaszkozpont.hu\/#organization"},"articleSection":["H\u00edrek"],"inLanguage":"hu","potentialAction":[{"@type":"CommentAction","name":"Comment","target":["https:\/\/karitaszkozpont.hu\/?p=1193#respond"]}]},{"@type":"WebPage","@id":"https:\/\/karitaszkozpont.hu\/?p=1193","url":"https:\/\/karitaszkozpont.hu\/?p=1193","name":"Prevenci\u00f3s m\u0171helybesz\u00e9lget\u00e9s sorozatot ind\u00edtott a Szent Erzs\u00e9bet Karit\u00e1sz K\u00f6zpont - Szent Erzs\u00e9bet Karit\u00e1sz K\u00f6zpont","isPartOf":{"@id":"https:\/\/karitaszkozpont.hu\/#website"},"datePublished":"2021-04-15T07:41:10+00:00","dateModified":"2021-04-15T08:18:53+00:00","breadcrumb":{"@id":"https:\/\/karitaszkozpont.hu\/?p=1193#breadcrumb"},"inLanguage":"hu","potentialAction":[{"@type":"ReadAction","target":["https:\/\/karitaszkozpont.hu\/?p=1193"]}]},{"@type":"BreadcrumbList","@id":"https:\/\/karitaszkozpont.hu\/?p=1193#breadcrumb","itemListElement":[{"@type":"ListItem","position":1,"name":"Kezd\u0151lap","item":"https:\/\/karitaszkozpont.hu\/"},{"@type":"ListItem","position":2,"name":"Prevenci\u00f3s m\u0171helybesz\u00e9lget\u00e9s sorozatot ind\u00edtott a Szent Erzs\u00e9bet Karit\u00e1sz K\u00f6zpont"}]},{"@type":"WebSite","@id":"https:\/\/karitaszkozpont.hu\/#website","url":"https:\/\/karitaszkozpont.hu\/","name":"Szent Erzs\u00e9bet Karit\u00e1sz K\u00f6zpont","description":"Esztergom-Budapesti F\u0151egyh\u00e1zmegye","publisher":{"@id":"https:\/\/karitaszkozpont.hu\/#organization"},"potentialAction":[{"@type":"SearchAction","target":{"@type":"EntryPoint","urlTemplate":"https:\/\/karitaszkozpont.hu\/?s={search_term_string}"},"query-input":"required name=search_term_string"}],"inLanguage":"hu"},{"@type":"Organization","@id":"https:\/\/karitaszkozpont.hu\/#organization","name":"Szent Erzs\u00e9bet Karit\u00e1sz K\u00f6zpont","url":"https:\/\/karitaszkozpont.hu\/","logo":{"@type":"ImageObject","inLanguage":"hu","@id":"https:\/\/karitaszkozpont.hu\/#\/schema\/logo\/image\/","url":"https:\/\/karitaszkp.hu\/wp-content\/uploads\/2019\/06\/cropped-logo-arnyekos-1.png","contentUrl":"https:\/\/karitaszkp.hu\/wp-content\/uploads\/2019\/06\/cropped-logo-arnyekos-1.png","width":240,"height":247,"caption":"Szent Erzs\u00e9bet Karit\u00e1sz K\u00f6zpont"},"image":{"@id":"https:\/\/karitaszkozpont.hu\/#\/schema\/logo\/image\/"}},{"@type":"Person","@id":"https:\/\/karitaszkozpont.hu\/#\/schema\/person\/0d9c28244c111914ea13bb1248775e57","name":"Karit\u00e1sz K\u00f6zpont","image":{"@type":"ImageObject","inLanguage":"hu","@id":"https:\/\/karitaszkozpont.hu\/#\/schema\/person\/image\/","url":"https:\/\/secure.gravatar.com\/avatar\/1274acd7c62f3cac92d2b38aad20c71b?s=96&d=mm&r=g","contentUrl":"https:\/\/secure.gravatar.com\/avatar\/1274acd7c62f3cac92d2b38aad20c71b?s=96&d=mm&r=g","caption":"Karit\u00e1sz K\u00f6zpont"},"url":"https:\/\/karitaszkozpont.hu\/?author=1"}]}},"_links":{"self":[{"href":"https:\/\/karitaszkozpont.hu\/index.php?rest_route=\/wp\/v2\/posts\/1193"}],"collection":[{"href":"https:\/\/karitaszkozpont.hu\/index.php?rest_route=\/wp\/v2\/posts"}],"about":[{"href":"https:\/\/karitaszkozpont.hu\/index.php?rest_route=\/wp\/v2\/types\/post"}],"author":[{"embeddable":true,"href":"https:\/\/karitaszkozpont.hu\/index.php?rest_route=\/wp\/v2\/users\/1"}],"replies":[{"embeddable":true,"href":"https:\/\/karitaszkozpont.hu\/index.php?rest_route=%2Fwp%2Fv2%2Fcomments&post=1193"}],"version-history":[{"count":1,"href":"https:\/\/karitaszkozpont.hu\/index.php?rest_route=\/wp\/v2\/posts\/1193\/revisions"}],"predecessor-version":[{"id":1194,"href":"https:\/\/karitaszkozpont.hu\/index.php?rest_route=\/wp\/v2\/posts\/1193\/revisions\/1194"}],"wp:featuredmedia":[{"embeddable":true,"href":"https:\/\/karitaszkozpont.hu\/index.php?rest_route=\/wp\/v2\/media\/1187"}],"wp:attachment":[{"href":"https:\/\/karitaszkozpont.hu\/index.php?rest_route=%2Fwp%2Fv2%2Fmedia&parent=1193"}],"wp:term":[{"taxonomy":"category","embeddable":true,"href":"https:\/\/karitaszkozpont.hu\/index.php?rest_route=%2Fwp%2Fv2%2Fcategories&post=1193"},{"taxonomy":"post_tag","embeddable":true,"href":"https:\/\/karitaszkozpont.hu\/index.php?rest_route=%2Fwp%2Fv2%2Ftags&post=1193"}],"curies":[{"name":"wp","href":"https:\/\/api.w.org\/{rel}","templated":true}]}}