{"id":1190,"date":"2021-04-11T19:59:01","date_gmt":"2021-04-11T17:59:01","guid":{"rendered":"http:\/\/karitaszkp.hu\/?p=1190"},"modified":"2021-04-11T19:59:02","modified_gmt":"2021-04-11T17:59:02","slug":"116-karitasz-egyperces","status":"publish","type":"post","link":"https:\/\/karitaszkozpont.hu\/?p=1190","title":{"rendered":"116. Karit\u00e1sz Egyperces"},"content":{"rendered":"\n<p class=\"has-white-color has-vivid-red-background-color has-text-color has-background has-large-font-size\"><strong>116. F\u00e9nyes h\u00e9ten<\/strong><\/p>\n\n\n\n<p class=\"has-background\" style=\"background-color:#cacaca\"><em>\u201e<\/em><em>A lelket, ki Ur\u00e1nak j\u00f3s\u00e1g\u00e1t hirdeti, Isten k\u00fcl\u00f6n\u00f6sk\u00e9ppen szereti.<\/em><\/p>\n\n\n\n<p class=\"has-background\" style=\"background-color:#cacaca\"><em>Mindig k\u00f6zel van az \u00e9l\u0151 v\u00edz forr\u00e1s\u00e1hoz, Ki kegyelmet mer\u00edt az Isten irgalm\u00e1b\u00f3l.<\/em><\/p>\n\n\n\n<p class=\"has-background\" style=\"background-color:#cacaca\"><em>(Isteni irgalmass\u00e1g kilenced hetedik nap imaverse)<\/em><\/p>\n\n\n\n<p>Kedves Karit\u00e1sz \u00d6nk\u00e9ntesek, Munkat\u00e1rsak, Testv\u00e9rek az \u00darban!<\/p>\n\n\n\n<p>Ahogy a Szent J\u00e1nos apostol a saj\u00e1t evang\u00e9lium\u00e1ban nevezi \u00f6nmag\u00e1t&nbsp;<em>a szeretett tan\u00edtv\u00e1nynak<\/em>, \u00e9s e kiemel\u00e9s szent\u00edr\u00e1si, evang\u00e9liumi rangot kapott, \u00fagy mindenkinek lehet kedvenc szent\u00edr\u00e1si szakasza, im\u00e1ja, kedvenc \u00e9neke, szentk\u00e9pe, de ak\u00e1r lehetnek, s\u0151t vannak is mindenkinek olyan kedvenc szem\u00e9lyei, akik a saj\u00e1t lelki fejl\u0151d\u00e9s\u00e9nek, \u00f6nazonoss\u00e1g\u00e1nak, hit\u00e9nek kialakul\u00e1s\u00e1ban k\u00fcl\u00f6nleges \u00e9s t\u00f6bblet szerepet t\u00f6ltenek be.<\/p>\n\n\n\n<p>Maga a Mennyei Atya is kiv\u00e9telez, amikor t\u00f6bbsz\u00f6r hangoztatja az \u00e9gb\u0151l, hogy&nbsp;<em>\u201eez az \u00e9n szeretett fiam, benne telik kedvem, \u0150t hallgass\u00e1tok\u201d (Mt 17,5)<\/em>. Minden sz\u00fcl\u0151nek lehet kedvenc gyermeke, minden embernek lehetnek kiemelten vonz\u00f3 szem\u00e9lyek az \u00e9let\u00e9ben \u2013 ezen a kiemelked\u0151 \u00e9rdekl\u0151d\u00e9s, vonz\u00f3d\u00e1s, figyelem az alapja a szerelemnek, a h\u00e1zass\u00e1gnak, a csal\u00e1dnak, a nemzed\u00e9kek fejl\u0151d\u00e9s\u00e9nek, az \u00e9let tov\u00e1bbad\u00e1s\u00e1nak. Mindez teh\u00e1t Isten terve, s\u0151t v\u00e1gya szerint van.<\/p>\n\n\n\n<p>Ami viszont l\u00e9nyeges, \u00e9s a hat\u00e1ra a kiemelked\u0151 kedvel\u00e9snek, az a szeretet parancsa, amit szint\u00e9n az Isten adott nek\u00fcnk az \u00dar felh\u00edv\u00e1s\u00e1n kereszt\u00fcl:&nbsp;<em>\u00fagy szeress\u00e9tek egym\u00e1st, ahogy \u00e9n szerettelek benneteket!\u201d (Jn 15,12)<\/em>&nbsp;\u2013 azaz, legy\u00fcnk k\u00e9szek mindenki\u00e9rt \u00e1ldozathozatalra a m\u00e1sik szem\u00e9ly \u00fcdv\u00f6ss\u00e9ge \u00e9rdek\u00e9ben, \u00e9s senkit se szeress\u00fcnk a m\u00e1sik k\u00e1r\u00e1ra, rov\u00e1r\u00e1sa.<\/p>\n\n\n\n<p>\u00c9ppen a szeretet egyetemess\u00e9ge (katolikus), az Isten el\u0151tti egyenl\u0151s\u00e9g adja az alapvet\u0151 emberi jogokat is, ami az emberek egym\u00e1ssal szembeni egyenl\u0151 b\u00e1n\u00e1sm\u00f3dj\u00e1t az erk\u00f6lcsben \u00e9s a jogban is meghat\u00e1rozza. Az egyenl\u0151s\u00e9g azonban semmik\u00e9ppen sem jelent egyformas\u00e1got, hiszen Isten szem\u00e9lyre szabottan adja talentumokat, amivel nem csak a magunk \u00fcdv\u00f6ss\u00e9g\u00e9t, hanem s\u0151t \u00e9s legink\u00e1bb m\u00e1sok jav\u00e1t tudjuk szolg\u00e1lni.<\/p>\n\n\n\n<p>Mi \u00e9ppen avval seg\u00edt\u00fcnk magunkon, hogy m\u00e1sokon seg\u00edt\u00fcnk.&nbsp;<strong>Mi karit\u00e1szosok, h\u00e1l\u00e1sak lehet\u00fcnk az\u00e9rt, hogy kinyilv\u00e1n\u00edtva szolg\u00e1lhatunk az Egyh\u00e1z nev\u00e9ben, keret\u00e9ben.<\/strong>&nbsp;Menn\u00e9l jobban feledkez\u00fcnk el, \u00f6nmagunkr\u00f3l \u00e9s tudunk meghozni \u00e1ldozatokat szeretteink\u00e9rt, testv\u00e9reink\u00e9rt, felebar\u00e1taink\u00e9rt, ann\u00e1l nagyobb m\u00e9rt\u00e9kben ker\u00fcl\u00fcnk mi magunk is k\u00f6zelebb az egy szent \u00e9s igaz Istenhez. A gy\u0151zelmes, felt\u00e1madt Krisztus \u00e1ldozathozatal\u00e1t fejezi ki az \u00e9g\u0151 gyertya. Krisztus maga a f\u00e9ny, a vil\u00e1goss\u00e1g, akinek f\u00e9nye belehas\u00edt a gonoszs\u00e1g \u00e9jszak\u00e1j\u00e1ba. \u0150 az, aki f\u00e9nyt hoz, vil\u00e1g\u00edt nek\u00fcnk, \u00e1ldozatot hoz (s\u0151t maga az \u00e1ldozat) \u00e9s ek\u00f6zben elfogy, el\u00e9g (a h\u00fasv\u00e9ti, felt\u00e1mad\u00e1si gyertya eg\u00e9sz \u00e9vben \u00e9rt\u00fcnk \u00e9g), de ezt fejezi ki a J\u00e9zus tan\u00edt\u00e1sa is:&nbsp;<em>\u201eHa a b\u00fazaszem nem hull a f\u00f6ldbe, \u00e9s nem hal el, egymaga marad, de ha elhal, sok term\u00e9st hoz.\u201d (Jn 24,12).<\/em><\/p>\n\n\n\n<p>A f\u00e9nyes h\u00e9ten j\u00e1runk, mindent beragyok h\u00fasv\u00e9t aranyf\u00e9nye. Kifejezik ezt a liturgia feh\u00e9r \u00e9s arany sz\u00ednei, a h\u00fasv\u00e9ti nyolcad dics\u0151s\u00e9g im\u00e1ds\u00e1ga minden szentmis\u00e9n, az allel\u00faj\u00e1s elbocs\u00e1jt\u00e1s, a zsolozsm\u00e1k napi Te Deuma, \u00e9s ezt koron\u00e1zza meg az Isteni Irgalmass\u00e1g vas\u00e1rnapja is.<\/p>\n\n\n\n<p>Isten irgalmass\u00e1ga az, ami miatt nek\u00fcnk is \u00f6r\u00f6k \u00e9let\u00fcnk lehet, emiatt nem vesz\u00fcnk el, pedig az igazs\u00e1goss\u00e1g ezt k\u00f6veteln\u00e9 meg, hiszen elbuktunk \u00e9s folyamatosan elbukunk. Isten irgalmass\u00e1ga az, ami \u2013 b\u00e1r igazs\u00e1g\u00e1t v\u00e9gbe viszi \u2013 fel\u00fcl\u00edrja, pontosabban r\u00e1\u00e9p\u00fcl erre az igazs\u00e1goss\u00e1gra.&nbsp;<strong>\u00cdgy teljes Isten szeretete: megval\u00f3sul az \u0150 igazs\u00e1ga \u00e9s fel\u00fclm\u00falja ezt az \u0150 irgalmass\u00e1ga.&nbsp;<\/strong>H\u00e1l\u00e1val, im\u00e1d\u00e1ssal \u00e9s k\u00e9szs\u00e9ggel arra, hogy val\u00f3ban szentek legy\u00fcnk, ahogy \u0150 maga szent, \u00e9lj\u00fck \u00e9let\u00fcnket a felt\u00e1madt Krisztusban \u00e9s \u00f6r\u00fclj\u00fcnk, v\u00edgadjunk a megv\u00e1lt\u00e1snak!<\/p>\n\n\n\n<p>Hirdet\u00e9sek:<\/p>\n\n\n\n<p>\u00b7&nbsp;&nbsp;&nbsp;&nbsp;&nbsp;&nbsp;&nbsp;&nbsp;&nbsp;A k\u00f6vetkez\u0151 karit\u00e1sz m\u0171sorunk a M\u00e1ria R\u00e1di\u00f3ban \u00e1prilis 14-\u00e9n 10.50 \u00f3rakor kezd\u0151dik.<\/p>\n\n\n\n<p>\u00b7&nbsp;&nbsp;&nbsp;&nbsp;&nbsp;&nbsp;&nbsp;&nbsp;&nbsp;Kor\u00e1bbi m\u0171soraink itt hallgathat\u00f3k meg:&nbsp;<a href=\"https:\/\/www.mariaradio.hu\/musor\/4814\/Tevekeny_Szeretet\" target=\"_blank\" rel=\"noreferrer noopener\">https:\/\/www.mariaradio.hu\/musor\/4814\/Tevekeny_Szeretet<\/a><\/p>\n\n\n\n<p>\u00b7&nbsp;&nbsp;&nbsp;&nbsp;&nbsp;&nbsp;&nbsp;&nbsp;&nbsp;Felh\u00edvom mindenki figyelm\u00e9t, hogy a facebook- \u00e9s weboldalunkon folyamatosan friss\u00fclnek a h\u00edreink.&nbsp;<a href=\"http:\/\/www.karitaszkp.hu\/\" target=\"_blank\" rel=\"noreferrer noopener\">www.karitaszkp.hu<\/a>&nbsp;,&nbsp;<a href=\"https:\/\/www.facebook.com\/szenterzsebetkaritaszkozpont\" target=\"_blank\" rel=\"noreferrer noopener\">Esztergom-Budapesti F\u0151egyh\u00e1zmegye Szent Erzs\u00e9bet Karit\u00e1sz K\u00f6zpont | Facebook<\/a><\/p>\n\n\n\n<p>\u00b7&nbsp;&nbsp;&nbsp;&nbsp;&nbsp;&nbsp;&nbsp;&nbsp;&nbsp;A Szent Erzs\u00e9bet Karit\u00e1sz K\u00f6zpont k\u00e9r\u00e9s\u00e9re f\u0151tisztelend\u0151 Feldhoffer Antal pl\u00e9b\u00e1nos atya minden els\u0151 h\u00e9tf\u0151n 15.30-kor karit\u00e1sz szentmis\u00e9t mutat be a 1035 Budapest, III. ker. K\u00f3rh\u00e1z u. 37. sz\u00e1m alatti Szent J\u00f3zsef templomban. Misesz\u00e1nd\u00e9k: \u00e9l\u0151 \u00e9s elhunyt karit\u00e1szosok\u00e9rt. A k\u00f6vetkez\u0151 alkalom kiv\u00e9telesen \u00e1prilis 12. lesz, mert az els\u0151 h\u00e9tf\u0151 h\u00fasv\u00e9th\u00e9tf\u0151. Rem\u00e9lj\u00fck, hogy a j\u00e1rv\u00e1ny\u00fcgyi korl\u00e1toz\u00e1sok addigra m\u00e1r nem lesznek sz\u00fcks\u00e9gesek!<\/p>\n\n\n\n<p>Csorba G\u00e1bor<\/p>\n\n\n\n<p>\u00e1lland\u00f3 diak\u00f3nus, karit\u00e1sz igazgat\u00f3<\/p>\n\n\n\n<p>Esztergom-Budapesti F\u0151egyh\u00e1zmegye<\/p>\n\n\n\n<p>Szent Erzs\u00e9bet Karit\u00e1sz K\u00f6zpont<\/p>\n\n\n\n<p class=\"has-background\" style=\"background-color:#cacaca\">Sz\u00e9khely:&nbsp;<a href=\"https:\/\/www.google.com\/maps\/search\/1067+Budapest,+Hunyadi+t%C3%A9r+3?entry=gmail&amp;source=g\">1067 Budapest, Hunyadi t\u00e9r 3<\/a>. f\u00e9lemelet 1.<\/p>\n\n\n\n<p class=\"has-background\" style=\"background-color:#cacaca\">Telefon: +36-1-351-1977<\/p>\n\n\n\n<p class=\"has-background\" style=\"background-color:#cacaca\">Mobil: +36-30-592-1483<\/p>\n\n\n\n<p class=\"has-background\" style=\"background-color:#cacaca\">E-mail:&nbsp;<a href=\"mailto:szenterzsebet@karitaszkozpont.hu\" target=\"_blank\" rel=\"noreferrer noopener\">szenterzsebet@karitaszkozpont.hu<\/a><\/p>\n\n\n\n<p class=\"has-background\" style=\"background-color:#cacaca\">Honlap:&nbsp;<a href=\"http:\/\/www.karitaszkp.hu\/\" target=\"_blank\" rel=\"noreferrer noopener\">www.karitaszkp.hu<\/a><\/p>\n\n\n\n<p class=\"has-background\" style=\"background-color:#cacaca\">A kor\u00e1bbi egypercesek itt \u00e9rhet\u0151k el:&nbsp;<a href=\"https:\/\/karitaszegypercesek.blogspot.com\/\" target=\"_blank\" rel=\"noreferrer noopener\">https:\/\/karitaszegypercesek.blogspot.com\/<\/a><\/p>\n","protected":false},"excerpt":{"rendered":"<p>116. F\u00e9nyes h\u00e9ten \u201eA lelket, ki Ur\u00e1nak j\u00f3s\u00e1g\u00e1t hirdeti, Isten k\u00fcl\u00f6n\u00f6sk\u00e9ppen szereti. Mindig k\u00f6zel van az \u00e9l\u0151 v\u00edz forr\u00e1s\u00e1hoz, Ki kegyelmet mer\u00edt az Isten irgalm\u00e1b\u00f3l. (Isteni irgalmass\u00e1g kilenced hetedik nap imaverse) Kedves Karit\u00e1sz \u00d6nk\u00e9ntesek, Munkat\u00e1rsak, Testv\u00e9rek az \u00darban! Ahogy a Szent J\u00e1nos apostol a saj\u00e1t evang\u00e9lium\u00e1ban nevezi \u00f6nmag\u00e1t&nbsp;a szeretett tan\u00edtv\u00e1nynak, \u00e9s e kiemel\u00e9s szent\u00edr\u00e1si, evang\u00e9liumi &hellip; <\/p>\n<p class=\"link-more\"><a href=\"https:\/\/karitaszkozpont.hu\/?p=1190\" class=\"more-link\">Continue reading<span class=\"screen-reader-text\"> &#8222;116. Karit\u00e1sz Egyperces&#8221;<\/span><\/a><\/p>\n","protected":false},"author":1,"featured_media":563,"comment_status":"open","ping_status":"open","sticky":false,"template":"","format":"standard","meta":[],"categories":[8],"tags":[],"yoast_head":"<!-- This site is optimized with the Yoast SEO plugin v20.1 - https:\/\/yoast.com\/wordpress\/plugins\/seo\/ -->\n<title>116. Karit\u00e1sz Egyperces - Szent Erzs\u00e9bet Karit\u00e1sz K\u00f6zpont<\/title>\n<meta name=\"robots\" content=\"index, follow, max-snippet:-1, max-image-preview:large, max-video-preview:-1\" \/>\n<link rel=\"canonical\" href=\"https:\/\/karitaszkozpont.hu\/?p=1190\" \/>\n<meta property=\"og:locale\" content=\"hu_HU\" \/>\n<meta property=\"og:type\" content=\"article\" \/>\n<meta property=\"og:title\" content=\"116. Karit\u00e1sz Egyperces - Szent Erzs\u00e9bet Karit\u00e1sz K\u00f6zpont\" \/>\n<meta property=\"og:description\" content=\"116. F\u00e9nyes h\u00e9ten \u201eA lelket, ki Ur\u00e1nak j\u00f3s\u00e1g\u00e1t hirdeti, Isten k\u00fcl\u00f6n\u00f6sk\u00e9ppen szereti. Mindig k\u00f6zel van az \u00e9l\u0151 v\u00edz forr\u00e1s\u00e1hoz, Ki kegyelmet mer\u00edt az Isten irgalm\u00e1b\u00f3l. (Isteni irgalmass\u00e1g kilenced hetedik nap imaverse) Kedves Karit\u00e1sz \u00d6nk\u00e9ntesek, Munkat\u00e1rsak, Testv\u00e9rek az \u00darban! Ahogy a Szent J\u00e1nos apostol a saj\u00e1t evang\u00e9lium\u00e1ban nevezi \u00f6nmag\u00e1t&nbsp;a szeretett tan\u00edtv\u00e1nynak, \u00e9s e kiemel\u00e9s szent\u00edr\u00e1si, evang\u00e9liumi &hellip; Continue reading &quot;116. Karit\u00e1sz Egyperces&quot;\" \/>\n<meta property=\"og:url\" content=\"https:\/\/karitaszkozpont.hu\/?p=1190\" \/>\n<meta property=\"og:site_name\" content=\"Szent Erzs\u00e9bet Karit\u00e1sz K\u00f6zpont\" \/>\n<meta property=\"article:published_time\" content=\"2021-04-11T17:59:01+00:00\" \/>\n<meta property=\"article:modified_time\" content=\"2021-04-11T17:59:02+00:00\" \/>\n<meta property=\"og:image\" content=\"https:\/\/karitaszkozpont.hu\/wp-content\/uploads\/2019\/07\/egyperceslogo.jpg\" \/>\n\t<meta property=\"og:image:width\" content=\"2300\" \/>\n\t<meta property=\"og:image:height\" content=\"1528\" \/>\n\t<meta property=\"og:image:type\" content=\"image\/jpeg\" \/>\n<meta name=\"author\" content=\"Karit\u00e1sz K\u00f6zpont\" \/>\n<meta name=\"twitter:card\" content=\"summary_large_image\" \/>\n<meta name=\"twitter:label1\" content=\"Szerz\u0151:\" \/>\n\t<meta name=\"twitter:data1\" content=\"Karit\u00e1sz K\u00f6zpont\" \/>\n\t<meta name=\"twitter:label2\" content=\"Becs\u00fclt olvas\u00e1si id\u0151\" \/>\n\t<meta name=\"twitter:data2\" content=\"3 perc\" \/>\n<script type=\"application\/ld+json\" class=\"yoast-schema-graph\">{\"@context\":\"https:\/\/schema.org\",\"@graph\":[{\"@type\":\"Article\",\"@id\":\"https:\/\/karitaszkozpont.hu\/?p=1190#article\",\"isPartOf\":{\"@id\":\"https:\/\/karitaszkozpont.hu\/?p=1190\"},\"author\":{\"name\":\"Karit\u00e1sz K\u00f6zpont\",\"@id\":\"https:\/\/karitaszkozpont.hu\/#\/schema\/person\/0d9c28244c111914ea13bb1248775e57\"},\"headline\":\"116. Karit\u00e1sz Egyperces\",\"datePublished\":\"2021-04-11T17:59:01+00:00\",\"dateModified\":\"2021-04-11T17:59:02+00:00\",\"mainEntityOfPage\":{\"@id\":\"https:\/\/karitaszkozpont.hu\/?p=1190\"},\"wordCount\":1016,\"commentCount\":0,\"publisher\":{\"@id\":\"https:\/\/karitaszkozpont.hu\/#organization\"},\"articleSection\":[\"Egypercesek\"],\"inLanguage\":\"hu\",\"potentialAction\":[{\"@type\":\"CommentAction\",\"name\":\"Comment\",\"target\":[\"https:\/\/karitaszkozpont.hu\/?p=1190#respond\"]}]},{\"@type\":\"WebPage\",\"@id\":\"https:\/\/karitaszkozpont.hu\/?p=1190\",\"url\":\"https:\/\/karitaszkozpont.hu\/?p=1190\",\"name\":\"116. Karit\u00e1sz Egyperces - Szent Erzs\u00e9bet Karit\u00e1sz K\u00f6zpont\",\"isPartOf\":{\"@id\":\"https:\/\/karitaszkozpont.hu\/#website\"},\"datePublished\":\"2021-04-11T17:59:01+00:00\",\"dateModified\":\"2021-04-11T17:59:02+00:00\",\"breadcrumb\":{\"@id\":\"https:\/\/karitaszkozpont.hu\/?p=1190#breadcrumb\"},\"inLanguage\":\"hu\",\"potentialAction\":[{\"@type\":\"ReadAction\",\"target\":[\"https:\/\/karitaszkozpont.hu\/?p=1190\"]}]},{\"@type\":\"BreadcrumbList\",\"@id\":\"https:\/\/karitaszkozpont.hu\/?p=1190#breadcrumb\",\"itemListElement\":[{\"@type\":\"ListItem\",\"position\":1,\"name\":\"Kezd\u0151lap\",\"item\":\"https:\/\/karitaszkozpont.hu\/\"},{\"@type\":\"ListItem\",\"position\":2,\"name\":\"116. Karit\u00e1sz Egyperces\"}]},{\"@type\":\"WebSite\",\"@id\":\"https:\/\/karitaszkozpont.hu\/#website\",\"url\":\"https:\/\/karitaszkozpont.hu\/\",\"name\":\"Szent Erzs\u00e9bet Karit\u00e1sz K\u00f6zpont\",\"description\":\"Esztergom-Budapesti F\u0151egyh\u00e1zmegye\",\"publisher\":{\"@id\":\"https:\/\/karitaszkozpont.hu\/#organization\"},\"potentialAction\":[{\"@type\":\"SearchAction\",\"target\":{\"@type\":\"EntryPoint\",\"urlTemplate\":\"https:\/\/karitaszkozpont.hu\/?s={search_term_string}\"},\"query-input\":\"required name=search_term_string\"}],\"inLanguage\":\"hu\"},{\"@type\":\"Organization\",\"@id\":\"https:\/\/karitaszkozpont.hu\/#organization\",\"name\":\"Szent Erzs\u00e9bet Karit\u00e1sz K\u00f6zpont\",\"url\":\"https:\/\/karitaszkozpont.hu\/\",\"logo\":{\"@type\":\"ImageObject\",\"inLanguage\":\"hu\",\"@id\":\"https:\/\/karitaszkozpont.hu\/#\/schema\/logo\/image\/\",\"url\":\"https:\/\/karitaszkp.hu\/wp-content\/uploads\/2019\/06\/cropped-logo-arnyekos-1.png\",\"contentUrl\":\"https:\/\/karitaszkp.hu\/wp-content\/uploads\/2019\/06\/cropped-logo-arnyekos-1.png\",\"width\":240,\"height\":247,\"caption\":\"Szent Erzs\u00e9bet Karit\u00e1sz K\u00f6zpont\"},\"image\":{\"@id\":\"https:\/\/karitaszkozpont.hu\/#\/schema\/logo\/image\/\"}},{\"@type\":\"Person\",\"@id\":\"https:\/\/karitaszkozpont.hu\/#\/schema\/person\/0d9c28244c111914ea13bb1248775e57\",\"name\":\"Karit\u00e1sz K\u00f6zpont\",\"image\":{\"@type\":\"ImageObject\",\"inLanguage\":\"hu\",\"@id\":\"https:\/\/karitaszkozpont.hu\/#\/schema\/person\/image\/\",\"url\":\"https:\/\/secure.gravatar.com\/avatar\/1274acd7c62f3cac92d2b38aad20c71b?s=96&d=mm&r=g\",\"contentUrl\":\"https:\/\/secure.gravatar.com\/avatar\/1274acd7c62f3cac92d2b38aad20c71b?s=96&d=mm&r=g\",\"caption\":\"Karit\u00e1sz K\u00f6zpont\"},\"url\":\"https:\/\/karitaszkozpont.hu\/?author=1\"}]}<\/script>\n<!-- \/ Yoast SEO plugin. -->","yoast_head_json":{"title":"116. Karit\u00e1sz Egyperces - Szent Erzs\u00e9bet Karit\u00e1sz K\u00f6zpont","robots":{"index":"index","follow":"follow","max-snippet":"max-snippet:-1","max-image-preview":"max-image-preview:large","max-video-preview":"max-video-preview:-1"},"canonical":"https:\/\/karitaszkozpont.hu\/?p=1190","og_locale":"hu_HU","og_type":"article","og_title":"116. Karit\u00e1sz Egyperces - Szent Erzs\u00e9bet Karit\u00e1sz K\u00f6zpont","og_description":"116. F\u00e9nyes h\u00e9ten \u201eA lelket, ki Ur\u00e1nak j\u00f3s\u00e1g\u00e1t hirdeti, Isten k\u00fcl\u00f6n\u00f6sk\u00e9ppen szereti. Mindig k\u00f6zel van az \u00e9l\u0151 v\u00edz forr\u00e1s\u00e1hoz, Ki kegyelmet mer\u00edt az Isten irgalm\u00e1b\u00f3l. (Isteni irgalmass\u00e1g kilenced hetedik nap imaverse) Kedves Karit\u00e1sz \u00d6nk\u00e9ntesek, Munkat\u00e1rsak, Testv\u00e9rek az \u00darban! Ahogy a Szent J\u00e1nos apostol a saj\u00e1t evang\u00e9lium\u00e1ban nevezi \u00f6nmag\u00e1t&nbsp;a szeretett tan\u00edtv\u00e1nynak, \u00e9s e kiemel\u00e9s szent\u00edr\u00e1si, evang\u00e9liumi &hellip; Continue reading \"116. Karit\u00e1sz Egyperces\"","og_url":"https:\/\/karitaszkozpont.hu\/?p=1190","og_site_name":"Szent Erzs\u00e9bet Karit\u00e1sz K\u00f6zpont","article_published_time":"2021-04-11T17:59:01+00:00","article_modified_time":"2021-04-11T17:59:02+00:00","og_image":[{"width":2300,"height":1528,"url":"https:\/\/karitaszkozpont.hu\/wp-content\/uploads\/2019\/07\/egyperceslogo.jpg","type":"image\/jpeg"}],"author":"Karit\u00e1sz K\u00f6zpont","twitter_card":"summary_large_image","twitter_misc":{"Szerz\u0151:":"Karit\u00e1sz K\u00f6zpont","Becs\u00fclt olvas\u00e1si id\u0151":"3 perc"},"schema":{"@context":"https:\/\/schema.org","@graph":[{"@type":"Article","@id":"https:\/\/karitaszkozpont.hu\/?p=1190#article","isPartOf":{"@id":"https:\/\/karitaszkozpont.hu\/?p=1190"},"author":{"name":"Karit\u00e1sz K\u00f6zpont","@id":"https:\/\/karitaszkozpont.hu\/#\/schema\/person\/0d9c28244c111914ea13bb1248775e57"},"headline":"116. Karit\u00e1sz Egyperces","datePublished":"2021-04-11T17:59:01+00:00","dateModified":"2021-04-11T17:59:02+00:00","mainEntityOfPage":{"@id":"https:\/\/karitaszkozpont.hu\/?p=1190"},"wordCount":1016,"commentCount":0,"publisher":{"@id":"https:\/\/karitaszkozpont.hu\/#organization"},"articleSection":["Egypercesek"],"inLanguage":"hu","potentialAction":[{"@type":"CommentAction","name":"Comment","target":["https:\/\/karitaszkozpont.hu\/?p=1190#respond"]}]},{"@type":"WebPage","@id":"https:\/\/karitaszkozpont.hu\/?p=1190","url":"https:\/\/karitaszkozpont.hu\/?p=1190","name":"116. Karit\u00e1sz Egyperces - Szent Erzs\u00e9bet Karit\u00e1sz K\u00f6zpont","isPartOf":{"@id":"https:\/\/karitaszkozpont.hu\/#website"},"datePublished":"2021-04-11T17:59:01+00:00","dateModified":"2021-04-11T17:59:02+00:00","breadcrumb":{"@id":"https:\/\/karitaszkozpont.hu\/?p=1190#breadcrumb"},"inLanguage":"hu","potentialAction":[{"@type":"ReadAction","target":["https:\/\/karitaszkozpont.hu\/?p=1190"]}]},{"@type":"BreadcrumbList","@id":"https:\/\/karitaszkozpont.hu\/?p=1190#breadcrumb","itemListElement":[{"@type":"ListItem","position":1,"name":"Kezd\u0151lap","item":"https:\/\/karitaszkozpont.hu\/"},{"@type":"ListItem","position":2,"name":"116. Karit\u00e1sz Egyperces"}]},{"@type":"WebSite","@id":"https:\/\/karitaszkozpont.hu\/#website","url":"https:\/\/karitaszkozpont.hu\/","name":"Szent Erzs\u00e9bet Karit\u00e1sz K\u00f6zpont","description":"Esztergom-Budapesti F\u0151egyh\u00e1zmegye","publisher":{"@id":"https:\/\/karitaszkozpont.hu\/#organization"},"potentialAction":[{"@type":"SearchAction","target":{"@type":"EntryPoint","urlTemplate":"https:\/\/karitaszkozpont.hu\/?s={search_term_string}"},"query-input":"required name=search_term_string"}],"inLanguage":"hu"},{"@type":"Organization","@id":"https:\/\/karitaszkozpont.hu\/#organization","name":"Szent Erzs\u00e9bet Karit\u00e1sz K\u00f6zpont","url":"https:\/\/karitaszkozpont.hu\/","logo":{"@type":"ImageObject","inLanguage":"hu","@id":"https:\/\/karitaszkozpont.hu\/#\/schema\/logo\/image\/","url":"https:\/\/karitaszkp.hu\/wp-content\/uploads\/2019\/06\/cropped-logo-arnyekos-1.png","contentUrl":"https:\/\/karitaszkp.hu\/wp-content\/uploads\/2019\/06\/cropped-logo-arnyekos-1.png","width":240,"height":247,"caption":"Szent Erzs\u00e9bet Karit\u00e1sz K\u00f6zpont"},"image":{"@id":"https:\/\/karitaszkozpont.hu\/#\/schema\/logo\/image\/"}},{"@type":"Person","@id":"https:\/\/karitaszkozpont.hu\/#\/schema\/person\/0d9c28244c111914ea13bb1248775e57","name":"Karit\u00e1sz K\u00f6zpont","image":{"@type":"ImageObject","inLanguage":"hu","@id":"https:\/\/karitaszkozpont.hu\/#\/schema\/person\/image\/","url":"https:\/\/secure.gravatar.com\/avatar\/1274acd7c62f3cac92d2b38aad20c71b?s=96&d=mm&r=g","contentUrl":"https:\/\/secure.gravatar.com\/avatar\/1274acd7c62f3cac92d2b38aad20c71b?s=96&d=mm&r=g","caption":"Karit\u00e1sz K\u00f6zpont"},"url":"https:\/\/karitaszkozpont.hu\/?author=1"}]}},"_links":{"self":[{"href":"https:\/\/karitaszkozpont.hu\/index.php?rest_route=\/wp\/v2\/posts\/1190"}],"collection":[{"href":"https:\/\/karitaszkozpont.hu\/index.php?rest_route=\/wp\/v2\/posts"}],"about":[{"href":"https:\/\/karitaszkozpont.hu\/index.php?rest_route=\/wp\/v2\/types\/post"}],"author":[{"embeddable":true,"href":"https:\/\/karitaszkozpont.hu\/index.php?rest_route=\/wp\/v2\/users\/1"}],"replies":[{"embeddable":true,"href":"https:\/\/karitaszkozpont.hu\/index.php?rest_route=%2Fwp%2Fv2%2Fcomments&post=1190"}],"version-history":[{"count":1,"href":"https:\/\/karitaszkozpont.hu\/index.php?rest_route=\/wp\/v2\/posts\/1190\/revisions"}],"predecessor-version":[{"id":1191,"href":"https:\/\/karitaszkozpont.hu\/index.php?rest_route=\/wp\/v2\/posts\/1190\/revisions\/1191"}],"wp:featuredmedia":[{"embeddable":true,"href":"https:\/\/karitaszkozpont.hu\/index.php?rest_route=\/wp\/v2\/media\/563"}],"wp:attachment":[{"href":"https:\/\/karitaszkozpont.hu\/index.php?rest_route=%2Fwp%2Fv2%2Fmedia&parent=1190"}],"wp:term":[{"taxonomy":"category","embeddable":true,"href":"https:\/\/karitaszkozpont.hu\/index.php?rest_route=%2Fwp%2Fv2%2Fcategories&post=1190"},{"taxonomy":"post_tag","embeddable":true,"href":"https:\/\/karitaszkozpont.hu\/index.php?rest_route=%2Fwp%2Fv2%2Ftags&post=1190"}],"curies":[{"name":"wp","href":"https:\/\/api.w.org\/{rel}","templated":true}]}}