{"id":1182,"date":"2021-04-02T14:04:44","date_gmt":"2021-04-02T12:04:44","guid":{"rendered":"http:\/\/karitaszkp.hu\/?p=1182"},"modified":"2021-04-02T14:04:45","modified_gmt":"2021-04-02T12:04:45","slug":"115-karitasz-egyperces","status":"publish","type":"post","link":"https:\/\/karitaszkozpont.hu\/?p=1182","title":{"rendered":"115. Karit\u00e1sz egyperces"},"content":{"rendered":"\n<p class=\"has-white-color has-vivid-red-background-color has-text-color has-background has-large-font-size\"><strong>115. Krisztus h\u00e9t szava a kereszten<\/strong><\/p>\n\n\n\n<p class=\"has-background\" style=\"background-color:#cacaca\"><em>\u201eBetegs\u00e9ge, a mi gy\u00f3gyul\u00e1sunk, r\u00fat hal\u00e1la legy\u0151zi hal\u00e1lunk\u201d<\/em><\/p>\n\n\n\n<p class=\"has-background\" style=\"background-color:#cacaca\"><em>(Nagycs\u00fct\u00f6rt\u00f6ki virraszt\u00f3 ima\u00f3ra \u00e9nekv\u00e1lasza)<\/em><\/p>\n\n\n\n<p>Kedves Karit\u00e1sz \u00d6nk\u00e9ntesek, Munkat\u00e1rsak, Testv\u00e9rek az \u00darban!<\/p>\n\n\n\n<p>Az \u00dar J\u00e9zus utols\u00f3 szavait elm\u00e9lkedj\u00fck \u00e1t sz\u00edv\u00fcnkben \u00e9s tekins\u00fcnk fel arra, akit \u00e9rt\u00fcnk \u00e1tsz\u00fartak, tekints\u00fcnk a vil\u00e1g v\u00e1lts\u00e1g\u00e1nak keresztf\u00e1j\u00e1ra:<\/p>\n\n\n\n<p>1. \u201e\u00c9li, \u00c9li, lama sabaktani \u2013 \u00e9n Istenem, \u00e9n Istenem mi\u00e9rt hagyt\u00e1l el engemet?\u201d Mt 27,46<\/p>\n\n\n\n<p>2. \u201eAty\u00e1m, bocs\u00e1sd meg nekik, mert nem tudj\u00e1k, mit cselekszenek.\u201d Lk 23,34<\/p>\n\n\n\n<p>3. \u201eBizony mondom neked, ma velem leszel a paradicsomban.\u201d Lk 23,43<\/p>\n\n\n\n<p>4. \u201eAty\u00e1m, a Te kezedbe aj\u00e1nlom az \u00e9n lelkemet.\u201d Lk 23,46<\/p>\n\n\n\n<p>5. \u201eAsszony, \u00edme a te fiad! \u00cdme a te any\u00e1d!\u201d Jn 19,26-27<\/p>\n\n\n\n<p>6. \u201eSzomj\u00fahozom.\u201d Jn 19,28<\/p>\n\n\n\n<p>7. \u201eElv\u00e9geztetett.\u201d Jn 19,30<\/p>\n\n\n\n<p>Elm\u00e9lkedj\u00fck \u00e1t ezen szavakat nagyp\u00e9ntek szomor\u00fa csendj\u00e9ben, de m\u00e1r tudva, hogy az \u0150 felt\u00e1mad\u00e1sa, a mi felt\u00e1mad\u00e1sunk is. Ahogy hal\u00e1la az el\u00e9gt\u00e9tel a vil\u00e1g b\u0171nei\u00e9rt, az \u00e1tered\u0151 b\u0171nt\u0151l kezdve a t\u00f6rt\u00e9nelem folyam\u00e1n v\u00e9gigvonul\u00f3 \u00e9s minden egyes embert \u00e9rint\u0151 k\u00e1rhozatos b\u0171n\u00f6k\u00f6n \u00e1t a mi saj\u00e1t magunk b\u0171neink\u00e9rt is az igazs\u00e1goss\u00e1g miatt, \u00fagy az \u0150 felt\u00e1mad\u00e1sa az Atya irgalmas v\u00e1lasza mindny\u00e1junknak.<\/p>\n\n\n\n<p>\u00c9ppen ez\u00e9rt a keresztfa a megv\u00e1lt\u00e1s f\u00e1ja, ahol Krisztus Urunk gy\u0151zelmet szerzett nek\u00fcnk \u00e9s ez\u00e9rt mindazok gy\u0151znek, akik Krisztusban \u00e9lnek \u00e9s halnak. Nagyp\u00e9ntek sz\u00f6rny\u0171s\u00e9ge, nagyszombat hal\u00e1los cs\u00f6ndje csak akkor hozza meg sz\u00e1munkra a felt\u00e1mad\u00e1s vigili\u00e1j\u00e1t, ha akarjuk, hissz\u00fck \u0150t, ha hisz\u00fcnk \u0150benne, ha b\u00edzunk benne mindhal\u00e1lig \u00e9s err\u0151l \u00e9let\u00fcnkkel, a szeretet \u00e9s az irgalmass\u00e1g cselekedeteivel tan\u00fas\u00e1got is tesz\u00fcnk err\u0151l h\u0171s\u00e9gesen.<\/p>\n\n\n\n<p><strong>Ez a mi hivat\u00e1sunk, arra h\u00edvott minket az \u00dar, hogy tan\u00fas\u00e1got tegy\u00fcnk Isten szeretet\u00e9r\u0151l a vil\u00e1gban, ezzel mi is r\u00e9szesei lehet\u00fcnk Krisztus gy\u0151zelm\u00e9nek.<\/strong>&nbsp;J\u00e9zus nem k\u00e9nyelmes \u00e9lelet \u00edg\u00e9rt itt a f\u00f6ld\u00f6n, hanem k\u00fczdelmet. K\u00fczdelmet, hogy vele bens\u0151nkben legy\u0151zz\u00fck a s\u00e1t\u00e1n k\u00eds\u00e9rt\u00e9seit, kifel\u00e9 pedig megtegy\u00fck Isten igazs\u00e1g\u00e1t. Csak a kett\u0151 egy\u00fctt visz minket gy\u0151zelemre.<\/p>\n\n\n\n<p>Csak ha bel\u00fcl megtisztulva, tiszta sz\u00edvvel \u00e9l\u00fcnk, ha erre t\u00f6reksz\u00fcnk, akkor lesznek cselekedeteink is tiszt\u00e1k.&nbsp;<strong>Tiszt\u00e1nak lenni, tiszt\u00e1nak maradni J\u00e9zus n\u00e9lk\u00fcl nem tudunk.<\/strong>&nbsp;\u00c9ppen ez\u00e9rt mondta P\u00e9ternek, aki tiltakozott l\u00e1bmos\u00e1sa ellen:&nbsp;<em>\u201eHa nem moslak meg \u2013 felelte J\u00e9zus \u2013 nem lehetsz k\u00f6z\u00f6ss\u00e9gben velem.\u201d Jn 13,8&nbsp;<\/em>Hiszen az \u00dar tudja, ha r\u00e1szorulunk az \u0150, b\u0171n\u00f6ket lemos\u00f3, oldal\u00e1b\u00f3l kifoly\u00f3 v\u00edzre (keresztv\u00edz) \u00e9s v\u00e9rre (Olt\u00e1riszents\u00e9g).<\/p>\n\n\n\n<p>H\u00fasv\u00e9t kegyelmei, mely mindannyiunkra ki\u00e1radt, adjanak er\u0151t, hogy megval\u00f3s\u00edtsuk azt, amit a J\u00f3 Isten vel\u00fcnk kapcsolatban eltervezett!<\/p>\n\n\n\n<p>Hirdet\u00e9sek:<\/p>\n\n\n\n<p>\u00b7&nbsp;&nbsp;&nbsp;&nbsp;&nbsp;&nbsp;&nbsp;&nbsp;&nbsp;Ma kezd\u0151dik az IRGALMASS\u00c1G KILENCED, im\u00e1dkozzuk \u00e9s nyerj\u00fck el a teljes b\u00facs\u00fa kincs\u00e9t! Irgalmass\u00e1g r\u00f3zsaf\u00fcz\u00e9r, el\u0151tte a napi k\u00f6ny\u00f6rg\u00e9ssel.&nbsp;<a href=\"http:\/\/oratio.hu\/kilenced2.php\" target=\"_blank\" rel=\"noreferrer noopener\">http:\/\/oratio.hu\/kilenced2.php<\/a>&nbsp;<a href=\"https:\/\/regi.katolikus.hu\/lelkiseg.php?h=36\" target=\"_blank\" rel=\"noreferrer noopener\">https:\/\/regi.katolikus.hu\/lelkiseg.php?h=36<\/a><\/p>\n\n\n\n<p>\u00b7&nbsp;&nbsp;&nbsp;&nbsp;&nbsp;&nbsp;&nbsp;&nbsp;&nbsp;A k\u00f6vetkez\u0151 karit\u00e1sz m\u0171sorunk a M\u00e1ria R\u00e1di\u00f3ban \u00e1prilis 14-\u00e9n 10.50 \u00f3rakor kezd\u0151dik.<\/p>\n\n\n\n<p>\u00b7&nbsp;&nbsp;&nbsp;&nbsp;&nbsp;&nbsp;&nbsp;&nbsp;&nbsp;Kor\u00e1bbi m\u0171soraink itt hallgathat\u00f3k meg:&nbsp;<a href=\"https:\/\/www.mariaradio.hu\/musor\/4814\/Tevekeny_Szeretet\" target=\"_blank\" rel=\"noreferrer noopener\">https:\/\/www.mariaradio.hu\/musor\/4814\/Tevekeny_Szeretet<\/a><\/p>\n\n\n\n<p>\u00b7&nbsp;&nbsp;&nbsp;&nbsp;&nbsp;&nbsp;&nbsp;&nbsp;&nbsp;Felh\u00edvom mindenki figyelm\u00e9t, hogy a facebook- \u00e9s weboldalunkon folyamatosan friss\u00fclnek a h\u00edreink.&nbsp;<a href=\"http:\/\/www.karitaszkp.hu\/\" target=\"_blank\" rel=\"noreferrer noopener\">www.karitaszkp.hu<\/a>&nbsp;,&nbsp;<a href=\"https:\/\/www.facebook.com\/szenterzsebetkaritaszkozpont\" target=\"_blank\" rel=\"noreferrer noopener\">Esztergom-Budapesti F\u0151egyh\u00e1zmegye Szent Erzs\u00e9bet Karit\u00e1sz K\u00f6zpont | Facebook<\/a><\/p>\n\n\n\n<p>\u00b7&nbsp;&nbsp;&nbsp;&nbsp;&nbsp;&nbsp;&nbsp;&nbsp;&nbsp;A Szent Erzs\u00e9bet Karit\u00e1sz K\u00f6zpont k\u00e9r\u00e9s\u00e9re f\u0151tisztelend\u0151 Feldhoffer Antal pl\u00e9b\u00e1nos atya minden els\u0151 h\u00e9tf\u0151n 15.30-kor karit\u00e1sz szentmis\u00e9t mutat be a 1035 Budapest, III. ker. K\u00f3rh\u00e1z u. 37. sz\u00e1m alatti Szent J\u00f3zsef templomban. Misesz\u00e1nd\u00e9k: \u00e9l\u0151 \u00e9s elhunyt karit\u00e1szosok\u00e9rt. A k\u00f6vetkez\u0151 alkalom kiv\u00e9telesen \u00e1prilis 12. lesz, mert az els\u0151 h\u00e9tf\u0151 h\u00fasv\u00e9th\u00e9tf\u0151. Rem\u00e9lj\u00fck, hogy a j\u00e1rv\u00e1ny\u00fcgyi korl\u00e1toz\u00e1sok addigra m\u00e1r nem lesznek sz\u00fcks\u00e9gesek!<\/p>\n\n\n\n<p>Csorba G\u00e1bor<\/p>\n\n\n\n<p>\u00e1lland\u00f3 diak\u00f3nus, karit\u00e1sz igazgat\u00f3<\/p>\n\n\n\n<p>Esztergom-Budapesti F\u0151egyh\u00e1zmegye<\/p>\n\n\n\n<p>Szent Erzs\u00e9bet Karit\u00e1sz K\u00f6zpont<\/p>\n\n\n\n<p class=\"has-background\" style=\"background-color:#cacaca\">Sz\u00e9khely:&nbsp;<a href=\"https:\/\/www.google.com\/maps\/search\/1067+Budapest,+Hunyadi+t%C3%A9r+3?entry=gmail&amp;source=g\">1067 Budapest, Hunyadi t\u00e9r 3<\/a>. f\u00e9lemelet 1.<\/p>\n\n\n\n<p class=\"has-background\" style=\"background-color:#cacaca\">Telefon: +36-1-351-1977<\/p>\n\n\n\n<p class=\"has-background\" style=\"background-color:#cacaca\">Mobil: +36-30-592-1483<\/p>\n\n\n\n<p class=\"has-background\" style=\"background-color:#cacaca\">E-mail:&nbsp;<a href=\"mailto:szenterzsebet@karitaszkozpont.hu\" target=\"_blank\" rel=\"noreferrer noopener\">szenterzsebet@karitaszkozpont.hu<\/a><\/p>\n\n\n\n<p class=\"has-background\" style=\"background-color:#cacaca\">Honlap:&nbsp;<a href=\"http:\/\/www.karitaszkp.hu\/\" target=\"_blank\" rel=\"noreferrer noopener\">www.karitaszkp.hu<\/a><\/p>\n\n\n\n<p class=\"has-background\" style=\"background-color:#cacaca\">A kor\u00e1bbi egypercesek itt \u00e9rhet\u0151k el:&nbsp;<a href=\"https:\/\/karitaszegypercesek.blogspot.com\/\" target=\"_blank\" rel=\"noreferrer noopener\">https:\/\/karitaszegypercesek.blogspot.com\/<\/a><\/p>\n","protected":false},"excerpt":{"rendered":"<p>115. Krisztus h\u00e9t szava a kereszten \u201eBetegs\u00e9ge, a mi gy\u00f3gyul\u00e1sunk, r\u00fat hal\u00e1la legy\u0151zi hal\u00e1lunk\u201d (Nagycs\u00fct\u00f6rt\u00f6ki virraszt\u00f3 ima\u00f3ra \u00e9nekv\u00e1lasza) Kedves Karit\u00e1sz \u00d6nk\u00e9ntesek, Munkat\u00e1rsak, Testv\u00e9rek az \u00darban! Az \u00dar J\u00e9zus utols\u00f3 szavait elm\u00e9lkedj\u00fck \u00e1t sz\u00edv\u00fcnkben \u00e9s tekins\u00fcnk fel arra, akit \u00e9rt\u00fcnk \u00e1tsz\u00fartak, tekints\u00fcnk a vil\u00e1g v\u00e1lts\u00e1g\u00e1nak keresztf\u00e1j\u00e1ra: 1. \u201e\u00c9li, \u00c9li, lama sabaktani \u2013 \u00e9n Istenem, \u00e9n Istenem &hellip; <\/p>\n<p class=\"link-more\"><a href=\"https:\/\/karitaszkozpont.hu\/?p=1182\" class=\"more-link\">Continue reading<span class=\"screen-reader-text\"> &#8222;115. Karit\u00e1sz egyperces&#8221;<\/span><\/a><\/p>\n","protected":false},"author":1,"featured_media":563,"comment_status":"open","ping_status":"open","sticky":false,"template":"","format":"standard","meta":[],"categories":[8],"tags":[],"yoast_head":"<!-- This site is optimized with the Yoast SEO plugin v20.1 - https:\/\/yoast.com\/wordpress\/plugins\/seo\/ -->\n<title>115. Karit\u00e1sz egyperces - Szent Erzs\u00e9bet Karit\u00e1sz K\u00f6zpont<\/title>\n<meta name=\"robots\" content=\"index, follow, max-snippet:-1, max-image-preview:large, max-video-preview:-1\" \/>\n<link rel=\"canonical\" href=\"https:\/\/karitaszkozpont.hu\/?p=1182\" \/>\n<meta property=\"og:locale\" content=\"hu_HU\" \/>\n<meta property=\"og:type\" content=\"article\" \/>\n<meta property=\"og:title\" content=\"115. Karit\u00e1sz egyperces - Szent Erzs\u00e9bet Karit\u00e1sz K\u00f6zpont\" \/>\n<meta property=\"og:description\" content=\"115. Krisztus h\u00e9t szava a kereszten \u201eBetegs\u00e9ge, a mi gy\u00f3gyul\u00e1sunk, r\u00fat hal\u00e1la legy\u0151zi hal\u00e1lunk\u201d (Nagycs\u00fct\u00f6rt\u00f6ki virraszt\u00f3 ima\u00f3ra \u00e9nekv\u00e1lasza) Kedves Karit\u00e1sz \u00d6nk\u00e9ntesek, Munkat\u00e1rsak, Testv\u00e9rek az \u00darban! Az \u00dar J\u00e9zus utols\u00f3 szavait elm\u00e9lkedj\u00fck \u00e1t sz\u00edv\u00fcnkben \u00e9s tekins\u00fcnk fel arra, akit \u00e9rt\u00fcnk \u00e1tsz\u00fartak, tekints\u00fcnk a vil\u00e1g v\u00e1lts\u00e1g\u00e1nak keresztf\u00e1j\u00e1ra: 1. \u201e\u00c9li, \u00c9li, lama sabaktani \u2013 \u00e9n Istenem, \u00e9n Istenem &hellip; Continue reading &quot;115. Karit\u00e1sz egyperces&quot;\" \/>\n<meta property=\"og:url\" content=\"https:\/\/karitaszkozpont.hu\/?p=1182\" \/>\n<meta property=\"og:site_name\" content=\"Szent Erzs\u00e9bet Karit\u00e1sz K\u00f6zpont\" \/>\n<meta property=\"article:published_time\" content=\"2021-04-02T12:04:44+00:00\" \/>\n<meta property=\"article:modified_time\" content=\"2021-04-02T12:04:45+00:00\" \/>\n<meta property=\"og:image\" content=\"https:\/\/karitaszkozpont.hu\/wp-content\/uploads\/2019\/07\/egyperceslogo.jpg\" \/>\n\t<meta property=\"og:image:width\" content=\"2300\" \/>\n\t<meta property=\"og:image:height\" content=\"1528\" \/>\n\t<meta property=\"og:image:type\" content=\"image\/jpeg\" \/>\n<meta name=\"author\" content=\"Karit\u00e1sz K\u00f6zpont\" \/>\n<meta name=\"twitter:card\" content=\"summary_large_image\" \/>\n<meta name=\"twitter:label1\" content=\"Szerz\u0151:\" \/>\n\t<meta name=\"twitter:data1\" content=\"Karit\u00e1sz K\u00f6zpont\" \/>\n\t<meta name=\"twitter:label2\" content=\"Becs\u00fclt olvas\u00e1si id\u0151\" \/>\n\t<meta name=\"twitter:data2\" content=\"3 perc\" \/>\n<script type=\"application\/ld+json\" class=\"yoast-schema-graph\">{\"@context\":\"https:\/\/schema.org\",\"@graph\":[{\"@type\":\"Article\",\"@id\":\"https:\/\/karitaszkozpont.hu\/?p=1182#article\",\"isPartOf\":{\"@id\":\"https:\/\/karitaszkozpont.hu\/?p=1182\"},\"author\":{\"name\":\"Karit\u00e1sz K\u00f6zpont\",\"@id\":\"https:\/\/karitaszkozpont.hu\/#\/schema\/person\/0d9c28244c111914ea13bb1248775e57\"},\"headline\":\"115. Karit\u00e1sz egyperces\",\"datePublished\":\"2021-04-02T12:04:44+00:00\",\"dateModified\":\"2021-04-02T12:04:45+00:00\",\"mainEntityOfPage\":{\"@id\":\"https:\/\/karitaszkozpont.hu\/?p=1182\"},\"wordCount\":845,\"commentCount\":0,\"publisher\":{\"@id\":\"https:\/\/karitaszkozpont.hu\/#organization\"},\"articleSection\":[\"Egypercesek\"],\"inLanguage\":\"hu\",\"potentialAction\":[{\"@type\":\"CommentAction\",\"name\":\"Comment\",\"target\":[\"https:\/\/karitaszkozpont.hu\/?p=1182#respond\"]}]},{\"@type\":\"WebPage\",\"@id\":\"https:\/\/karitaszkozpont.hu\/?p=1182\",\"url\":\"https:\/\/karitaszkozpont.hu\/?p=1182\",\"name\":\"115. Karit\u00e1sz egyperces - Szent Erzs\u00e9bet Karit\u00e1sz K\u00f6zpont\",\"isPartOf\":{\"@id\":\"https:\/\/karitaszkozpont.hu\/#website\"},\"datePublished\":\"2021-04-02T12:04:44+00:00\",\"dateModified\":\"2021-04-02T12:04:45+00:00\",\"breadcrumb\":{\"@id\":\"https:\/\/karitaszkozpont.hu\/?p=1182#breadcrumb\"},\"inLanguage\":\"hu\",\"potentialAction\":[{\"@type\":\"ReadAction\",\"target\":[\"https:\/\/karitaszkozpont.hu\/?p=1182\"]}]},{\"@type\":\"BreadcrumbList\",\"@id\":\"https:\/\/karitaszkozpont.hu\/?p=1182#breadcrumb\",\"itemListElement\":[{\"@type\":\"ListItem\",\"position\":1,\"name\":\"Kezd\u0151lap\",\"item\":\"https:\/\/karitaszkozpont.hu\/\"},{\"@type\":\"ListItem\",\"position\":2,\"name\":\"115. Karit\u00e1sz egyperces\"}]},{\"@type\":\"WebSite\",\"@id\":\"https:\/\/karitaszkozpont.hu\/#website\",\"url\":\"https:\/\/karitaszkozpont.hu\/\",\"name\":\"Szent Erzs\u00e9bet Karit\u00e1sz K\u00f6zpont\",\"description\":\"Esztergom-Budapesti F\u0151egyh\u00e1zmegye\",\"publisher\":{\"@id\":\"https:\/\/karitaszkozpont.hu\/#organization\"},\"potentialAction\":[{\"@type\":\"SearchAction\",\"target\":{\"@type\":\"EntryPoint\",\"urlTemplate\":\"https:\/\/karitaszkozpont.hu\/?s={search_term_string}\"},\"query-input\":\"required name=search_term_string\"}],\"inLanguage\":\"hu\"},{\"@type\":\"Organization\",\"@id\":\"https:\/\/karitaszkozpont.hu\/#organization\",\"name\":\"Szent Erzs\u00e9bet Karit\u00e1sz K\u00f6zpont\",\"url\":\"https:\/\/karitaszkozpont.hu\/\",\"logo\":{\"@type\":\"ImageObject\",\"inLanguage\":\"hu\",\"@id\":\"https:\/\/karitaszkozpont.hu\/#\/schema\/logo\/image\/\",\"url\":\"https:\/\/karitaszkp.hu\/wp-content\/uploads\/2019\/06\/cropped-logo-arnyekos-1.png\",\"contentUrl\":\"https:\/\/karitaszkp.hu\/wp-content\/uploads\/2019\/06\/cropped-logo-arnyekos-1.png\",\"width\":240,\"height\":247,\"caption\":\"Szent Erzs\u00e9bet Karit\u00e1sz K\u00f6zpont\"},\"image\":{\"@id\":\"https:\/\/karitaszkozpont.hu\/#\/schema\/logo\/image\/\"}},{\"@type\":\"Person\",\"@id\":\"https:\/\/karitaszkozpont.hu\/#\/schema\/person\/0d9c28244c111914ea13bb1248775e57\",\"name\":\"Karit\u00e1sz K\u00f6zpont\",\"image\":{\"@type\":\"ImageObject\",\"inLanguage\":\"hu\",\"@id\":\"https:\/\/karitaszkozpont.hu\/#\/schema\/person\/image\/\",\"url\":\"https:\/\/secure.gravatar.com\/avatar\/1274acd7c62f3cac92d2b38aad20c71b?s=96&d=mm&r=g\",\"contentUrl\":\"https:\/\/secure.gravatar.com\/avatar\/1274acd7c62f3cac92d2b38aad20c71b?s=96&d=mm&r=g\",\"caption\":\"Karit\u00e1sz K\u00f6zpont\"},\"url\":\"https:\/\/karitaszkozpont.hu\/?author=1\"}]}<\/script>\n<!-- \/ Yoast SEO plugin. -->","yoast_head_json":{"title":"115. Karit\u00e1sz egyperces - Szent Erzs\u00e9bet Karit\u00e1sz K\u00f6zpont","robots":{"index":"index","follow":"follow","max-snippet":"max-snippet:-1","max-image-preview":"max-image-preview:large","max-video-preview":"max-video-preview:-1"},"canonical":"https:\/\/karitaszkozpont.hu\/?p=1182","og_locale":"hu_HU","og_type":"article","og_title":"115. Karit\u00e1sz egyperces - Szent Erzs\u00e9bet Karit\u00e1sz K\u00f6zpont","og_description":"115. Krisztus h\u00e9t szava a kereszten \u201eBetegs\u00e9ge, a mi gy\u00f3gyul\u00e1sunk, r\u00fat hal\u00e1la legy\u0151zi hal\u00e1lunk\u201d (Nagycs\u00fct\u00f6rt\u00f6ki virraszt\u00f3 ima\u00f3ra \u00e9nekv\u00e1lasza) Kedves Karit\u00e1sz \u00d6nk\u00e9ntesek, Munkat\u00e1rsak, Testv\u00e9rek az \u00darban! Az \u00dar J\u00e9zus utols\u00f3 szavait elm\u00e9lkedj\u00fck \u00e1t sz\u00edv\u00fcnkben \u00e9s tekins\u00fcnk fel arra, akit \u00e9rt\u00fcnk \u00e1tsz\u00fartak, tekints\u00fcnk a vil\u00e1g v\u00e1lts\u00e1g\u00e1nak keresztf\u00e1j\u00e1ra: 1. \u201e\u00c9li, \u00c9li, lama sabaktani \u2013 \u00e9n Istenem, \u00e9n Istenem &hellip; Continue reading \"115. Karit\u00e1sz egyperces\"","og_url":"https:\/\/karitaszkozpont.hu\/?p=1182","og_site_name":"Szent Erzs\u00e9bet Karit\u00e1sz K\u00f6zpont","article_published_time":"2021-04-02T12:04:44+00:00","article_modified_time":"2021-04-02T12:04:45+00:00","og_image":[{"width":2300,"height":1528,"url":"https:\/\/karitaszkozpont.hu\/wp-content\/uploads\/2019\/07\/egyperceslogo.jpg","type":"image\/jpeg"}],"author":"Karit\u00e1sz K\u00f6zpont","twitter_card":"summary_large_image","twitter_misc":{"Szerz\u0151:":"Karit\u00e1sz K\u00f6zpont","Becs\u00fclt olvas\u00e1si id\u0151":"3 perc"},"schema":{"@context":"https:\/\/schema.org","@graph":[{"@type":"Article","@id":"https:\/\/karitaszkozpont.hu\/?p=1182#article","isPartOf":{"@id":"https:\/\/karitaszkozpont.hu\/?p=1182"},"author":{"name":"Karit\u00e1sz K\u00f6zpont","@id":"https:\/\/karitaszkozpont.hu\/#\/schema\/person\/0d9c28244c111914ea13bb1248775e57"},"headline":"115. Karit\u00e1sz egyperces","datePublished":"2021-04-02T12:04:44+00:00","dateModified":"2021-04-02T12:04:45+00:00","mainEntityOfPage":{"@id":"https:\/\/karitaszkozpont.hu\/?p=1182"},"wordCount":845,"commentCount":0,"publisher":{"@id":"https:\/\/karitaszkozpont.hu\/#organization"},"articleSection":["Egypercesek"],"inLanguage":"hu","potentialAction":[{"@type":"CommentAction","name":"Comment","target":["https:\/\/karitaszkozpont.hu\/?p=1182#respond"]}]},{"@type":"WebPage","@id":"https:\/\/karitaszkozpont.hu\/?p=1182","url":"https:\/\/karitaszkozpont.hu\/?p=1182","name":"115. Karit\u00e1sz egyperces - Szent Erzs\u00e9bet Karit\u00e1sz K\u00f6zpont","isPartOf":{"@id":"https:\/\/karitaszkozpont.hu\/#website"},"datePublished":"2021-04-02T12:04:44+00:00","dateModified":"2021-04-02T12:04:45+00:00","breadcrumb":{"@id":"https:\/\/karitaszkozpont.hu\/?p=1182#breadcrumb"},"inLanguage":"hu","potentialAction":[{"@type":"ReadAction","target":["https:\/\/karitaszkozpont.hu\/?p=1182"]}]},{"@type":"BreadcrumbList","@id":"https:\/\/karitaszkozpont.hu\/?p=1182#breadcrumb","itemListElement":[{"@type":"ListItem","position":1,"name":"Kezd\u0151lap","item":"https:\/\/karitaszkozpont.hu\/"},{"@type":"ListItem","position":2,"name":"115. Karit\u00e1sz egyperces"}]},{"@type":"WebSite","@id":"https:\/\/karitaszkozpont.hu\/#website","url":"https:\/\/karitaszkozpont.hu\/","name":"Szent Erzs\u00e9bet Karit\u00e1sz K\u00f6zpont","description":"Esztergom-Budapesti F\u0151egyh\u00e1zmegye","publisher":{"@id":"https:\/\/karitaszkozpont.hu\/#organization"},"potentialAction":[{"@type":"SearchAction","target":{"@type":"EntryPoint","urlTemplate":"https:\/\/karitaszkozpont.hu\/?s={search_term_string}"},"query-input":"required name=search_term_string"}],"inLanguage":"hu"},{"@type":"Organization","@id":"https:\/\/karitaszkozpont.hu\/#organization","name":"Szent Erzs\u00e9bet Karit\u00e1sz K\u00f6zpont","url":"https:\/\/karitaszkozpont.hu\/","logo":{"@type":"ImageObject","inLanguage":"hu","@id":"https:\/\/karitaszkozpont.hu\/#\/schema\/logo\/image\/","url":"https:\/\/karitaszkp.hu\/wp-content\/uploads\/2019\/06\/cropped-logo-arnyekos-1.png","contentUrl":"https:\/\/karitaszkp.hu\/wp-content\/uploads\/2019\/06\/cropped-logo-arnyekos-1.png","width":240,"height":247,"caption":"Szent Erzs\u00e9bet Karit\u00e1sz K\u00f6zpont"},"image":{"@id":"https:\/\/karitaszkozpont.hu\/#\/schema\/logo\/image\/"}},{"@type":"Person","@id":"https:\/\/karitaszkozpont.hu\/#\/schema\/person\/0d9c28244c111914ea13bb1248775e57","name":"Karit\u00e1sz K\u00f6zpont","image":{"@type":"ImageObject","inLanguage":"hu","@id":"https:\/\/karitaszkozpont.hu\/#\/schema\/person\/image\/","url":"https:\/\/secure.gravatar.com\/avatar\/1274acd7c62f3cac92d2b38aad20c71b?s=96&d=mm&r=g","contentUrl":"https:\/\/secure.gravatar.com\/avatar\/1274acd7c62f3cac92d2b38aad20c71b?s=96&d=mm&r=g","caption":"Karit\u00e1sz K\u00f6zpont"},"url":"https:\/\/karitaszkozpont.hu\/?author=1"}]}},"_links":{"self":[{"href":"https:\/\/karitaszkozpont.hu\/index.php?rest_route=\/wp\/v2\/posts\/1182"}],"collection":[{"href":"https:\/\/karitaszkozpont.hu\/index.php?rest_route=\/wp\/v2\/posts"}],"about":[{"href":"https:\/\/karitaszkozpont.hu\/index.php?rest_route=\/wp\/v2\/types\/post"}],"author":[{"embeddable":true,"href":"https:\/\/karitaszkozpont.hu\/index.php?rest_route=\/wp\/v2\/users\/1"}],"replies":[{"embeddable":true,"href":"https:\/\/karitaszkozpont.hu\/index.php?rest_route=%2Fwp%2Fv2%2Fcomments&post=1182"}],"version-history":[{"count":1,"href":"https:\/\/karitaszkozpont.hu\/index.php?rest_route=\/wp\/v2\/posts\/1182\/revisions"}],"predecessor-version":[{"id":1183,"href":"https:\/\/karitaszkozpont.hu\/index.php?rest_route=\/wp\/v2\/posts\/1182\/revisions\/1183"}],"wp:featuredmedia":[{"embeddable":true,"href":"https:\/\/karitaszkozpont.hu\/index.php?rest_route=\/wp\/v2\/media\/563"}],"wp:attachment":[{"href":"https:\/\/karitaszkozpont.hu\/index.php?rest_route=%2Fwp%2Fv2%2Fmedia&parent=1182"}],"wp:term":[{"taxonomy":"category","embeddable":true,"href":"https:\/\/karitaszkozpont.hu\/index.php?rest_route=%2Fwp%2Fv2%2Fcategories&post=1182"},{"taxonomy":"post_tag","embeddable":true,"href":"https:\/\/karitaszkozpont.hu\/index.php?rest_route=%2Fwp%2Fv2%2Ftags&post=1182"}],"curies":[{"name":"wp","href":"https:\/\/api.w.org\/{rel}","templated":true}]}}