{"id":1170,"date":"2021-03-27T14:21:30","date_gmt":"2021-03-27T12:21:30","guid":{"rendered":"http:\/\/karitaszkp.hu\/?p=1170"},"modified":"2021-03-27T14:21:31","modified_gmt":"2021-03-27T12:21:31","slug":"114-karitasz-egyperces","status":"publish","type":"post","link":"https:\/\/karitaszkozpont.hu\/?p=1170","title":{"rendered":"114. Karit\u00e1sz egyperces"},"content":{"rendered":"\n<p class=\"has-white-color has-vivid-red-background-color has-text-color has-background has-large-font-size\"><em><\/em><strong>114. \u00c1ldott, aki j\u00f6n az \u00dar nev\u00e9ben<\/strong><\/p>\n\n\n\n<p class=\"has-background\" style=\"background-color:#cacaca\"><em>\u201e\u00dcdv\u00fcnknek boldog \u00fcnnepe, ujjongnak mind a sz\u00e1zadok,<\/em><\/p>\n\n\n\n<p class=\"has-background\" style=\"background-color:#cacaca\"><em>J\u00e9zus, megv\u00e1lt\u00f3 Isten\u00fcnk vil\u00e1gnak gy\u00f3gyul\u00e1st hozott\u201d<\/em><\/p>\n\n\n\n<p class=\"has-background\" style=\"background-color:#cacaca\"><em>(Magnum salutis gaudium \u2013 Vir\u00e1rvas\u00e1rnapi himnusz)<\/em><\/p>\n\n\n\n<p>Kedves Karit\u00e1sz \u00d6nk\u00e9ntesek, Munkat\u00e1rsak, Testv\u00e9rek az \u00darban!<\/p>\n\n\n\n<p>Vir\u00e1gvas\u00e1rnap az \u00dar J\u00e9zus Jeruzs\u00e1lembe val\u00f3 bevonul\u00e1s\u00e1t \u00fcnnepelj\u00fck. A n\u00e9p hozsann\u00e1val, azaz \u00f6r\u00f6mujjong\u00e1ssal \u00e9s p\u00e1lma\u00e1gakkal, ruh\u00e1juk el\u00e9be ter\u00edt\u00e9s\u00e9vel k\u00f6sz\u00f6nti a Kir\u00e1lyt. Nagy a boldogs\u00e1g a h\u00edvek sz\u00edv\u00e9ben, nagy a forrong\u00e1s, a nyugtal\u00e1ns\u00e1g, a fesz\u00fclts\u00e9g, mert mindenki \u00e9rzi, hogy valami nagyon nagy dolog t\u00f6rt\u00e9nik. Nagy dolog t\u00f6rt\u00e9nik, mert&nbsp;<strong>J\u00e9zus val\u00f3j\u00e1ban az emberi sz\u00edvekbe k\u00e9r bebocs\u00e1t\u00e1st. Oda akar bevonulni, hogy a sz\u00edv\u00fcnkben b\u00e9ke, f\u00e9ny \u00e9s boldogas\u00e1g legyen.<\/strong><\/p>\n\n\n\n<p>\u0150 maga ugyanis a b\u00e9ke, a f\u00e9ny, boldogs\u00e1g, a rem\u00e9ny, a j\u00f6v\u0151, az \u00e9let. Jeruzs\u00e1lem (a sz\u00f3 jelent\u00e9se szerint) a b\u00e9ke v\u00e1rosa, a Isten ragyog\u00e1sa, f\u00e9nye, a kereszt\u00e9nyek, a zsid\u00f3k \u00e9s az arabok szent v\u00e1rosa. Mindezek jelzik, hogy J\u00e9zus egyetemes \u00fcdv\u00f6z\u00edt\u0151, mindannyiunk megv\u00e1lt\u00f3ja t\u00e9rben \u00e9s id\u0151ben egyar\u00e1nt.<\/p>\n\n\n\n<p>J\u00e9zus szer\u00e9nyen, szam\u00e1rcsik\u00f3n \u00e9rkezik, hatalm\u00e1t nem nyilv\u00e1n\u00edtja ki, szel\u00edden \u00e9rkezik, de m\u00e9gis er\u0151vel, hat\u00e1rozottan, mert tudja, hogy neki k\u00fcldet\u00e9se van. Maga az Atya k\u00fcldte, hogy megmentse, ami elveszett, hogy megmentse h\u0171tlen n\u00e9p\u00e9t, minden egyes embert. Hogy az igazs\u00e1gr\u00f3l tan\u00fas\u00e1got tegyen, elv\u00e9gezze az igazs\u00e1gt\u00e9telt helyett\u00fcnk, hogy hatalm\u00e1t ne az \u00edt\u00e9let jellemezze, hanem a kereszten kit\u00e1rt karjai, mely mindeneket mag\u00e1hoz vonz, amivel \u00e1t\u00f6leli az eg\u00e9sz vil\u00e1got.<\/p>\n\n\n\n<p>Ugyanakkor j\u00f6vetele, bevonul\u00e1sa ellen\u00e1ll\u00e1st v\u00e1lt ki mindazokban, akik nem akarj\u00e1k \u0151t, nem akarj\u00e1k vezet\u00e9s\u00e9t, nem akarj\u00e1k, hogy Uruk legyen, nem akarj\u00e1k csod\u00e1it, nem akarj\u00e1k, hogy megmentse \u0151ket. Akik nem akarj\u00e1k \u0151t Istennek elfogadni, akik csal\u00f3nak, sz\u00e9lh\u00e1mosnak tarj\u00e1k \u0151t. A t\u00f6rt\u00e9net le\u00edr\u00e1s\u00e1ban \u0151k a vezet\u0151k, az \u00edr\u00e1stud\u00f3k, akik f\u00e9lt\u00e9kenyek r\u00e1, akik csak a saj\u00e1t \u00e9rtelmez\u00e9s\u00fcket fogadj\u00e1k el a szent\u00edr\u00e1sb\u00f3l a szent hagyom\u00e1nyok alapj\u00e1n. \u0150k, akik nem tudnak, mert nem akarnak kicsinyek lenni, akik okosabbak akarnak lenni Istenn\u00e9l, akik magukat el\u0151bbre helyezik n\u00e1la, akik nem tarj\u00e1k m\u00e9lt\u00f3nak magukat az \u00fcdv\u00f6ss\u00e9gre. (v\u00f6. ApCsel 13,46) Elhat\u00e1rozt\u00e1k, hogy J\u00e9zust meg\u00f6lik. Az Egyh\u00e1z ezt a dics\u0151s\u00e9ges napot \u00edgy h\u00edvja:&nbsp;<em>Az \u00dar szenved\u00e9s\u00e9nek vas\u00e1rnapja<\/em>.<\/p>\n\n\n\n<p>Ez a fesz\u00fclts\u00e9g, ez az ellentmond\u00e1s, ez a konfliktus azel\u0151tt \u00e9s azut\u00e1n is, mind a mai napig, \u00e9s a j\u00f6v\u0151ben is meghat\u00e1roz\u00f3, v\u00edzv\u00e1laszt\u00f3 volt \u00e9s lesz. Mindenkinek a sorsa ennek a k\u00e9rd\u00e9snek a megv\u00e1laszol\u00e1s\u00e1n m\u00falik: Istennel, Istenben \u00e9lni, vagy vele szemben d\u00f6nteni. A mi karit\u00e1sz k\u00fcldet\u00e9s\u00fcnk is arra ir\u00e1nyul, hogy seg\u00edts\u00fcnk embert\u00e1rsainknak a j\u00f3 d\u00f6nt\u00e9s meghozatal\u00e1ban. Mutassuk meg, hogy csak J\u00e9zus nev\u00e9ben van \u00fcdv\u00f6ss\u00e9g, rem\u00e9ny. Csak vele \u00e9rkezhet\u00fcnk c\u00e9lba, aki maga az \u00dat, az Igazs\u00e1g \u00e9s az \u00c9let.<\/p>\n\n\n\n<p>A zsid\u00f3 vezet\u0151k el akart\u00e1k hallgattatni a n\u00e9pet, de nem tudt\u00e1k. Az \u00dar mell\u00e9j\u00fck \u00e1llt \u00e9s szavai \u00e9les kardk\u00e9nt has\u00edtottak az ellen\u00e1ll\u00f3k sz\u00edv\u00e9be:&nbsp;<em>\u201eha ezeket elhallgatnak, a k\u00f6vek fognak megsz\u00f3lalni\u201d. (Lk 19,40)<\/em>&nbsp;Itt \u00e9s most mi vagyunk a n\u00e9p, Isten n\u00e9pe. Hallassuk szavunkat, \u00e9s tetteinkel igazoljuk \u0151ket! Tartsunk ki hitben \u00e9s szeretetben, \u00edgy teljes\u00edtj\u00fck be k\u00fcldet\u00e9s\u00fcnket mi is! M\u00e9g nem sz\u00f3laltak meg a k\u00f6vek helyett\u00fcnk, m\u00e9g&nbsp;<strong>van lehet\u0151s\u00e9g\u00fcnk megtenni a j\u00f3t, megtenni az igazs\u00e1got \u00e9s tan\u00fas\u00e1got tenni Isten szeretet\u00e9r\u0151l, irgalmass\u00e1g\u00e1r\u00f3l<\/strong>. Ez bizony \u00e1ldozat, ez bizony szenved\u00e9s, ez bizony f\u00e1jadalom is \u2013 de&nbsp;<strong>ne sajn\u00e1ljunk semmit, ne tartsunk vissza semmit magunkb\u00f3l! \u00d3ri\u00e1si szeretetkapacit\u00e1s van benn\u00fcnk<\/strong>. \u00dagy s\u00e1f\u00e1rkodjuk vele, ahogy az \u00dar tette, azaz adjuk teljesen \u00f6nmagunkat neki a szeretetnek. Elj\u00f6tt az id\u0151, vir\u00e1gvas\u00e1rnap szenved\u00e9s \u00fcnnepe, nagyh\u00e9t a szenved\u00e9s hete. Az Egyh\u00e1z arra tan\u00edt minket, hogy a szenved\u00e9s \u00fcnnep, ha Krisztusban van, ha szeretetb\u0151l fakad, ha bele vissz\u00fck a szenved\u00e9seinkbe az \u00dar J\u00e9zust \u00e9s a Sz\u0171zany\u00e1t, akinek sz\u00edv\u00e9t is t\u0151r j\u00e1rta \u00e1t. Minden szenved\u00e9snek, f\u00e1jdalomnak csak akkor van \u00e9rtelme, ha a nagyp\u00e9ntek ut\u00e1n a h\u00fasv\u00e9tvas\u00e1rnap k\u00f6vetkezik. De mivel ez \u00e9ppen \u00edgy is t\u00f6rt\u00e9nt, az \u00dar felt\u00e1madt, \u00edgy minden \u00e9rtelmet kapott, minden a hely\u00e9re ker\u00fclt.&nbsp;<strong>Ezzel a lelk\u00fclettel, k\u00e9szs\u00e9ggel \u00e9lj\u00fck meg, \u00e9lj\u00fck \u00e1t a nagyhetet!<\/strong><\/p>\n\n\n\n<p>Hirdet\u00e9sek:<\/p>\n\n\n\n<p>\u00b7&nbsp;&nbsp;&nbsp;&nbsp;&nbsp;&nbsp;&nbsp;&nbsp;&nbsp;A k\u00f6vetkez\u0151 karit\u00e1sz m\u0171sorunk a M\u00e1ria R\u00e1di\u00f3ban m\u00e1rcius 31-\u00e9n 10.50 \u00f3rakor kezd\u0151dik.<\/p>\n\n\n\n<p>\u00b7&nbsp;&nbsp;&nbsp;&nbsp;&nbsp;&nbsp;&nbsp;&nbsp;&nbsp;Kor\u00e1bbi m\u0171soraink itt hallgathat\u00f3k meg:&nbsp;<a href=\"https:\/\/www.mariaradio.hu\/musor\/4814\/Tevekeny_Szeretet\" target=\"_blank\" rel=\"noreferrer noopener\">https:\/\/www.mariaradio.hu\/musor\/4814\/Tevekeny_Szeretet<\/a><\/p>\n\n\n\n<p>\u00b7&nbsp;&nbsp;&nbsp;&nbsp;&nbsp;&nbsp;&nbsp;&nbsp;&nbsp;Felh\u00edvom mindenki figyelm\u00e9t, hogy a facebook- \u00e9s weboldalunkon folyamatosan friss\u00fclnek a h\u00edreink.&nbsp;<a href=\"http:\/\/www.karitaszkp.hu\/\" target=\"_blank\" rel=\"noreferrer noopener\">www.karitaszkp.hu<\/a>&nbsp;,&nbsp;<a href=\"https:\/\/www.facebook.com\/szenterzsebetkaritaszkozpont\" target=\"_blank\" rel=\"noreferrer noopener\">Esztergom-Budapesti F\u0151egyh\u00e1zmegye Szent Erzs\u00e9bet Karit\u00e1sz K\u00f6zpont | Facebook<\/a><\/p>\n\n\n\n<p>\u00b7&nbsp;&nbsp;&nbsp;&nbsp;&nbsp;&nbsp;&nbsp;&nbsp;&nbsp;A Szent Erzs\u00e9bet Karit\u00e1sz K\u00f6zpont k\u00e9r\u00e9s\u00e9re f\u0151tisztelend\u0151 Feldhoffer Antal pl\u00e9b\u00e1nos atya minden els\u0151 h\u00e9tf\u0151n 15.30-kor karit\u00e1sz szentmis\u00e9t mutat be a 1035 Budapest, III. ker. K\u00f3rh\u00e1z u. 37. sz\u00e1m alatti Szent J\u00f3zsef templomban. Misesz\u00e1nd\u00e9k: \u00e9l\u0151 \u00e9s elhunyt karit\u00e1szosok\u00e9rt. A k\u00f6vetkez\u0151 alkalom kiv\u00e9telesen \u00e1prilis 12. lesz, mert az els\u0151 h\u00e9tf\u0151 h\u00fasv\u00e9th\u00e9tf\u0151. Rem\u00e9lj\u00fck, hogy a j\u00e1rv\u00e1ny\u00fcgyi korl\u00e1toz\u00e1sok addigra m\u00e1r nem lesznek sz\u00fcks\u00e9gesek!<\/p>\n\n\n\n<p>Csorba G\u00e1bor<\/p>\n\n\n\n<p>\u00e1lland\u00f3 diak\u00f3nus, karit\u00e1sz igazgat\u00f3<\/p>\n\n\n\n<p>Esztergom-Budapesti F\u0151egyh\u00e1zmegye<\/p>\n\n\n\n<p>Szent Erzs\u00e9bet Karit\u00e1sz K\u00f6zpont<\/p>\n\n\n\n<p class=\"has-background\" style=\"background-color:#cacaca\">Sz\u00e9khely:&nbsp;<a href=\"https:\/\/www.google.com\/maps\/search\/1067+Budapest,+Hunyadi+t%C3%A9r+3?entry=gmail&amp;source=g\">1067 Budapest, Hunyadi t\u00e9r 3<\/a>. f\u00e9lemelet 1.<\/p>\n\n\n\n<p class=\"has-background\" style=\"background-color:#cacaca\">Telefon: +36-1-351-1977<\/p>\n\n\n\n<p class=\"has-background\" style=\"background-color:#cacaca\">Mobil: +36-30-592-1483<\/p>\n\n\n\n<p class=\"has-background\" style=\"background-color:#cacaca\">E-mail:&nbsp;<a href=\"mailto:szenterzsebet@karitaszkozpont.hu\" target=\"_blank\" rel=\"noreferrer noopener\">szenterzsebet@karitaszkozpont.hu<\/a><\/p>\n\n\n\n<p class=\"has-background\" style=\"background-color:#cacaca\">Honlap:&nbsp;<a href=\"http:\/\/www.karitaszkp.hu\/\" target=\"_blank\" rel=\"noreferrer noopener\">www.karitaszkp.hu<\/a><\/p>\n\n\n\n<p class=\"has-background\" style=\"background-color:#cacaca\">A kor\u00e1bbi egypercesek itt \u00e9rhet\u0151k el:&nbsp;<a href=\"https:\/\/karitaszegypercesek.blogspot.com\/\" target=\"_blank\" rel=\"noreferrer noopener\">https:\/\/karitaszegypercesek.blogspot.com\/<\/a><\/p>\n","protected":false},"excerpt":{"rendered":"<p>114. \u00c1ldott, aki j\u00f6n az \u00dar nev\u00e9ben \u201e\u00dcdv\u00fcnknek boldog \u00fcnnepe, ujjongnak mind a sz\u00e1zadok, J\u00e9zus, megv\u00e1lt\u00f3 Isten\u00fcnk vil\u00e1gnak gy\u00f3gyul\u00e1st hozott\u201d (Magnum salutis gaudium \u2013 Vir\u00e1rvas\u00e1rnapi himnusz) Kedves Karit\u00e1sz \u00d6nk\u00e9ntesek, Munkat\u00e1rsak, Testv\u00e9rek az \u00darban! Vir\u00e1gvas\u00e1rnap az \u00dar J\u00e9zus Jeruzs\u00e1lembe val\u00f3 bevonul\u00e1s\u00e1t \u00fcnnepelj\u00fck. A n\u00e9p hozsann\u00e1val, azaz \u00f6r\u00f6mujjong\u00e1ssal \u00e9s p\u00e1lma\u00e1gakkal, ruh\u00e1juk el\u00e9be ter\u00edt\u00e9s\u00e9vel k\u00f6sz\u00f6nti a Kir\u00e1lyt. Nagy &hellip; <\/p>\n<p class=\"link-more\"><a href=\"https:\/\/karitaszkozpont.hu\/?p=1170\" class=\"more-link\">Continue reading<span class=\"screen-reader-text\"> &#8222;114. Karit\u00e1sz egyperces&#8221;<\/span><\/a><\/p>\n","protected":false},"author":1,"featured_media":563,"comment_status":"open","ping_status":"open","sticky":false,"template":"","format":"standard","meta":[],"categories":[8],"tags":[],"yoast_head":"<!-- This site is optimized with the Yoast SEO plugin v20.1 - https:\/\/yoast.com\/wordpress\/plugins\/seo\/ -->\n<title>114. Karit\u00e1sz egyperces - Szent Erzs\u00e9bet Karit\u00e1sz K\u00f6zpont<\/title>\n<meta name=\"robots\" content=\"index, follow, max-snippet:-1, max-image-preview:large, max-video-preview:-1\" \/>\n<link rel=\"canonical\" href=\"https:\/\/karitaszkozpont.hu\/?p=1170\" \/>\n<meta property=\"og:locale\" content=\"hu_HU\" \/>\n<meta property=\"og:type\" content=\"article\" \/>\n<meta property=\"og:title\" content=\"114. Karit\u00e1sz egyperces - Szent Erzs\u00e9bet Karit\u00e1sz K\u00f6zpont\" \/>\n<meta property=\"og:description\" content=\"114. \u00c1ldott, aki j\u00f6n az \u00dar nev\u00e9ben \u201e\u00dcdv\u00fcnknek boldog \u00fcnnepe, ujjongnak mind a sz\u00e1zadok, J\u00e9zus, megv\u00e1lt\u00f3 Isten\u00fcnk vil\u00e1gnak gy\u00f3gyul\u00e1st hozott\u201d (Magnum salutis gaudium \u2013 Vir\u00e1rvas\u00e1rnapi himnusz) Kedves Karit\u00e1sz \u00d6nk\u00e9ntesek, Munkat\u00e1rsak, Testv\u00e9rek az \u00darban! Vir\u00e1gvas\u00e1rnap az \u00dar J\u00e9zus Jeruzs\u00e1lembe val\u00f3 bevonul\u00e1s\u00e1t \u00fcnnepelj\u00fck. A n\u00e9p hozsann\u00e1val, azaz \u00f6r\u00f6mujjong\u00e1ssal \u00e9s p\u00e1lma\u00e1gakkal, ruh\u00e1juk el\u00e9be ter\u00edt\u00e9s\u00e9vel k\u00f6sz\u00f6nti a Kir\u00e1lyt. Nagy &hellip; Continue reading &quot;114. Karit\u00e1sz egyperces&quot;\" \/>\n<meta property=\"og:url\" content=\"https:\/\/karitaszkozpont.hu\/?p=1170\" \/>\n<meta property=\"og:site_name\" content=\"Szent Erzs\u00e9bet Karit\u00e1sz K\u00f6zpont\" \/>\n<meta property=\"article:published_time\" content=\"2021-03-27T12:21:30+00:00\" \/>\n<meta property=\"article:modified_time\" content=\"2021-03-27T12:21:31+00:00\" \/>\n<meta property=\"og:image\" content=\"https:\/\/karitaszkozpont.hu\/wp-content\/uploads\/2019\/07\/egyperceslogo.jpg\" \/>\n\t<meta property=\"og:image:width\" content=\"2300\" \/>\n\t<meta property=\"og:image:height\" content=\"1528\" \/>\n\t<meta property=\"og:image:type\" content=\"image\/jpeg\" \/>\n<meta name=\"author\" content=\"Karit\u00e1sz K\u00f6zpont\" \/>\n<meta name=\"twitter:card\" content=\"summary_large_image\" \/>\n<meta name=\"twitter:label1\" content=\"Szerz\u0151:\" \/>\n\t<meta name=\"twitter:data1\" content=\"Karit\u00e1sz K\u00f6zpont\" \/>\n\t<meta name=\"twitter:label2\" content=\"Becs\u00fclt olvas\u00e1si id\u0151\" \/>\n\t<meta name=\"twitter:data2\" content=\"4 perc\" \/>\n<script type=\"application\/ld+json\" class=\"yoast-schema-graph\">{\"@context\":\"https:\/\/schema.org\",\"@graph\":[{\"@type\":\"Article\",\"@id\":\"https:\/\/karitaszkozpont.hu\/?p=1170#article\",\"isPartOf\":{\"@id\":\"https:\/\/karitaszkozpont.hu\/?p=1170\"},\"author\":{\"name\":\"Karit\u00e1sz K\u00f6zpont\",\"@id\":\"https:\/\/karitaszkozpont.hu\/#\/schema\/person\/0d9c28244c111914ea13bb1248775e57\"},\"headline\":\"114. Karit\u00e1sz egyperces\",\"datePublished\":\"2021-03-27T12:21:30+00:00\",\"dateModified\":\"2021-03-27T12:21:31+00:00\",\"mainEntityOfPage\":{\"@id\":\"https:\/\/karitaszkozpont.hu\/?p=1170\"},\"wordCount\":1153,\"commentCount\":0,\"publisher\":{\"@id\":\"https:\/\/karitaszkozpont.hu\/#organization\"},\"articleSection\":[\"Egypercesek\"],\"inLanguage\":\"hu\",\"potentialAction\":[{\"@type\":\"CommentAction\",\"name\":\"Comment\",\"target\":[\"https:\/\/karitaszkozpont.hu\/?p=1170#respond\"]}]},{\"@type\":\"WebPage\",\"@id\":\"https:\/\/karitaszkozpont.hu\/?p=1170\",\"url\":\"https:\/\/karitaszkozpont.hu\/?p=1170\",\"name\":\"114. Karit\u00e1sz egyperces - Szent Erzs\u00e9bet Karit\u00e1sz K\u00f6zpont\",\"isPartOf\":{\"@id\":\"https:\/\/karitaszkozpont.hu\/#website\"},\"datePublished\":\"2021-03-27T12:21:30+00:00\",\"dateModified\":\"2021-03-27T12:21:31+00:00\",\"breadcrumb\":{\"@id\":\"https:\/\/karitaszkozpont.hu\/?p=1170#breadcrumb\"},\"inLanguage\":\"hu\",\"potentialAction\":[{\"@type\":\"ReadAction\",\"target\":[\"https:\/\/karitaszkozpont.hu\/?p=1170\"]}]},{\"@type\":\"BreadcrumbList\",\"@id\":\"https:\/\/karitaszkozpont.hu\/?p=1170#breadcrumb\",\"itemListElement\":[{\"@type\":\"ListItem\",\"position\":1,\"name\":\"Kezd\u0151lap\",\"item\":\"https:\/\/karitaszkozpont.hu\/\"},{\"@type\":\"ListItem\",\"position\":2,\"name\":\"114. Karit\u00e1sz egyperces\"}]},{\"@type\":\"WebSite\",\"@id\":\"https:\/\/karitaszkozpont.hu\/#website\",\"url\":\"https:\/\/karitaszkozpont.hu\/\",\"name\":\"Szent Erzs\u00e9bet Karit\u00e1sz K\u00f6zpont\",\"description\":\"Esztergom-Budapesti F\u0151egyh\u00e1zmegye\",\"publisher\":{\"@id\":\"https:\/\/karitaszkozpont.hu\/#organization\"},\"potentialAction\":[{\"@type\":\"SearchAction\",\"target\":{\"@type\":\"EntryPoint\",\"urlTemplate\":\"https:\/\/karitaszkozpont.hu\/?s={search_term_string}\"},\"query-input\":\"required name=search_term_string\"}],\"inLanguage\":\"hu\"},{\"@type\":\"Organization\",\"@id\":\"https:\/\/karitaszkozpont.hu\/#organization\",\"name\":\"Szent Erzs\u00e9bet Karit\u00e1sz K\u00f6zpont\",\"url\":\"https:\/\/karitaszkozpont.hu\/\",\"logo\":{\"@type\":\"ImageObject\",\"inLanguage\":\"hu\",\"@id\":\"https:\/\/karitaszkozpont.hu\/#\/schema\/logo\/image\/\",\"url\":\"https:\/\/karitaszkp.hu\/wp-content\/uploads\/2019\/06\/cropped-logo-arnyekos-1.png\",\"contentUrl\":\"https:\/\/karitaszkp.hu\/wp-content\/uploads\/2019\/06\/cropped-logo-arnyekos-1.png\",\"width\":240,\"height\":247,\"caption\":\"Szent Erzs\u00e9bet Karit\u00e1sz K\u00f6zpont\"},\"image\":{\"@id\":\"https:\/\/karitaszkozpont.hu\/#\/schema\/logo\/image\/\"}},{\"@type\":\"Person\",\"@id\":\"https:\/\/karitaszkozpont.hu\/#\/schema\/person\/0d9c28244c111914ea13bb1248775e57\",\"name\":\"Karit\u00e1sz K\u00f6zpont\",\"image\":{\"@type\":\"ImageObject\",\"inLanguage\":\"hu\",\"@id\":\"https:\/\/karitaszkozpont.hu\/#\/schema\/person\/image\/\",\"url\":\"https:\/\/secure.gravatar.com\/avatar\/1274acd7c62f3cac92d2b38aad20c71b?s=96&d=mm&r=g\",\"contentUrl\":\"https:\/\/secure.gravatar.com\/avatar\/1274acd7c62f3cac92d2b38aad20c71b?s=96&d=mm&r=g\",\"caption\":\"Karit\u00e1sz K\u00f6zpont\"},\"url\":\"https:\/\/karitaszkozpont.hu\/?author=1\"}]}<\/script>\n<!-- \/ Yoast SEO plugin. -->","yoast_head_json":{"title":"114. Karit\u00e1sz egyperces - Szent Erzs\u00e9bet Karit\u00e1sz K\u00f6zpont","robots":{"index":"index","follow":"follow","max-snippet":"max-snippet:-1","max-image-preview":"max-image-preview:large","max-video-preview":"max-video-preview:-1"},"canonical":"https:\/\/karitaszkozpont.hu\/?p=1170","og_locale":"hu_HU","og_type":"article","og_title":"114. Karit\u00e1sz egyperces - Szent Erzs\u00e9bet Karit\u00e1sz K\u00f6zpont","og_description":"114. \u00c1ldott, aki j\u00f6n az \u00dar nev\u00e9ben \u201e\u00dcdv\u00fcnknek boldog \u00fcnnepe, ujjongnak mind a sz\u00e1zadok, J\u00e9zus, megv\u00e1lt\u00f3 Isten\u00fcnk vil\u00e1gnak gy\u00f3gyul\u00e1st hozott\u201d (Magnum salutis gaudium \u2013 Vir\u00e1rvas\u00e1rnapi himnusz) Kedves Karit\u00e1sz \u00d6nk\u00e9ntesek, Munkat\u00e1rsak, Testv\u00e9rek az \u00darban! Vir\u00e1gvas\u00e1rnap az \u00dar J\u00e9zus Jeruzs\u00e1lembe val\u00f3 bevonul\u00e1s\u00e1t \u00fcnnepelj\u00fck. A n\u00e9p hozsann\u00e1val, azaz \u00f6r\u00f6mujjong\u00e1ssal \u00e9s p\u00e1lma\u00e1gakkal, ruh\u00e1juk el\u00e9be ter\u00edt\u00e9s\u00e9vel k\u00f6sz\u00f6nti a Kir\u00e1lyt. Nagy &hellip; Continue reading \"114. Karit\u00e1sz egyperces\"","og_url":"https:\/\/karitaszkozpont.hu\/?p=1170","og_site_name":"Szent Erzs\u00e9bet Karit\u00e1sz K\u00f6zpont","article_published_time":"2021-03-27T12:21:30+00:00","article_modified_time":"2021-03-27T12:21:31+00:00","og_image":[{"width":2300,"height":1528,"url":"https:\/\/karitaszkozpont.hu\/wp-content\/uploads\/2019\/07\/egyperceslogo.jpg","type":"image\/jpeg"}],"author":"Karit\u00e1sz K\u00f6zpont","twitter_card":"summary_large_image","twitter_misc":{"Szerz\u0151:":"Karit\u00e1sz K\u00f6zpont","Becs\u00fclt olvas\u00e1si id\u0151":"4 perc"},"schema":{"@context":"https:\/\/schema.org","@graph":[{"@type":"Article","@id":"https:\/\/karitaszkozpont.hu\/?p=1170#article","isPartOf":{"@id":"https:\/\/karitaszkozpont.hu\/?p=1170"},"author":{"name":"Karit\u00e1sz K\u00f6zpont","@id":"https:\/\/karitaszkozpont.hu\/#\/schema\/person\/0d9c28244c111914ea13bb1248775e57"},"headline":"114. Karit\u00e1sz egyperces","datePublished":"2021-03-27T12:21:30+00:00","dateModified":"2021-03-27T12:21:31+00:00","mainEntityOfPage":{"@id":"https:\/\/karitaszkozpont.hu\/?p=1170"},"wordCount":1153,"commentCount":0,"publisher":{"@id":"https:\/\/karitaszkozpont.hu\/#organization"},"articleSection":["Egypercesek"],"inLanguage":"hu","potentialAction":[{"@type":"CommentAction","name":"Comment","target":["https:\/\/karitaszkozpont.hu\/?p=1170#respond"]}]},{"@type":"WebPage","@id":"https:\/\/karitaszkozpont.hu\/?p=1170","url":"https:\/\/karitaszkozpont.hu\/?p=1170","name":"114. Karit\u00e1sz egyperces - Szent Erzs\u00e9bet Karit\u00e1sz K\u00f6zpont","isPartOf":{"@id":"https:\/\/karitaszkozpont.hu\/#website"},"datePublished":"2021-03-27T12:21:30+00:00","dateModified":"2021-03-27T12:21:31+00:00","breadcrumb":{"@id":"https:\/\/karitaszkozpont.hu\/?p=1170#breadcrumb"},"inLanguage":"hu","potentialAction":[{"@type":"ReadAction","target":["https:\/\/karitaszkozpont.hu\/?p=1170"]}]},{"@type":"BreadcrumbList","@id":"https:\/\/karitaszkozpont.hu\/?p=1170#breadcrumb","itemListElement":[{"@type":"ListItem","position":1,"name":"Kezd\u0151lap","item":"https:\/\/karitaszkozpont.hu\/"},{"@type":"ListItem","position":2,"name":"114. Karit\u00e1sz egyperces"}]},{"@type":"WebSite","@id":"https:\/\/karitaszkozpont.hu\/#website","url":"https:\/\/karitaszkozpont.hu\/","name":"Szent Erzs\u00e9bet Karit\u00e1sz K\u00f6zpont","description":"Esztergom-Budapesti F\u0151egyh\u00e1zmegye","publisher":{"@id":"https:\/\/karitaszkozpont.hu\/#organization"},"potentialAction":[{"@type":"SearchAction","target":{"@type":"EntryPoint","urlTemplate":"https:\/\/karitaszkozpont.hu\/?s={search_term_string}"},"query-input":"required name=search_term_string"}],"inLanguage":"hu"},{"@type":"Organization","@id":"https:\/\/karitaszkozpont.hu\/#organization","name":"Szent Erzs\u00e9bet Karit\u00e1sz K\u00f6zpont","url":"https:\/\/karitaszkozpont.hu\/","logo":{"@type":"ImageObject","inLanguage":"hu","@id":"https:\/\/karitaszkozpont.hu\/#\/schema\/logo\/image\/","url":"https:\/\/karitaszkp.hu\/wp-content\/uploads\/2019\/06\/cropped-logo-arnyekos-1.png","contentUrl":"https:\/\/karitaszkp.hu\/wp-content\/uploads\/2019\/06\/cropped-logo-arnyekos-1.png","width":240,"height":247,"caption":"Szent Erzs\u00e9bet Karit\u00e1sz K\u00f6zpont"},"image":{"@id":"https:\/\/karitaszkozpont.hu\/#\/schema\/logo\/image\/"}},{"@type":"Person","@id":"https:\/\/karitaszkozpont.hu\/#\/schema\/person\/0d9c28244c111914ea13bb1248775e57","name":"Karit\u00e1sz K\u00f6zpont","image":{"@type":"ImageObject","inLanguage":"hu","@id":"https:\/\/karitaszkozpont.hu\/#\/schema\/person\/image\/","url":"https:\/\/secure.gravatar.com\/avatar\/1274acd7c62f3cac92d2b38aad20c71b?s=96&d=mm&r=g","contentUrl":"https:\/\/secure.gravatar.com\/avatar\/1274acd7c62f3cac92d2b38aad20c71b?s=96&d=mm&r=g","caption":"Karit\u00e1sz K\u00f6zpont"},"url":"https:\/\/karitaszkozpont.hu\/?author=1"}]}},"_links":{"self":[{"href":"https:\/\/karitaszkozpont.hu\/index.php?rest_route=\/wp\/v2\/posts\/1170"}],"collection":[{"href":"https:\/\/karitaszkozpont.hu\/index.php?rest_route=\/wp\/v2\/posts"}],"about":[{"href":"https:\/\/karitaszkozpont.hu\/index.php?rest_route=\/wp\/v2\/types\/post"}],"author":[{"embeddable":true,"href":"https:\/\/karitaszkozpont.hu\/index.php?rest_route=\/wp\/v2\/users\/1"}],"replies":[{"embeddable":true,"href":"https:\/\/karitaszkozpont.hu\/index.php?rest_route=%2Fwp%2Fv2%2Fcomments&post=1170"}],"version-history":[{"count":1,"href":"https:\/\/karitaszkozpont.hu\/index.php?rest_route=\/wp\/v2\/posts\/1170\/revisions"}],"predecessor-version":[{"id":1171,"href":"https:\/\/karitaszkozpont.hu\/index.php?rest_route=\/wp\/v2\/posts\/1170\/revisions\/1171"}],"wp:featuredmedia":[{"embeddable":true,"href":"https:\/\/karitaszkozpont.hu\/index.php?rest_route=\/wp\/v2\/media\/563"}],"wp:attachment":[{"href":"https:\/\/karitaszkozpont.hu\/index.php?rest_route=%2Fwp%2Fv2%2Fmedia&parent=1170"}],"wp:term":[{"taxonomy":"category","embeddable":true,"href":"https:\/\/karitaszkozpont.hu\/index.php?rest_route=%2Fwp%2Fv2%2Fcategories&post=1170"},{"taxonomy":"post_tag","embeddable":true,"href":"https:\/\/karitaszkozpont.hu\/index.php?rest_route=%2Fwp%2Fv2%2Ftags&post=1170"}],"curies":[{"name":"wp","href":"https:\/\/api.w.org\/{rel}","templated":true}]}}