{"id":1162,"date":"2021-03-22T13:28:07","date_gmt":"2021-03-22T11:28:07","guid":{"rendered":"http:\/\/karitaszkp.hu\/?p=1162"},"modified":"2021-03-22T13:28:07","modified_gmt":"2021-03-22T11:28:07","slug":"zoldello-kertek-az-ongondoskodas-iskolaja","status":"publish","type":"post","link":"https:\/\/karitaszkozpont.hu\/?p=1162","title":{"rendered":"Z\u00f6ldell\u0151 kertek &#8211; Az \u00f6ngondoskod\u00e1s iskol\u00e1ja"},"content":{"rendered":"\n<p class=\"has-white-color has-vivid-red-background-color has-text-color has-background has-large-font-size\">Z\u00f6ldell\u0151 Kertek \u2013 Az \u00f6ngondoskod\u00e1s iskol\u00e1ja<\/p>\n\n\n\n<p>A Szent Erzs\u00e9bet Karit\u00e1sz K\u00f6zpont bekapcsol\u00f3dott a Katolikus Karit\u00e1sz \u00e1ltal szervezet \u00d6ngondoskod\u00f3 H\u00e1ztart\u00e1sok &nbsp;&#8211; Z\u00f6ldell\u0151 kertek programba.<\/p>\n\n\n\n<p>120 csal\u00e1d r\u00e9sz\u00e9re k\u00f6zponti t\u00e1mogat\u00e1sb\u00f3l kap vet\u0151mag csomagot \u00e9s 100 csal\u00e1d r\u00e9sz\u00e9re az Esztergom \u2013 Budapesti F\u0151egyh\u00e1zmegye Szent Erzs\u00e9bet Karit\u00e1sz K\u00f6zpontja biztos\u00edt 23 f\u00e9le vet\u0151magcsomagot.<\/p>\n\n\n\n<figure class=\"wp-block-image size-large\"><img decoding=\"async\" loading=\"lazy\" width=\"1024\" height=\"768\" src=\"http:\/\/karitaszkp.hu\/wp-content\/uploads\/2021\/03\/20210312_111128-1024x768.jpg\" alt=\"\" class=\"wp-image-1164\" srcset=\"https:\/\/karitaszkozpont.hu\/wp-content\/uploads\/2021\/03\/20210312_111128-1024x768.jpg 1024w, https:\/\/karitaszkozpont.hu\/wp-content\/uploads\/2021\/03\/20210312_111128-300x225.jpg 300w, https:\/\/karitaszkozpont.hu\/wp-content\/uploads\/2021\/03\/20210312_111128-768x576.jpg 768w, https:\/\/karitaszkozpont.hu\/wp-content\/uploads\/2021\/03\/20210312_111128-1536x1152.jpg 1536w, https:\/\/karitaszkozpont.hu\/wp-content\/uploads\/2021\/03\/20210312_111128-2048x1536.jpg 2048w\" sizes=\"(max-width: 1024px) 100vw, 1024px\" \/><\/figure>\n\n\n\n<p>Fontos, hogy a r\u00e1szorul\u00f3k megtal\u00e1lj\u00e1k a kiutat neh\u00e9z \u00e9lethelyzet\u00fckb\u0151l. K\u00f6r\u00fclm\u00e9nyeik tart\u00f3s javul\u00e1sa, akkor k\u00f6vetkezhet be, ha ehhez saj\u00e1t maguk is tev\u00e9kenyen hozz\u00e1j\u00e1rulnak. Ezt seg\u00edti el\u0151 a Katolikus Karit\u00e1sz&nbsp; Z\u00f6ldell\u0151 Kertek elnevez\u00e9s\u0171 programja. A vet\u0151mag csomag tartalmaz: sp\u00e1rgat\u00f6k, r\u00e9pa, z\u00f6lds\u00e9g, bors\u00f3, bab , sal\u00e1ta, retek, c\u00e9kla, \u2026 stb. vet\u0151magokat, amelyek eljuthatnak a neh\u00e9z sors\u00fa csal\u00e1dokhoz a helyi Karit\u00e1sz csoportokon kereszt\u00fcl.<\/p>\n\n\n\n<p>Az \u00e9rintetteket ismer\u0151 karit\u00e1sz \u00f6nk\u00e9ntesek nem csak kiosztj\u00e1k az adom\u00e1nyt, hanem gyakorlati tan\u00e1csokkal is szolg\u00e1lnak a Katolikus Karit\u00e1sz \u00e1ltal \u00f6ssze\u00e1ll\u00edtott vet\u00e9si seg\u00e9dlet alapj\u00e1n. Egy gondoz\u00e1si lap kit\u00f6lt\u00e9se biztos\u00edtja a rendszeres t\u00e1mogat\u00f3 ellen\u0151rz\u00e9st, hogy a gyoml\u00e1l\u00e1st\u00f3l az \u00f6nt\u00f6z\u00e9sen \u00e1t a term\u00e9s betakar\u00edt\u00e1s\u00e1ig minden rendben legyen.<\/p>\n\n\n\n<figure class=\"wp-block-image size-large\"><img decoding=\"async\" loading=\"lazy\" width=\"1024\" height=\"768\" src=\"http:\/\/karitaszkp.hu\/wp-content\/uploads\/2021\/03\/20210317_093325-1024x768.jpg\" alt=\"\" class=\"wp-image-1163\" srcset=\"https:\/\/karitaszkozpont.hu\/wp-content\/uploads\/2021\/03\/20210317_093325-1024x768.jpg 1024w, https:\/\/karitaszkozpont.hu\/wp-content\/uploads\/2021\/03\/20210317_093325-300x225.jpg 300w, https:\/\/karitaszkozpont.hu\/wp-content\/uploads\/2021\/03\/20210317_093325-768x576.jpg 768w, https:\/\/karitaszkozpont.hu\/wp-content\/uploads\/2021\/03\/20210317_093325-1536x1152.jpg 1536w, https:\/\/karitaszkozpont.hu\/wp-content\/uploads\/2021\/03\/20210317_093325-2048x1536.jpg 2048w\" sizes=\"(max-width: 1024px) 100vw, 1024px\" \/><\/figure>\n\n\n\n<p>A gazd\u00e1lkod\u00e1s sikere az \u00e9lelmiszerhez val\u00f3 hozz\u00e1jut\u00e1s biztos\u00edt\u00e1sa mellett, az \u00f6nbizalom n\u00f6veked\u00e9s\u00e9nek \u00e9s a t\u00e1rsadalomba val\u00f3 jobb beilleszked\u00e9snek is forr\u00e1sa lehet.<\/p>\n\n\n\n<p>A Szentendre- Pom\u00e1zi \u00e9s az Esztergom- Baj\u00f3ti R\u00e9gi\u00f3 mellett m\u00e1r t\u00f6bb budapesti ker\u00fclet is r\u00e9szes\u00fclt a fenti adom\u00e1nyban, aminek hasznos\u00edt\u00e1s\u00e1t rem\u00e9lhet\u0151leg az \u00c9giek is t\u00e1mogatj\u00e1k majd.<\/p>\n\n\n\n<figure class=\"wp-block-image size-large\"><img decoding=\"async\" loading=\"lazy\" width=\"1024\" height=\"768\" src=\"http:\/\/karitaszkp.hu\/wp-content\/uploads\/2021\/03\/20210312_110909-1024x768.jpg\" alt=\"\" class=\"wp-image-1165\" srcset=\"https:\/\/karitaszkozpont.hu\/wp-content\/uploads\/2021\/03\/20210312_110909-1024x768.jpg 1024w, https:\/\/karitaszkozpont.hu\/wp-content\/uploads\/2021\/03\/20210312_110909-300x225.jpg 300w, https:\/\/karitaszkozpont.hu\/wp-content\/uploads\/2021\/03\/20210312_110909-768x576.jpg 768w, https:\/\/karitaszkozpont.hu\/wp-content\/uploads\/2021\/03\/20210312_110909-1536x1152.jpg 1536w, https:\/\/karitaszkozpont.hu\/wp-content\/uploads\/2021\/03\/20210312_110909-2048x1536.jpg 2048w\" sizes=\"(max-width: 1024px) 100vw, 1024px\" \/><\/figure>\n","protected":false},"excerpt":{"rendered":"<p>Z\u00f6ldell\u0151 Kertek \u2013 Az \u00f6ngondoskod\u00e1s iskol\u00e1ja A Szent Erzs\u00e9bet Karit\u00e1sz K\u00f6zpont bekapcsol\u00f3dott a Katolikus Karit\u00e1sz \u00e1ltal szervezet \u00d6ngondoskod\u00f3 H\u00e1ztart\u00e1sok &nbsp;&#8211; Z\u00f6ldell\u0151 kertek programba. 120 csal\u00e1d r\u00e9sz\u00e9re k\u00f6zponti t\u00e1mogat\u00e1sb\u00f3l kap vet\u0151mag csomagot \u00e9s 100 csal\u00e1d r\u00e9sz\u00e9re az Esztergom \u2013 Budapesti F\u0151egyh\u00e1zmegye Szent Erzs\u00e9bet Karit\u00e1sz K\u00f6zpontja biztos\u00edt 23 f\u00e9le vet\u0151magcsomagot. Fontos, hogy a r\u00e1szorul\u00f3k megtal\u00e1lj\u00e1k a kiutat &hellip; <\/p>\n<p class=\"link-more\"><a href=\"https:\/\/karitaszkozpont.hu\/?p=1162\" class=\"more-link\">Continue reading<span class=\"screen-reader-text\"> &#8222;Z\u00f6ldell\u0151 kertek &#8211; Az \u00f6ngondoskod\u00e1s iskol\u00e1ja&#8221;<\/span><\/a><\/p>\n","protected":false},"author":1,"featured_media":1167,"comment_status":"open","ping_status":"open","sticky":false,"template":"","format":"standard","meta":[],"categories":[4],"tags":[],"yoast_head":"<!-- This site is optimized with the Yoast SEO plugin v20.1 - https:\/\/yoast.com\/wordpress\/plugins\/seo\/ -->\n<title>Z\u00f6ldell\u0151 kertek - Az \u00f6ngondoskod\u00e1s iskol\u00e1ja - Szent Erzs\u00e9bet Karit\u00e1sz K\u00f6zpont<\/title>\n<meta name=\"robots\" content=\"index, follow, max-snippet:-1, max-image-preview:large, max-video-preview:-1\" \/>\n<link rel=\"canonical\" href=\"https:\/\/karitaszkozpont.hu\/?p=1162\" \/>\n<meta property=\"og:locale\" content=\"hu_HU\" \/>\n<meta property=\"og:type\" content=\"article\" \/>\n<meta property=\"og:title\" content=\"Z\u00f6ldell\u0151 kertek - Az \u00f6ngondoskod\u00e1s iskol\u00e1ja - Szent Erzs\u00e9bet Karit\u00e1sz K\u00f6zpont\" \/>\n<meta property=\"og:description\" content=\"Z\u00f6ldell\u0151 Kertek \u2013 Az \u00f6ngondoskod\u00e1s iskol\u00e1ja A Szent Erzs\u00e9bet Karit\u00e1sz K\u00f6zpont bekapcsol\u00f3dott a Katolikus Karit\u00e1sz \u00e1ltal szervezet \u00d6ngondoskod\u00f3 H\u00e1ztart\u00e1sok &nbsp;&#8211; Z\u00f6ldell\u0151 kertek programba. 120 csal\u00e1d r\u00e9sz\u00e9re k\u00f6zponti t\u00e1mogat\u00e1sb\u00f3l kap vet\u0151mag csomagot \u00e9s 100 csal\u00e1d r\u00e9sz\u00e9re az Esztergom \u2013 Budapesti F\u0151egyh\u00e1zmegye Szent Erzs\u00e9bet Karit\u00e1sz K\u00f6zpontja biztos\u00edt 23 f\u00e9le vet\u0151magcsomagot. Fontos, hogy a r\u00e1szorul\u00f3k megtal\u00e1lj\u00e1k a kiutat &hellip; Continue reading &quot;Z\u00f6ldell\u0151 kertek &#8211; Az \u00f6ngondoskod\u00e1s iskol\u00e1ja&quot;\" \/>\n<meta property=\"og:url\" content=\"https:\/\/karitaszkozpont.hu\/?p=1162\" \/>\n<meta property=\"og:site_name\" content=\"Szent Erzs\u00e9bet Karit\u00e1sz K\u00f6zpont\" \/>\n<meta property=\"article:published_time\" content=\"2021-03-22T11:28:07+00:00\" \/>\n<meta property=\"og:image\" content=\"https:\/\/karitaszkozpont.hu\/wp-content\/uploads\/2021\/03\/IMG_1238-scaled.jpg\" \/>\n\t<meta property=\"og:image:width\" content=\"2560\" \/>\n\t<meta property=\"og:image:height\" content=\"1920\" \/>\n\t<meta property=\"og:image:type\" content=\"image\/jpeg\" \/>\n<meta name=\"author\" content=\"Karit\u00e1sz K\u00f6zpont\" \/>\n<meta name=\"twitter:card\" content=\"summary_large_image\" \/>\n<meta name=\"twitter:label1\" content=\"Szerz\u0151:\" \/>\n\t<meta name=\"twitter:data1\" content=\"Karit\u00e1sz K\u00f6zpont\" \/>\n\t<meta name=\"twitter:label2\" content=\"Becs\u00fclt olvas\u00e1si id\u0151\" \/>\n\t<meta name=\"twitter:data2\" content=\"2 perc\" \/>\n<script type=\"application\/ld+json\" class=\"yoast-schema-graph\">{\"@context\":\"https:\/\/schema.org\",\"@graph\":[{\"@type\":\"Article\",\"@id\":\"https:\/\/karitaszkozpont.hu\/?p=1162#article\",\"isPartOf\":{\"@id\":\"https:\/\/karitaszkozpont.hu\/?p=1162\"},\"author\":{\"name\":\"Karit\u00e1sz K\u00f6zpont\",\"@id\":\"https:\/\/karitaszkozpont.hu\/#\/schema\/person\/0d9c28244c111914ea13bb1248775e57\"},\"headline\":\"Z\u00f6ldell\u0151 kertek &#8211; Az \u00f6ngondoskod\u00e1s iskol\u00e1ja\",\"datePublished\":\"2021-03-22T11:28:07+00:00\",\"dateModified\":\"2021-03-22T11:28:07+00:00\",\"mainEntityOfPage\":{\"@id\":\"https:\/\/karitaszkozpont.hu\/?p=1162\"},\"wordCount\":322,\"commentCount\":0,\"publisher\":{\"@id\":\"https:\/\/karitaszkozpont.hu\/#organization\"},\"articleSection\":[\"H\u00edrek\"],\"inLanguage\":\"hu\",\"potentialAction\":[{\"@type\":\"CommentAction\",\"name\":\"Comment\",\"target\":[\"https:\/\/karitaszkozpont.hu\/?p=1162#respond\"]}]},{\"@type\":\"WebPage\",\"@id\":\"https:\/\/karitaszkozpont.hu\/?p=1162\",\"url\":\"https:\/\/karitaszkozpont.hu\/?p=1162\",\"name\":\"Z\u00f6ldell\u0151 kertek - Az \u00f6ngondoskod\u00e1s iskol\u00e1ja - Szent Erzs\u00e9bet Karit\u00e1sz K\u00f6zpont\",\"isPartOf\":{\"@id\":\"https:\/\/karitaszkozpont.hu\/#website\"},\"datePublished\":\"2021-03-22T11:28:07+00:00\",\"dateModified\":\"2021-03-22T11:28:07+00:00\",\"breadcrumb\":{\"@id\":\"https:\/\/karitaszkozpont.hu\/?p=1162#breadcrumb\"},\"inLanguage\":\"hu\",\"potentialAction\":[{\"@type\":\"ReadAction\",\"target\":[\"https:\/\/karitaszkozpont.hu\/?p=1162\"]}]},{\"@type\":\"BreadcrumbList\",\"@id\":\"https:\/\/karitaszkozpont.hu\/?p=1162#breadcrumb\",\"itemListElement\":[{\"@type\":\"ListItem\",\"position\":1,\"name\":\"Kezd\u0151lap\",\"item\":\"https:\/\/karitaszkozpont.hu\/\"},{\"@type\":\"ListItem\",\"position\":2,\"name\":\"Z\u00f6ldell\u0151 kertek &#8211; Az \u00f6ngondoskod\u00e1s iskol\u00e1ja\"}]},{\"@type\":\"WebSite\",\"@id\":\"https:\/\/karitaszkozpont.hu\/#website\",\"url\":\"https:\/\/karitaszkozpont.hu\/\",\"name\":\"Szent Erzs\u00e9bet Karit\u00e1sz K\u00f6zpont\",\"description\":\"Esztergom-Budapesti F\u0151egyh\u00e1zmegye\",\"publisher\":{\"@id\":\"https:\/\/karitaszkozpont.hu\/#organization\"},\"potentialAction\":[{\"@type\":\"SearchAction\",\"target\":{\"@type\":\"EntryPoint\",\"urlTemplate\":\"https:\/\/karitaszkozpont.hu\/?s={search_term_string}\"},\"query-input\":\"required name=search_term_string\"}],\"inLanguage\":\"hu\"},{\"@type\":\"Organization\",\"@id\":\"https:\/\/karitaszkozpont.hu\/#organization\",\"name\":\"Szent Erzs\u00e9bet Karit\u00e1sz K\u00f6zpont\",\"url\":\"https:\/\/karitaszkozpont.hu\/\",\"logo\":{\"@type\":\"ImageObject\",\"inLanguage\":\"hu\",\"@id\":\"https:\/\/karitaszkozpont.hu\/#\/schema\/logo\/image\/\",\"url\":\"https:\/\/karitaszkp.hu\/wp-content\/uploads\/2019\/06\/cropped-logo-arnyekos-1.png\",\"contentUrl\":\"https:\/\/karitaszkp.hu\/wp-content\/uploads\/2019\/06\/cropped-logo-arnyekos-1.png\",\"width\":240,\"height\":247,\"caption\":\"Szent Erzs\u00e9bet Karit\u00e1sz K\u00f6zpont\"},\"image\":{\"@id\":\"https:\/\/karitaszkozpont.hu\/#\/schema\/logo\/image\/\"}},{\"@type\":\"Person\",\"@id\":\"https:\/\/karitaszkozpont.hu\/#\/schema\/person\/0d9c28244c111914ea13bb1248775e57\",\"name\":\"Karit\u00e1sz K\u00f6zpont\",\"image\":{\"@type\":\"ImageObject\",\"inLanguage\":\"hu\",\"@id\":\"https:\/\/karitaszkozpont.hu\/#\/schema\/person\/image\/\",\"url\":\"https:\/\/secure.gravatar.com\/avatar\/1274acd7c62f3cac92d2b38aad20c71b?s=96&d=mm&r=g\",\"contentUrl\":\"https:\/\/secure.gravatar.com\/avatar\/1274acd7c62f3cac92d2b38aad20c71b?s=96&d=mm&r=g\",\"caption\":\"Karit\u00e1sz K\u00f6zpont\"},\"url\":\"https:\/\/karitaszkozpont.hu\/?author=1\"}]}<\/script>\n<!-- \/ Yoast SEO plugin. -->","yoast_head_json":{"title":"Z\u00f6ldell\u0151 kertek - Az \u00f6ngondoskod\u00e1s iskol\u00e1ja - Szent Erzs\u00e9bet Karit\u00e1sz K\u00f6zpont","robots":{"index":"index","follow":"follow","max-snippet":"max-snippet:-1","max-image-preview":"max-image-preview:large","max-video-preview":"max-video-preview:-1"},"canonical":"https:\/\/karitaszkozpont.hu\/?p=1162","og_locale":"hu_HU","og_type":"article","og_title":"Z\u00f6ldell\u0151 kertek - Az \u00f6ngondoskod\u00e1s iskol\u00e1ja - Szent Erzs\u00e9bet Karit\u00e1sz K\u00f6zpont","og_description":"Z\u00f6ldell\u0151 Kertek \u2013 Az \u00f6ngondoskod\u00e1s iskol\u00e1ja A Szent Erzs\u00e9bet Karit\u00e1sz K\u00f6zpont bekapcsol\u00f3dott a Katolikus Karit\u00e1sz \u00e1ltal szervezet \u00d6ngondoskod\u00f3 H\u00e1ztart\u00e1sok &nbsp;&#8211; Z\u00f6ldell\u0151 kertek programba. 120 csal\u00e1d r\u00e9sz\u00e9re k\u00f6zponti t\u00e1mogat\u00e1sb\u00f3l kap vet\u0151mag csomagot \u00e9s 100 csal\u00e1d r\u00e9sz\u00e9re az Esztergom \u2013 Budapesti F\u0151egyh\u00e1zmegye Szent Erzs\u00e9bet Karit\u00e1sz K\u00f6zpontja biztos\u00edt 23 f\u00e9le vet\u0151magcsomagot. Fontos, hogy a r\u00e1szorul\u00f3k megtal\u00e1lj\u00e1k a kiutat &hellip; Continue reading \"Z\u00f6ldell\u0151 kertek &#8211; Az \u00f6ngondoskod\u00e1s iskol\u00e1ja\"","og_url":"https:\/\/karitaszkozpont.hu\/?p=1162","og_site_name":"Szent Erzs\u00e9bet Karit\u00e1sz K\u00f6zpont","article_published_time":"2021-03-22T11:28:07+00:00","og_image":[{"width":2560,"height":1920,"url":"https:\/\/karitaszkozpont.hu\/wp-content\/uploads\/2021\/03\/IMG_1238-scaled.jpg","type":"image\/jpeg"}],"author":"Karit\u00e1sz K\u00f6zpont","twitter_card":"summary_large_image","twitter_misc":{"Szerz\u0151:":"Karit\u00e1sz K\u00f6zpont","Becs\u00fclt olvas\u00e1si id\u0151":"2 perc"},"schema":{"@context":"https:\/\/schema.org","@graph":[{"@type":"Article","@id":"https:\/\/karitaszkozpont.hu\/?p=1162#article","isPartOf":{"@id":"https:\/\/karitaszkozpont.hu\/?p=1162"},"author":{"name":"Karit\u00e1sz K\u00f6zpont","@id":"https:\/\/karitaszkozpont.hu\/#\/schema\/person\/0d9c28244c111914ea13bb1248775e57"},"headline":"Z\u00f6ldell\u0151 kertek &#8211; Az \u00f6ngondoskod\u00e1s iskol\u00e1ja","datePublished":"2021-03-22T11:28:07+00:00","dateModified":"2021-03-22T11:28:07+00:00","mainEntityOfPage":{"@id":"https:\/\/karitaszkozpont.hu\/?p=1162"},"wordCount":322,"commentCount":0,"publisher":{"@id":"https:\/\/karitaszkozpont.hu\/#organization"},"articleSection":["H\u00edrek"],"inLanguage":"hu","potentialAction":[{"@type":"CommentAction","name":"Comment","target":["https:\/\/karitaszkozpont.hu\/?p=1162#respond"]}]},{"@type":"WebPage","@id":"https:\/\/karitaszkozpont.hu\/?p=1162","url":"https:\/\/karitaszkozpont.hu\/?p=1162","name":"Z\u00f6ldell\u0151 kertek - Az \u00f6ngondoskod\u00e1s iskol\u00e1ja - Szent Erzs\u00e9bet Karit\u00e1sz K\u00f6zpont","isPartOf":{"@id":"https:\/\/karitaszkozpont.hu\/#website"},"datePublished":"2021-03-22T11:28:07+00:00","dateModified":"2021-03-22T11:28:07+00:00","breadcrumb":{"@id":"https:\/\/karitaszkozpont.hu\/?p=1162#breadcrumb"},"inLanguage":"hu","potentialAction":[{"@type":"ReadAction","target":["https:\/\/karitaszkozpont.hu\/?p=1162"]}]},{"@type":"BreadcrumbList","@id":"https:\/\/karitaszkozpont.hu\/?p=1162#breadcrumb","itemListElement":[{"@type":"ListItem","position":1,"name":"Kezd\u0151lap","item":"https:\/\/karitaszkozpont.hu\/"},{"@type":"ListItem","position":2,"name":"Z\u00f6ldell\u0151 kertek &#8211; Az \u00f6ngondoskod\u00e1s iskol\u00e1ja"}]},{"@type":"WebSite","@id":"https:\/\/karitaszkozpont.hu\/#website","url":"https:\/\/karitaszkozpont.hu\/","name":"Szent Erzs\u00e9bet Karit\u00e1sz K\u00f6zpont","description":"Esztergom-Budapesti F\u0151egyh\u00e1zmegye","publisher":{"@id":"https:\/\/karitaszkozpont.hu\/#organization"},"potentialAction":[{"@type":"SearchAction","target":{"@type":"EntryPoint","urlTemplate":"https:\/\/karitaszkozpont.hu\/?s={search_term_string}"},"query-input":"required name=search_term_string"}],"inLanguage":"hu"},{"@type":"Organization","@id":"https:\/\/karitaszkozpont.hu\/#organization","name":"Szent Erzs\u00e9bet Karit\u00e1sz K\u00f6zpont","url":"https:\/\/karitaszkozpont.hu\/","logo":{"@type":"ImageObject","inLanguage":"hu","@id":"https:\/\/karitaszkozpont.hu\/#\/schema\/logo\/image\/","url":"https:\/\/karitaszkp.hu\/wp-content\/uploads\/2019\/06\/cropped-logo-arnyekos-1.png","contentUrl":"https:\/\/karitaszkp.hu\/wp-content\/uploads\/2019\/06\/cropped-logo-arnyekos-1.png","width":240,"height":247,"caption":"Szent Erzs\u00e9bet Karit\u00e1sz K\u00f6zpont"},"image":{"@id":"https:\/\/karitaszkozpont.hu\/#\/schema\/logo\/image\/"}},{"@type":"Person","@id":"https:\/\/karitaszkozpont.hu\/#\/schema\/person\/0d9c28244c111914ea13bb1248775e57","name":"Karit\u00e1sz K\u00f6zpont","image":{"@type":"ImageObject","inLanguage":"hu","@id":"https:\/\/karitaszkozpont.hu\/#\/schema\/person\/image\/","url":"https:\/\/secure.gravatar.com\/avatar\/1274acd7c62f3cac92d2b38aad20c71b?s=96&d=mm&r=g","contentUrl":"https:\/\/secure.gravatar.com\/avatar\/1274acd7c62f3cac92d2b38aad20c71b?s=96&d=mm&r=g","caption":"Karit\u00e1sz K\u00f6zpont"},"url":"https:\/\/karitaszkozpont.hu\/?author=1"}]}},"_links":{"self":[{"href":"https:\/\/karitaszkozpont.hu\/index.php?rest_route=\/wp\/v2\/posts\/1162"}],"collection":[{"href":"https:\/\/karitaszkozpont.hu\/index.php?rest_route=\/wp\/v2\/posts"}],"about":[{"href":"https:\/\/karitaszkozpont.hu\/index.php?rest_route=\/wp\/v2\/types\/post"}],"author":[{"embeddable":true,"href":"https:\/\/karitaszkozpont.hu\/index.php?rest_route=\/wp\/v2\/users\/1"}],"replies":[{"embeddable":true,"href":"https:\/\/karitaszkozpont.hu\/index.php?rest_route=%2Fwp%2Fv2%2Fcomments&post=1162"}],"version-history":[{"count":1,"href":"https:\/\/karitaszkozpont.hu\/index.php?rest_route=\/wp\/v2\/posts\/1162\/revisions"}],"predecessor-version":[{"id":1168,"href":"https:\/\/karitaszkozpont.hu\/index.php?rest_route=\/wp\/v2\/posts\/1162\/revisions\/1168"}],"wp:featuredmedia":[{"embeddable":true,"href":"https:\/\/karitaszkozpont.hu\/index.php?rest_route=\/wp\/v2\/media\/1167"}],"wp:attachment":[{"href":"https:\/\/karitaszkozpont.hu\/index.php?rest_route=%2Fwp%2Fv2%2Fmedia&parent=1162"}],"wp:term":[{"taxonomy":"category","embeddable":true,"href":"https:\/\/karitaszkozpont.hu\/index.php?rest_route=%2Fwp%2Fv2%2Fcategories&post=1162"},{"taxonomy":"post_tag","embeddable":true,"href":"https:\/\/karitaszkozpont.hu\/index.php?rest_route=%2Fwp%2Fv2%2Ftags&post=1162"}],"curies":[{"name":"wp","href":"https:\/\/api.w.org\/{rel}","templated":true}]}}